{"id":19702,"date":"2018-10-18T09:39:52","date_gmt":"2018-10-18T06:39:52","guid":{"rendered":"http:\/\/arantv.az\/?p=19702"},"modified":"2018-10-18T09:39:52","modified_gmt":"2018-10-18T06:39:52","slug":"dunya-iqtisadi-forumunun-hesabatinda-az%c9%99rbaycanin-yuks%c9%99lm%c9%99si-prezident-ilham-%c9%99liyevin-ugurlu-siyas%c9%99tinin-n%c9%99tic%c9%99sidir","status":"publish","type":"post","link":"https:\/\/arantv.az\/?p=19702","title":{"rendered":"&#8220;D\u00fcnya \u0130qtisadi Forumunun hesabat\u0131nda Az\u0259rbaycan\u0131n y\u00fcks\u0259lm\u0259si Prezident \u0130lham \u018fliyevin u\u011furlu siyas\u0259tinin n\u0259tic\u0259sidir&#8221;"},"content":{"rendered":"<blockquote><p><em><strong>D\u00fcnya \u0130qtisadi Forumunun &#8220;2018-2019 Qlobal R\u0259qab\u0259tlilik Hesabat\u0131&#8221;nda Az\u0259rbaycan\u0131n ir\u0259liy\u0259 \u00e7\u0131xmas\u0131 Az\u0259rbaycan Prezidenti \u0130lham \u018fliyevin r\u0259hb\u0259rliyi il\u0259 apar\u0131lan u\u011furlu siyas\u0259tin n\u0259tic\u0259sidir.<\/strong><\/em><\/p><\/blockquote>\n<p><strong>ARANTV.AZ<\/strong> x\u0259b\u0259r verir ki, bunu trend-\u0259 Milli M\u0259clisin deputat\u0131 Ayd\u0131n Mirz\u0259zad\u0259 deyib.<\/p>\n<p>Deputat bildirib ki, hesabatda Az\u0259rbaycan\u0131n bir il \u0259rzind\u0259 35-ci yerd\u0259n 31-ci yer\u0259 y\u00fcks\u0259lm\u0259si \u00f6lk\u0259mizin b\u00f6y\u00fck bir u\u011furudur. Bu hesabatda bir pill\u0259 ir\u0259lil\u0259m\u0259yin \u00f6z\u00fc b\u00f6y\u00fck bir inki\u015faf g\u00f6st\u0259ricisi say\u0131l\u0131r:<\/p>\n<p>&#8220;Az\u0259rbaycanda d\u00fc\u015f\u00fcn\u00fclm\u00fc\u015f daxili v\u0259 xarici siyas\u0259t n\u0259tic\u0259sind\u0259 \u00f6lk\u0259miz bu m\u00f6t\u0259b\u0259r siyah\u0131da art\u0131q 31-ci yer\u0259 \u00e7\u0131x\u0131b. Bu onu g\u00f6st\u0259rir ki, Az\u0259rbaycan t\u0259bii s\u0259rv\u0259tl\u0259rind\u0259n \u00e7ox s\u0259m\u0259r\u0259li istifad\u0259 edir, qeyri-neft sektorunun inki\u015faf\u0131na b\u00f6y\u00fck diqq\u0259t edir, el\u0259c\u0259 d\u0259 aqrar sektorun m\u00fcasir inki\u015faf\u0131 \u00fc\u00e7\u00fcn ciddi s\u0259yl\u0259r g\u00f6st\u0259rilir&#8221;.<\/p>\n<p>Mill\u0259t v\u0259kili vur\u011fulay\u0131b ki, bu g\u00fcn inki\u015faf\u0131n Az\u0259rbaycan modeli yaran\u0131b: &#8220;Bu, c\u0259nab Prezident \u0130lham \u018fliyevin apard\u0131\u011f\u0131 siyas\u0259tin u\u011furlu n\u0259tic\u0259sidir. Az\u0259rbaycan diqq\u0259ti c\u0259lb ed\u0259n, bu g\u00fcn \u00f6z t\u0259cr\u00fcb\u0259sini d\u00fcnyaya yayan bir \u00f6lk\u0259 s\u0259viyy\u0259sin\u0259 g\u0259lib \u00e7at\u0131b. Az\u0259rbaycan\u0131n modernl\u0259\u015fm\u0259si istiqam\u0259tind\u0259 b\u00f6y\u00fck i\u015fl\u0259r apar\u0131l\u0131r&#8221;.<\/p>\n<p>A.Mirz\u0259zad\u0259 qeyd edib ki, iqtisadi sah\u0259d\u0259ki bu u\u011fur t\u0259kc\u0259 iqtisadi siyas\u0259tin deyil, \u00fcmumilikd\u0259 d\u00f6vl\u0259t\u00e7ilik siyas\u0259tinin bariz n\u00fcmun\u0259sidir:<\/p>\n<p>&#8220;Torpaqlar\u0131m\u0131z\u0131n bir hiss\u0259si Erm\u0259nistan t\u0259r\u0259find\u0259n i\u015f\u011fal edilib, orduya v\u0259 m\u0259cburi k\u00f6\u00e7k\u00fcnl\u0259rin sosial probleml\u0259rinin h\u0259ll edilm\u0259sin\u0259 b\u00f6y\u00fck v\u0259sait ay\u0131r\u0131q. Bununla bel\u0259, bu n\u0259tic\u0259 g\u00f6st\u0259rir ki, d\u00f6vl\u0259t \u00f6z strateji x\u0259ttini d\u00fczg\u00fcn qurduqda, \u00f6z potensial\u0131n\u0131 d\u00fczg\u00fcn s\u0259rf etdikd\u0259, \u0259n \u0259sas\u0131 is\u0259 daxili v\u0259 xarici siyas\u0259ti m\u00fcst\u0259qil apard\u0131qda bel\u0259 b\u00f6y\u00fck u\u011furlar qazana bilir. Bu, Az\u0259rbaycan\u0131n v\u0259 \u015f\u0259xs\u0259n c\u0259nab Prezidentimizin u\u011furudur&#8221;.<\/p>\n","protected":false},"excerpt":{"rendered":"<p>D\u00fcnya \u0130qtisadi Forumunun &#8220;2018-2019 Qlobal R\u0259qab\u0259tlilik Hesabat\u0131&#8221;nda Az\u0259rbaycan\u0131n ir\u0259liy\u0259 \u00e7\u0131xmas\u0131 Az\u0259rbaycan Prezidenti \u0130lham \u018fliyevin r\u0259hb\u0259rliyi il\u0259 apar\u0131lan u\u011furlu siyas\u0259tin n\u0259tic\u0259sidir. ARANTV.AZ x\u0259b\u0259r verir ki, bunu trend-\u0259 Milli M\u0259clisin deputat\u0131 Ayd\u0131n Mirz\u0259zad\u0259 deyib. Deputat bildirib ki, hesabatda Az\u0259rbaycan\u0131n bir il \u0259rzind\u0259 35-ci yerd\u0259n 31-ci yer\u0259 y\u00fcks\u0259lm\u0259si \u00f6lk\u0259mizin b\u00f6y\u00fck bir u\u011furudur. Bu hesabatda bir pill\u0259 ir\u0259lil\u0259m\u0259yin \u00f6z\u00fc b\u00f6y\u00fck bir inki\u015faf g\u00f6st\u0259ricisi say\u0131l\u0131r: &#8220;Az\u0259rbaycanda d\u00fc\u015f\u00fcn\u00fclm\u00fc\u015f daxili v\u0259 xarici siyas\u0259t n\u0259tic\u0259sind\u0259 \u00f6lk\u0259miz bu m\u00f6t\u0259b\u0259r siyah\u0131da art\u0131q 31-ci yer\u0259 \u00e7\u0131x\u0131b. Bu onu g\u00f6st\u0259rir ki, Az\u0259rbaycan t\u0259bii s\u0259rv\u0259tl\u0259rind\u0259n \u00e7ox s\u0259m\u0259r\u0259li istifad\u0259 edir, qeyri-neft sektorunun inki\u015faf\u0131na b\u00f6y\u00fck&hellip;<\/p>\n","protected":false},"author":2,"featured_media":19703,"comment_status":"closed","ping_status":"closed","sticky":false,"template":"","format":"standard","meta":{"om_disable_all_campaigns":false,"_monsterinsights_skip_tracking":false,"_monsterinsights_sitenote_active":false,"_monsterinsights_sitenote_note":"","_monsterinsights_sitenote_category":0},"categories":[4],"tags":[],"aioseo_notices":[],"gutentor_comment":0,"rttpg_featured_image_url":{"full":["https:\/\/arantv.az\/wp-content\/uploads\/2018\/10\/695683.jpg",800,600,false],"landscape":["https:\/\/arantv.az\/wp-content\/uploads\/2018\/10\/695683.jpg",800,600,false],"portraits":["https:\/\/arantv.az\/wp-content\/uploads\/2018\/10\/695683.jpg",800,600,false],"thumbnail":["https:\/\/arantv.az\/wp-content\/uploads\/2018\/10\/695683-150x150.jpg",150,150,true],"medium":["https:\/\/arantv.az\/wp-content\/uploads\/2018\/10\/695683-300x225.jpg",300,225,true],"large":["https:\/\/arantv.az\/wp-content\/uploads\/2018\/10\/695683.jpg",640,480,false],"1536x1536":["https:\/\/arantv.az\/wp-content\/uploads\/2018\/10\/695683.jpg",800,600,false],"2048x2048":["https:\/\/arantv.az\/wp-content\/uploads\/2018\/10\/695683.jpg",800,600,false],"post-thumbnail":["https:\/\/arantv.az\/wp-content\/uploads\/2018\/10\/695683-240x172.jpg",240,172,true],"advps-thumb-one":["https:\/\/arantv.az\/wp-content\/uploads\/2018\/10\/695683.jpg",800,600,false]},"rttpg_author":{"display_name":"V\u00fcsal Rafiqo\u011flu","author_link":"https:\/\/arantv.az\/?author=2"},"rttpg_comment":0,"rttpg_category":"<a href=\"https:\/\/arantv.az\/?cat=4\" rel=\"category\">Siyas\u0259t<\/a>","rttpg_excerpt":"D\u00fcnya \u0130qtisadi Forumunun &#8220;2018-2019 Qlobal R\u0259qab\u0259tlilik Hesabat\u0131&#8221;nda Az\u0259rbaycan\u0131n ir\u0259liy\u0259 \u00e7\u0131xmas\u0131 Az\u0259rbaycan Prezidenti \u0130lham \u018fliyevin r\u0259hb\u0259rliyi il\u0259 apar\u0131lan u\u011furlu siyas\u0259tin n\u0259tic\u0259sidir. ARANTV.AZ x\u0259b\u0259r verir ki, bunu trend-\u0259 Milli M\u0259clisin deputat\u0131 Ayd\u0131n Mirz\u0259zad\u0259 deyib. Deputat bildirib ki, hesabatda Az\u0259rbaycan\u0131n bir il \u0259rzind\u0259 35-ci yerd\u0259n 31-ci yer\u0259 y\u00fcks\u0259lm\u0259si \u00f6lk\u0259mizin b\u00f6y\u00fck bir u\u011furudur. Bu hesabatda bir pill\u0259 ir\u0259lil\u0259m\u0259yin \u00f6z\u00fc&hellip;","_links":{"self":[{"href":"https:\/\/arantv.az\/index.php?rest_route=\/wp\/v2\/posts\/19702"}],"collection":[{"href":"https:\/\/arantv.az\/index.php?rest_route=\/wp\/v2\/posts"}],"about":[{"href":"https:\/\/arantv.az\/index.php?rest_route=\/wp\/v2\/types\/post"}],"author":[{"embeddable":true,"href":"https:\/\/arantv.az\/index.php?rest_route=\/wp\/v2\/users\/2"}],"replies":[{"embeddable":true,"href":"https:\/\/arantv.az\/index.php?rest_route=%2Fwp%2Fv2%2Fcomments&post=19702"}],"version-history":[{"count":0,"href":"https:\/\/arantv.az\/index.php?rest_route=\/wp\/v2\/posts\/19702\/revisions"}],"wp:featuredmedia":[{"embeddable":true,"href":"https:\/\/arantv.az\/index.php?rest_route=\/wp\/v2\/media\/19703"}],"wp:attachment":[{"href":"https:\/\/arantv.az\/index.php?rest_route=%2Fwp%2Fv2%2Fmedia&parent=19702"}],"wp:term":[{"taxonomy":"category","embeddable":true,"href":"https:\/\/arantv.az\/index.php?rest_route=%2Fwp%2Fv2%2Fcategories&post=19702"},{"taxonomy":"post_tag","embeddable":true,"href":"https:\/\/arantv.az\/index.php?rest_route=%2Fwp%2Fv2%2Ftags&post=19702"}],"curies":[{"name":"wp","href":"https:\/\/api.w.org\/{rel}","templated":true}]}}