{"id":19777,"date":"2018-10-18T13:41:50","date_gmt":"2018-10-18T10:41:50","guid":{"rendered":"http:\/\/arantv.az\/?p=19777"},"modified":"2018-10-18T13:41:50","modified_gmt":"2018-10-18T10:41:50","slug":"deputat-dunya-iqtisadi-forumunun-az%c9%99rbaycana-yuks%c9%99k-qiym%c9%99t-verm%c9%99si-xarici-investorlarin-olk%c9%99miz%c9%99-maragini-artiracaq","status":"publish","type":"post","link":"https:\/\/arantv.az\/?p=19777","title":{"rendered":"Deputat: &#8220;D\u00fcnya \u0130qtisadi Forumunun Az\u0259rbaycana y\u00fcks\u0259k qiym\u0259t verm\u0259si xarici investorlar\u0131n \u00f6lk\u0259miz\u0259 mara\u011f\u0131n\u0131 art\u0131racaq&#8221;"},"content":{"rendered":"<p>&#8220;Az\u0259rbaycan\u0131n D\u00fcnya \u0130qtisadi Forumunun Qlobal R\u0259qab\u0259tlilik Hesabat\u0131nda y\u00fcks\u0259k n\u0259tic\u0259l\u0259r \u0259ld\u0259 etm\u0259si Prezident \u0130lham \u018fliyevin r\u0259hb\u0259rliyi il\u0259 h\u0259yata ke\u00e7iril\u0259n u\u011furlu iqtisadi siyas\u0259tin say\u0259sind\u0259 m\u00fcmk\u00fcn olub&#8221;.<\/p>\n<p><strong>ARANTV.AZ<\/strong> x\u0259b\u0259r verir ki, bunu trend-\u0259 Milli M\u0259clisin deputat\u0131\u00a0<strong>Ayd\u0131n H\u00fcseynov<\/strong>\u00a0deyib.<\/p>\n<p>A.H\u00fcseynov bildirib ki, son ill\u0259rd\u0259 Az\u0259rbaycanda qeyri-neft sektorunun inki\u015faf\u0131 istiqam\u0259tind\u0259 h\u0259yata ke\u00e7iril\u0259n islahatlar, iqtisadiyyat\u0131n modernl\u0259\u015fdirilm\u0259si, biznes m\u00fchitinin yax\u015f\u0131la\u015fd\u0131r\u0131lmas\u0131, sahibkarlara yarad\u0131lan m\u00fcnbit \u015f\u0259rait beyn\u0259lxalq t\u0259\u015fkilatlar t\u0259r\u0259find\u0259n d\u0259 y\u00fcks\u0259k qiym\u0259tl\u0259ndirilir:<\/p>\n<p>&#8220;Bu onu dem\u0259y\u0259 \u0259sas verir ki, Az\u0259rbaycanda h\u0259yata ke\u00e7iril\u0259n iqtisadi strategiya \u00e7ox d\u00fczg\u00fcnd\u00fcr v\u0259 birba\u015fa Prezident \u0130lham \u018fliyevin r\u0259hb\u0259rliyi il\u0259 realla\u015fd\u0131r\u0131lan proqramlar \u00f6z\u00fcn\u00fc tamamil\u0259 do\u011frultdu. X\u00fcsusil\u0259 qeyri-neft sektorunun, sahibkarl\u0131\u011f\u0131n inki\u015faf\u0131 istiqam\u0259tind\u0259 m\u00fch\u00fcm add\u0131mlar at\u0131l\u0131b. Bu il \u00f6lk\u0259 iqtisadiyyat\u0131na qoyulan 9 milyard dollar investisiyan\u0131n b\u00f6y\u00fck hiss\u0259si, y\u0259ni 5,6 milyard\u0131 qeyri-neft sektoruna y\u00f6n\u0259ldilib. Sahibkarl\u0131\u011f\u0131n inki\u015faf\u0131 \u00fc\u00e7\u00fcn d\u0259 \u00f6lk\u0259mizd\u0259 laz\u0131mi \u015f\u0259rait yarad\u0131l\u0131b. Sahibkarlara laz\u0131mi d\u0259st\u0259k g\u00f6st\u0259rilir, onlar g\u00fcz\u0259\u015ftli kreditl\u0259rl\u0259 t\u0259min edilir&#8221;.<\/p>\n<p>Deputat qeyd edib ki, Az\u0259rbaycan\u0131n n\u00fcfuzlu beyn\u0259lxalq t\u0259\u015fkilatlardan bel\u0259 y\u00fcks\u0259k qiym\u0259t almas\u0131 eyni zamanda \u00f6lk\u0259miz\u0259 yeni investisiyalar\u0131n c\u0259lb edilm\u0259sin\u0259 \u015f\u0259rait yarad\u0131r:<\/p>\n<p>&#8220;T\u0259bii ki, D\u00fcnya \u0130qtisadi Forumu kimi beyn\u0259lxalq n\u00fcfuzlu t\u0259\u015fkilatlar \u00f6lk\u0259mizd\u0259 olan \u015f\u0259raiti y\u00fcks\u0259k qiym\u0259tl\u0259ndirdiyi \u00fc\u00e7\u00fcn xarici investorlar\u0131n \u00f6lk\u0259miz\u0259 maraqlar\u0131 artacaq ki, bu da \u00f6z n\u00f6vb\u0259sind\u0259 yeni investisiyalar\u0131n c\u0259lb edilm\u0259si dem\u0259kdir&#8221;.<\/p>\n","protected":false},"excerpt":{"rendered":"<p>&#8220;Az\u0259rbaycan\u0131n D\u00fcnya \u0130qtisadi Forumunun Qlobal R\u0259qab\u0259tlilik Hesabat\u0131nda y\u00fcks\u0259k n\u0259tic\u0259l\u0259r \u0259ld\u0259 etm\u0259si Prezident \u0130lham \u018fliyevin r\u0259hb\u0259rliyi il\u0259 h\u0259yata ke\u00e7iril\u0259n u\u011furlu iqtisadi siyas\u0259tin say\u0259sind\u0259 m\u00fcmk\u00fcn olub&#8221;. ARANTV.AZ x\u0259b\u0259r verir ki, bunu trend-\u0259 Milli M\u0259clisin deputat\u0131\u00a0Ayd\u0131n H\u00fcseynov\u00a0deyib. A.H\u00fcseynov bildirib ki, son ill\u0259rd\u0259 Az\u0259rbaycanda qeyri-neft sektorunun inki\u015faf\u0131 istiqam\u0259tind\u0259 h\u0259yata ke\u00e7iril\u0259n islahatlar, iqtisadiyyat\u0131n modernl\u0259\u015fdirilm\u0259si, biznes m\u00fchitinin yax\u015f\u0131la\u015fd\u0131r\u0131lmas\u0131, sahibkarlara yarad\u0131lan m\u00fcnbit \u015f\u0259rait beyn\u0259lxalq t\u0259\u015fkilatlar t\u0259r\u0259find\u0259n d\u0259 y\u00fcks\u0259k qiym\u0259tl\u0259ndirilir: &#8220;Bu onu dem\u0259y\u0259 \u0259sas verir ki, Az\u0259rbaycanda h\u0259yata ke\u00e7iril\u0259n iqtisadi strategiya \u00e7ox d\u00fczg\u00fcnd\u00fcr v\u0259 birba\u015fa Prezident \u0130lham \u018fliyevin r\u0259hb\u0259rliyi il\u0259 realla\u015fd\u0131r\u0131lan proqramlar \u00f6z\u00fcn\u00fc tamamil\u0259 do\u011frultdu. X\u00fcsusil\u0259 qeyri-neft sektorunun,&hellip;<\/p>\n","protected":false},"author":2,"featured_media":19778,"comment_status":"closed","ping_status":"closed","sticky":false,"template":"","format":"standard","meta":{"om_disable_all_campaigns":false,"_monsterinsights_skip_tracking":false,"_monsterinsights_sitenote_active":false,"_monsterinsights_sitenote_note":"","_monsterinsights_sitenote_category":0},"categories":[4],"tags":[],"aioseo_notices":[],"gutentor_comment":0,"rttpg_featured_image_url":{"full":["https:\/\/arantv.az\/wp-content\/uploads\/2018\/10\/aydin_huseynov_05.jpg",800,600,false],"landscape":["https:\/\/arantv.az\/wp-content\/uploads\/2018\/10\/aydin_huseynov_05.jpg",800,600,false],"portraits":["https:\/\/arantv.az\/wp-content\/uploads\/2018\/10\/aydin_huseynov_05.jpg",800,600,false],"thumbnail":["https:\/\/arantv.az\/wp-content\/uploads\/2018\/10\/aydin_huseynov_05-150x150.jpg",150,150,true],"medium":["https:\/\/arantv.az\/wp-content\/uploads\/2018\/10\/aydin_huseynov_05-300x225.jpg",300,225,true],"large":["https:\/\/arantv.az\/wp-content\/uploads\/2018\/10\/aydin_huseynov_05.jpg",640,480,false],"1536x1536":["https:\/\/arantv.az\/wp-content\/uploads\/2018\/10\/aydin_huseynov_05.jpg",800,600,false],"2048x2048":["https:\/\/arantv.az\/wp-content\/uploads\/2018\/10\/aydin_huseynov_05.jpg",800,600,false],"post-thumbnail":["https:\/\/arantv.az\/wp-content\/uploads\/2018\/10\/aydin_huseynov_05-240x172.jpg",240,172,true],"advps-thumb-one":["https:\/\/arantv.az\/wp-content\/uploads\/2018\/10\/aydin_huseynov_05.jpg",800,600,false]},"rttpg_author":{"display_name":"V\u00fcsal Rafiqo\u011flu","author_link":"https:\/\/arantv.az\/?author=2"},"rttpg_comment":0,"rttpg_category":"<a href=\"https:\/\/arantv.az\/?cat=4\" rel=\"category\">Siyas\u0259t<\/a>","rttpg_excerpt":"&#8220;Az\u0259rbaycan\u0131n D\u00fcnya \u0130qtisadi Forumunun Qlobal R\u0259qab\u0259tlilik Hesabat\u0131nda y\u00fcks\u0259k n\u0259tic\u0259l\u0259r \u0259ld\u0259 etm\u0259si Prezident \u0130lham \u018fliyevin r\u0259hb\u0259rliyi il\u0259 h\u0259yata ke\u00e7iril\u0259n u\u011furlu iqtisadi siyas\u0259tin say\u0259sind\u0259 m\u00fcmk\u00fcn olub&#8221;. ARANTV.AZ x\u0259b\u0259r verir ki, bunu trend-\u0259 Milli M\u0259clisin deputat\u0131\u00a0Ayd\u0131n H\u00fcseynov\u00a0deyib. A.H\u00fcseynov bildirib ki, son ill\u0259rd\u0259 Az\u0259rbaycanda qeyri-neft sektorunun inki\u015faf\u0131 istiqam\u0259tind\u0259 h\u0259yata ke\u00e7iril\u0259n islahatlar, iqtisadiyyat\u0131n modernl\u0259\u015fdirilm\u0259si, biznes m\u00fchitinin yax\u015f\u0131la\u015fd\u0131r\u0131lmas\u0131, sahibkarlara yarad\u0131lan m\u00fcnbit&hellip;","_links":{"self":[{"href":"https:\/\/arantv.az\/index.php?rest_route=\/wp\/v2\/posts\/19777"}],"collection":[{"href":"https:\/\/arantv.az\/index.php?rest_route=\/wp\/v2\/posts"}],"about":[{"href":"https:\/\/arantv.az\/index.php?rest_route=\/wp\/v2\/types\/post"}],"author":[{"embeddable":true,"href":"https:\/\/arantv.az\/index.php?rest_route=\/wp\/v2\/users\/2"}],"replies":[{"embeddable":true,"href":"https:\/\/arantv.az\/index.php?rest_route=%2Fwp%2Fv2%2Fcomments&post=19777"}],"version-history":[{"count":0,"href":"https:\/\/arantv.az\/index.php?rest_route=\/wp\/v2\/posts\/19777\/revisions"}],"wp:featuredmedia":[{"embeddable":true,"href":"https:\/\/arantv.az\/index.php?rest_route=\/wp\/v2\/media\/19778"}],"wp:attachment":[{"href":"https:\/\/arantv.az\/index.php?rest_route=%2Fwp%2Fv2%2Fmedia&parent=19777"}],"wp:term":[{"taxonomy":"category","embeddable":true,"href":"https:\/\/arantv.az\/index.php?rest_route=%2Fwp%2Fv2%2Fcategories&post=19777"},{"taxonomy":"post_tag","embeddable":true,"href":"https:\/\/arantv.az\/index.php?rest_route=%2Fwp%2Fv2%2Ftags&post=19777"}],"curies":[{"name":"wp","href":"https:\/\/api.w.org\/{rel}","templated":true}]}}