{"id":19790,"date":"2018-10-18T14:04:25","date_gmt":"2018-10-18T11:04:25","guid":{"rendered":"http:\/\/arantv.az\/?p=19790"},"modified":"2018-10-18T14:04:25","modified_gmt":"2018-10-18T11:04:25","slug":"s%c9%99f%c9%99r-mehdiyev-turkiy%c9%99-s%c9%99firi-il%c9%99-gorusdu","status":"publish","type":"post","link":"https:\/\/arantv.az\/?p=19790","title":{"rendered":"S\u0259f\u0259r Mehdiyev T\u00fcrkiy\u0259 s\u0259firi il\u0259 g\u00f6r\u00fc\u015fd\u00fc"},"content":{"rendered":"<p><strong>D\u00f6vl\u0259t G\u00f6mr\u00fck Komit\u0259sinin s\u0259dri, g\u00f6mr\u00fck xidm\u0259ti general-leytenant\u0131 S\u0259f\u0259r Mehdiyev T\u00fcrkiy\u0259 Respublikas\u0131n\u0131n Az\u0259rbaycandak\u0131 f\u00f6vq\u0259lad\u0259 v\u0259 s\u0259lahiyy\u0259tli s\u0259firi Erkan \u00d6zoral il\u0259 g\u00f6r\u00fc\u015f\u00fcb.<\/strong><\/p>\n<p><b>ARANTV.AZ\u00a0<\/b> x\u0259b\u0259r verir ki, D\u00f6vl\u0259t G\u00f6mr\u00fck Komit\u0259sinin s\u0259dri S\u0259f\u0259r Mehdiyev qarda\u015f \u00f6lk\u0259nin s\u0259firi il\u0259 g\u00f6r\u00fc\u015fd\u0259n m\u0259mnun oldu\u011funu s\u00f6yl\u0259y\u0259r\u0259k, Az\u0259rbaycan v\u0259 T\u00fcrkiy\u0259 aras\u0131ndak\u0131 strateji \u0259m\u0259kda\u015fl\u0131q m\u00fcnasib\u0259tl\u0259rinin tarixi k\u00f6kl\u0259r\u0259 dayand\u0131\u011f\u0131n\u0131 bildirib v\u0259 son ill\u0259r h\u0259r iki \u00f6lk\u0259 r\u0259hb\u0259rinin h\u0259yata ke\u00e7irdiyi u\u011furlu v\u0259 m\u0259qs\u0259dy\u00f6nl\u00fc siyas\u0259t hesab\u0131na bu \u0259laq\u0259l\u0259rin daha da m\u00f6hk\u0259ml\u0259ndiyini diqq\u0259t\u0259 \u00e7atd\u0131r\u0131b.<\/p>\n<p>S.Mehdiyev qeyd edib ki, x\u00fcsusil\u0259 son ill\u0259r regionda h\u0259yata ke\u00e7iril\u0259n n\u0259qliyyat v\u0259 logistika layih\u0259l\u0259rinin Az\u0259rbaycanla T\u00fcrkiy\u0259nin t\u0259\u015f\u0259bb\u00fcs\u00fc v\u0259 irad\u0259si il\u0259 realla\u015fmas\u0131 m\u00fcnasib\u0259tl\u0259rin y\u00fcks\u0259k s\u0259viyy\u0259d\u0259 olmas\u0131n\u0131n bariz n\u00fcmun\u0259sidir.<\/p>\n<p>DGK s\u0259dri Az\u0259rbaycan Prezidenti \u0130lham \u018fliyevin r\u0259hb\u0259rliyi il\u0259 h\u0259yata ke\u00e7iril\u0259n islahatlar \u00e7\u0259r\u00e7iv\u0259sind\u0259 g\u00f6mr\u00fck orqanlar\u0131nda daha \u00e7evik, daha modern idar\u0259\u00e7ilik metodlar\u0131n\u0131n t\u0259tbiq edildiyini, beyn\u0259lxalq ticar\u0259tin asan v\u0259 s\u00fcr\u0259tli \u015f\u0259kild\u0259 realla\u015fd\u0131r\u0131lmas\u0131, v\u0259t\u0259nda\u015flar\u0131n maksimum d\u0259r\u0259c\u0259d\u0259 m\u0259mnuniyy\u0259tinin t\u0259min olunmas\u0131 \u00fc\u00e7\u00fcn yeni layih\u0259l\u0259rin icra olundu\u011funu bildirib. Komit\u0259 s\u0259dri iki \u00f6lk\u0259nin g\u00f6mr\u00fck orqanlar\u0131 aras\u0131nda m\u00fct\u0259madi t\u0259cr\u00fcb\u0259 m\u00fcbadil\u0259sinin apar\u0131ld\u0131\u011f\u0131n\u0131 bildirib, qar\u015f\u0131l\u0131ql\u0131 m\u0259lumat m\u00fcbadil\u0259sinin daha effektiv h\u0259yata ke\u00e7irilm\u0259sinin vacibliyin\u0259 toxunub v\u0259 bu istiqam\u0259td\u0259 at\u0131lan add\u0131mlardan dan\u0131\u015f\u0131b.<\/p>\n<p>T\u00fcrkiy\u0259 Respublikas\u0131n\u0131n Az\u0259rbaycandak\u0131 f\u00f6vq\u0259lad\u0259 v\u0259 s\u0259lahiyy\u0259tli s\u0259firi Erkan \u00d6zoral iki \u00f6lk\u0259 aras\u0131ndak\u0131 m\u00fcnasib\u0259tl\u0259rd\u0259n, qar\u015f\u0131l\u0131ql\u0131 \u0259laq\u0259l\u0259rin g\u0259l\u0259c\u0259k perspektivl\u0259rind\u0259n b\u0259hs edib, g\u00f6mr\u00fck orqanlar\u0131n\u0131n da bu sah\u0259d\u0259 m\u00fch\u00fcm rol oynad\u0131\u011f\u0131n\u0131 bildirib.<\/p>\n<p>G\u00f6r\u00fc\u015fd\u0259 qar\u015f\u0131l\u0131ql\u0131 maraq do\u011furan m\u0259s\u0259l\u0259l\u0259r \u0259traf\u0131nda fikir m\u00fcbadil\u0259si apar\u0131l\u0131b.<\/p>\n<p>publika.az<\/p>\n","protected":false},"excerpt":{"rendered":"<p>D\u00f6vl\u0259t G\u00f6mr\u00fck Komit\u0259sinin s\u0259dri, g\u00f6mr\u00fck xidm\u0259ti general-leytenant\u0131 S\u0259f\u0259r Mehdiyev T\u00fcrkiy\u0259 Respublikas\u0131n\u0131n Az\u0259rbaycandak\u0131 f\u00f6vq\u0259lad\u0259 v\u0259 s\u0259lahiyy\u0259tli s\u0259firi Erkan \u00d6zoral il\u0259 g\u00f6r\u00fc\u015f\u00fcb. ARANTV.AZ\u00a0 x\u0259b\u0259r verir ki, D\u00f6vl\u0259t G\u00f6mr\u00fck Komit\u0259sinin s\u0259dri S\u0259f\u0259r Mehdiyev qarda\u015f \u00f6lk\u0259nin s\u0259firi il\u0259 g\u00f6r\u00fc\u015fd\u0259n m\u0259mnun oldu\u011funu s\u00f6yl\u0259y\u0259r\u0259k, Az\u0259rbaycan v\u0259 T\u00fcrkiy\u0259 aras\u0131ndak\u0131 strateji \u0259m\u0259kda\u015fl\u0131q m\u00fcnasib\u0259tl\u0259rinin tarixi k\u00f6kl\u0259r\u0259 dayand\u0131\u011f\u0131n\u0131 bildirib v\u0259 son ill\u0259r h\u0259r iki \u00f6lk\u0259 r\u0259hb\u0259rinin h\u0259yata ke\u00e7irdiyi u\u011furlu v\u0259 m\u0259qs\u0259dy\u00f6nl\u00fc siyas\u0259t hesab\u0131na bu \u0259laq\u0259l\u0259rin daha da m\u00f6hk\u0259ml\u0259ndiyini diqq\u0259t\u0259 \u00e7atd\u0131r\u0131b. S.Mehdiyev qeyd edib ki, x\u00fcsusil\u0259 son ill\u0259r regionda h\u0259yata ke\u00e7iril\u0259n n\u0259qliyyat v\u0259 logistika layih\u0259l\u0259rinin Az\u0259rbaycanla T\u00fcrkiy\u0259nin t\u0259\u015f\u0259bb\u00fcs\u00fc v\u0259 irad\u0259si il\u0259&hellip;<\/p>\n","protected":false},"author":2,"featured_media":19791,"comment_status":"closed","ping_status":"closed","sticky":false,"template":"","format":"standard","meta":{"om_disable_all_campaigns":false,"_monsterinsights_skip_tracking":false,"_monsterinsights_sitenote_active":false,"_monsterinsights_sitenote_note":"","_monsterinsights_sitenote_category":0},"categories":[19],"tags":[],"aioseo_notices":[],"gutentor_comment":0,"rttpg_featured_image_url":{"full":["https:\/\/arantv.az\/wp-content\/uploads\/2018\/10\/sefer_gomruk_3.jpg",800,450,false],"landscape":["https:\/\/arantv.az\/wp-content\/uploads\/2018\/10\/sefer_gomruk_3.jpg",800,450,false],"portraits":["https:\/\/arantv.az\/wp-content\/uploads\/2018\/10\/sefer_gomruk_3.jpg",800,450,false],"thumbnail":["https:\/\/arantv.az\/wp-content\/uploads\/2018\/10\/sefer_gomruk_3-150x150.jpg",150,150,true],"medium":["https:\/\/arantv.az\/wp-content\/uploads\/2018\/10\/sefer_gomruk_3-300x169.jpg",300,169,true],"large":["https:\/\/arantv.az\/wp-content\/uploads\/2018\/10\/sefer_gomruk_3.jpg",640,360,false],"1536x1536":["https:\/\/arantv.az\/wp-content\/uploads\/2018\/10\/sefer_gomruk_3.jpg",800,450,false],"2048x2048":["https:\/\/arantv.az\/wp-content\/uploads\/2018\/10\/sefer_gomruk_3.jpg",800,450,false],"post-thumbnail":["https:\/\/arantv.az\/wp-content\/uploads\/2018\/10\/sefer_gomruk_3-240x172.jpg",240,172,true],"advps-thumb-one":["https:\/\/arantv.az\/wp-content\/uploads\/2018\/10\/sefer_gomruk_3.jpg",800,450,false]},"rttpg_author":{"display_name":"V\u00fcsal Rafiqo\u011flu","author_link":"https:\/\/arantv.az\/?author=2"},"rttpg_comment":0,"rttpg_category":"<a href=\"https:\/\/arantv.az\/?cat=19\" rel=\"category\">G\u00fcnd\u0259m<\/a>","rttpg_excerpt":"D\u00f6vl\u0259t G\u00f6mr\u00fck Komit\u0259sinin s\u0259dri, g\u00f6mr\u00fck xidm\u0259ti general-leytenant\u0131 S\u0259f\u0259r Mehdiyev T\u00fcrkiy\u0259 Respublikas\u0131n\u0131n Az\u0259rbaycandak\u0131 f\u00f6vq\u0259lad\u0259 v\u0259 s\u0259lahiyy\u0259tli s\u0259firi Erkan \u00d6zoral il\u0259 g\u00f6r\u00fc\u015f\u00fcb. ARANTV.AZ\u00a0 x\u0259b\u0259r verir ki, D\u00f6vl\u0259t G\u00f6mr\u00fck Komit\u0259sinin s\u0259dri S\u0259f\u0259r Mehdiyev qarda\u015f \u00f6lk\u0259nin s\u0259firi il\u0259 g\u00f6r\u00fc\u015fd\u0259n m\u0259mnun oldu\u011funu s\u00f6yl\u0259y\u0259r\u0259k, Az\u0259rbaycan v\u0259 T\u00fcrkiy\u0259 aras\u0131ndak\u0131 strateji \u0259m\u0259kda\u015fl\u0131q m\u00fcnasib\u0259tl\u0259rinin tarixi k\u00f6kl\u0259r\u0259 dayand\u0131\u011f\u0131n\u0131 bildirib v\u0259 son ill\u0259r h\u0259r iki \u00f6lk\u0259&hellip;","_links":{"self":[{"href":"https:\/\/arantv.az\/index.php?rest_route=\/wp\/v2\/posts\/19790"}],"collection":[{"href":"https:\/\/arantv.az\/index.php?rest_route=\/wp\/v2\/posts"}],"about":[{"href":"https:\/\/arantv.az\/index.php?rest_route=\/wp\/v2\/types\/post"}],"author":[{"embeddable":true,"href":"https:\/\/arantv.az\/index.php?rest_route=\/wp\/v2\/users\/2"}],"replies":[{"embeddable":true,"href":"https:\/\/arantv.az\/index.php?rest_route=%2Fwp%2Fv2%2Fcomments&post=19790"}],"version-history":[{"count":0,"href":"https:\/\/arantv.az\/index.php?rest_route=\/wp\/v2\/posts\/19790\/revisions"}],"wp:featuredmedia":[{"embeddable":true,"href":"https:\/\/arantv.az\/index.php?rest_route=\/wp\/v2\/media\/19791"}],"wp:attachment":[{"href":"https:\/\/arantv.az\/index.php?rest_route=%2Fwp%2Fv2%2Fmedia&parent=19790"}],"wp:term":[{"taxonomy":"category","embeddable":true,"href":"https:\/\/arantv.az\/index.php?rest_route=%2Fwp%2Fv2%2Fcategories&post=19790"},{"taxonomy":"post_tag","embeddable":true,"href":"https:\/\/arantv.az\/index.php?rest_route=%2Fwp%2Fv2%2Ftags&post=19790"}],"curies":[{"name":"wp","href":"https:\/\/api.w.org\/{rel}","templated":true}]}}