{"id":19793,"date":"2018-10-18T14:06:07","date_gmt":"2018-10-18T11:06:07","guid":{"rendered":"http:\/\/arantv.az\/?p=19793"},"modified":"2018-10-18T14:06:07","modified_gmt":"2018-10-18T11:06:07","slug":"r%c9%99is-masini-asirdi-ozu-oldu-ickili-imis-v%c9%99-sok-t%c9%99f%c9%99rruat","status":"publish","type":"post","link":"https:\/\/arantv.az\/?p=19793","title":{"rendered":"R\u0259is ma\u015f\u0131n\u0131 a\u015f\u0131rd\u0131, \u00d6Z\u00dc \u00d6LD\u00dc: i\u00e7kili imi\u015f v\u0259&#8230; &#8211; \u015eOK T\u018fF\u018fRR\u00dcAT"},"content":{"rendered":"<p><strong>D\u00fcn\u0259n C\u0259lilabad rayonunda ba\u015f vermi\u015f a\u011f\u0131r yol q\u0259zas\u0131 il\u0259 ba\u011fl\u0131 b\u0259zi m\u0259qamlar \u00fcz\u0259 \u00e7\u0131x\u0131b.<\/strong><\/p>\n<p><b>ARANTV.AZ\u00a0<\/b>x\u0259b\u0259r verir ki, rayonun Qaraz\u0259ncir k\u0259ndind\u0259 idar\u0259 etdiyi \u201cVAZ 2121-Niva\u201d markal\u0131 atomobilin q\u0259zaya d\u00fc\u015fm\u0259si n\u0259tic\u0259sind\u0259 v\u0259fat ed\u0259n 1958-ci il t\u0259v\u0259ll\u00fcdl\u00fc Qubadov F\u00fczuli Saran o\u011flu K\u0259nd T\u0259s\u0259rr\u00fcfat\u0131 Nazirliyi yan\u0131nda D\u00f6vl\u0259t Fitosanitar N\u0259zar\u0259ti Xidm\u0259tinin C\u0259lilabad \u015f\u00f6b\u0259sinin r\u0259isi olub. Yax\u0131nlar\u0131n\u0131n bildirdiyin\u0259 g\u00f6r\u0259, F.Qubadovun ma\u015f\u0131n s\u00fcrm\u0259k t\u0259cr\u00fcb\u0259si \u00e7ox olmay\u0131b. Bel\u0259 ki, d\u00fcn\u0259n onun s\u00fcr\u00fcc\u00fcs\u00fcn\u00fcn ba\u015fqa i\u015fi oldu\u011fundan \u015f\u00f6b\u0259 r\u0259isi \u00f6z\u00fc ma\u015f\u0131n\u0131 s\u00fcr\u0259r\u0259k ev\u0259 qay\u0131tmaq ist\u0259yib. O, k\u0259ndin i\u00e7ind\u0259, o q\u0259d\u0259r d\u0259 s\u0259rt olmayan d\u00f6ng\u0259d\u0259 ma\u015f\u0131n\u0131 a\u015f\u0131r\u0131b v\u0259 hadis\u0259 yerind\u0259c\u0259 ke\u00e7inib.<\/p>\n<p>M\u0259lumata g\u00f6r\u0259, F.Qubadov bir m\u00fcdd\u0259t \u0259vv\u0259l \u00fcr\u0259k \u0259m\u0259liyyat\u0131 ke\u00e7irib v\u0259 onun \u00fcr\u0259k damarlar\u0131na stend qoyulub. Bu yax\u0131nlarda o, a\u00e7\u0131q \u00fcr\u0259k \u0259m\u0259liyyat\u0131 ke\u00e7irm\u0259yi planla\u015fd\u0131r\u0131rm\u0131\u015f. Yax\u0131nlar\u0131 hadis\u0259 vaxt\u0131 F.Qubadovun \u00fcr\u0259yind\u0259 problem yaranmas\u0131n\u0131 v\u0259 s\u00fckan arxas\u0131nda v\u0259fat etm\u0259sini d\u0259 istinad etm\u0259yibl\u0259r.<\/p>\n<p>O da m\u0259lum olub ki, hadis\u0259 vaxt\u0131 F.Qubadov spirtli i\u00e7kinin t\u0259siri alt\u0131nda olub. Faktla ba\u011fl\u0131 ra\u015fd\u0131rmalar davam etdirilir.<\/p>\n<p>*****<\/p>\n<p>12:06<\/p>\n<p><strong>C\u0259lilabad rayonunda \u00f6l\u00fcml\u0259 n\u0259tic\u0259l\u0259n\u0259n yol-n\u0259qliyyat hadis\u0259si ba\u015f verib.<\/strong><\/p>\n<p><b>ARANTV.AZ\u00a0<\/b>Report-a istinad\u0259n x\u0259b\u0259r verir ki, hadis\u0259 rayonun Qaraz\u0259ncir k\u0259ndi \u0259razisind\u0259 qeyd\u0259 al\u0131n\u0131b.<\/p>\n<p>Bel\u0259 ki, rayonun Adnal\u0131 k\u0259nd sakini, 1960-ci il t\u0259v\u0259ll\u00fcdl\u00fc F\u00fczuli Saran o\u011flu Qubadov idar\u0259 etdiyi &#8220;Niva&#8221; markal\u0131 avtomobili a\u015f\u0131r\u0131b v\u0259 n\u0259tic\u0259d\u0259 ba\u015f nahiy\u0259sind\u0259n ald\u0131\u011f\u0131 a\u011f\u0131r x\u0259sar\u0259tl\u0259rd\u0259n \u00f6l\u00fcb.<\/p>\n<p>F.Qubadov C\u0259lilabad rayon Gigiyena v\u0259 Epidemiologiya M\u0259rk\u0259zinin m\u00fct\u0259x\u0259ssisidir. \u0130lkin m\u0259lumatlara g\u00f6r\u0259, o, avtomobili idar\u0259 ed\u0259n zaman s\u0259rxo\u015f olub.<\/p>\n<p>Faktla ba\u011fl\u0131 ara\u015fd\u0131rma apar\u0131l\u0131r.<\/p>\n","protected":false},"excerpt":{"rendered":"<p>D\u00fcn\u0259n C\u0259lilabad rayonunda ba\u015f vermi\u015f a\u011f\u0131r yol q\u0259zas\u0131 il\u0259 ba\u011fl\u0131 b\u0259zi m\u0259qamlar \u00fcz\u0259 \u00e7\u0131x\u0131b. ARANTV.AZ\u00a0x\u0259b\u0259r verir ki, rayonun Qaraz\u0259ncir k\u0259ndind\u0259 idar\u0259 etdiyi \u201cVAZ 2121-Niva\u201d markal\u0131 atomobilin q\u0259zaya d\u00fc\u015fm\u0259si n\u0259tic\u0259sind\u0259 v\u0259fat ed\u0259n 1958-ci il t\u0259v\u0259ll\u00fcdl\u00fc Qubadov F\u00fczuli Saran o\u011flu K\u0259nd T\u0259s\u0259rr\u00fcfat\u0131 Nazirliyi yan\u0131nda D\u00f6vl\u0259t Fitosanitar N\u0259zar\u0259ti Xidm\u0259tinin C\u0259lilabad \u015f\u00f6b\u0259sinin r\u0259isi olub. Yax\u0131nlar\u0131n\u0131n bildirdiyin\u0259 g\u00f6r\u0259, F.Qubadovun ma\u015f\u0131n s\u00fcrm\u0259k t\u0259cr\u00fcb\u0259si \u00e7ox olmay\u0131b. Bel\u0259 ki, d\u00fcn\u0259n onun s\u00fcr\u00fcc\u00fcs\u00fcn\u00fcn ba\u015fqa i\u015fi oldu\u011fundan \u015f\u00f6b\u0259 r\u0259isi \u00f6z\u00fc ma\u015f\u0131n\u0131 s\u00fcr\u0259r\u0259k ev\u0259 qay\u0131tmaq ist\u0259yib. O, k\u0259ndin i\u00e7ind\u0259, o q\u0259d\u0259r d\u0259 s\u0259rt olmayan d\u00f6ng\u0259d\u0259 ma\u015f\u0131n\u0131 a\u015f\u0131r\u0131b v\u0259 hadis\u0259 yerind\u0259c\u0259 ke\u00e7inib.&hellip;<\/p>\n","protected":false},"author":2,"featured_media":19794,"comment_status":"closed","ping_status":"closed","sticky":false,"template":"","format":"standard","meta":{"om_disable_all_campaigns":false,"_monsterinsights_skip_tracking":false,"_monsterinsights_sitenote_active":false,"_monsterinsights_sitenote_note":"","_monsterinsights_sitenote_category":0},"categories":[5],"tags":[],"aioseo_notices":[],"gutentor_comment":0,"rttpg_featured_image_url":{"full":["https:\/\/arantv.az\/wp-content\/uploads\/2018\/10\/meyit.jpg",800,450,false],"landscape":["https:\/\/arantv.az\/wp-content\/uploads\/2018\/10\/meyit.jpg",800,450,false],"portraits":["https:\/\/arantv.az\/wp-content\/uploads\/2018\/10\/meyit.jpg",800,450,false],"thumbnail":["https:\/\/arantv.az\/wp-content\/uploads\/2018\/10\/meyit-150x150.jpg",150,150,true],"medium":["https:\/\/arantv.az\/wp-content\/uploads\/2018\/10\/meyit-300x169.jpg",300,169,true],"large":["https:\/\/arantv.az\/wp-content\/uploads\/2018\/10\/meyit.jpg",640,360,false],"1536x1536":["https:\/\/arantv.az\/wp-content\/uploads\/2018\/10\/meyit.jpg",800,450,false],"2048x2048":["https:\/\/arantv.az\/wp-content\/uploads\/2018\/10\/meyit.jpg",800,450,false],"post-thumbnail":["https:\/\/arantv.az\/wp-content\/uploads\/2018\/10\/meyit-240x172.jpg",240,172,true],"advps-thumb-one":["https:\/\/arantv.az\/wp-content\/uploads\/2018\/10\/meyit.jpg",800,450,false]},"rttpg_author":{"display_name":"V\u00fcsal Rafiqo\u011flu","author_link":"https:\/\/arantv.az\/?author=2"},"rttpg_comment":0,"rttpg_category":"<a href=\"https:\/\/arantv.az\/?cat=5\" rel=\"category\">Hadis\u0259<\/a>","rttpg_excerpt":"D\u00fcn\u0259n C\u0259lilabad rayonunda ba\u015f vermi\u015f a\u011f\u0131r yol q\u0259zas\u0131 il\u0259 ba\u011fl\u0131 b\u0259zi m\u0259qamlar \u00fcz\u0259 \u00e7\u0131x\u0131b. ARANTV.AZ\u00a0x\u0259b\u0259r verir ki, rayonun Qaraz\u0259ncir k\u0259ndind\u0259 idar\u0259 etdiyi \u201cVAZ 2121-Niva\u201d markal\u0131 atomobilin q\u0259zaya d\u00fc\u015fm\u0259si n\u0259tic\u0259sind\u0259 v\u0259fat ed\u0259n 1958-ci il t\u0259v\u0259ll\u00fcdl\u00fc Qubadov F\u00fczuli Saran o\u011flu K\u0259nd T\u0259s\u0259rr\u00fcfat\u0131 Nazirliyi yan\u0131nda D\u00f6vl\u0259t Fitosanitar N\u0259zar\u0259ti Xidm\u0259tinin C\u0259lilabad \u015f\u00f6b\u0259sinin r\u0259isi olub. Yax\u0131nlar\u0131n\u0131n bildirdiyin\u0259 g\u00f6r\u0259, F.Qubadovun ma\u015f\u0131n&hellip;","_links":{"self":[{"href":"https:\/\/arantv.az\/index.php?rest_route=\/wp\/v2\/posts\/19793"}],"collection":[{"href":"https:\/\/arantv.az\/index.php?rest_route=\/wp\/v2\/posts"}],"about":[{"href":"https:\/\/arantv.az\/index.php?rest_route=\/wp\/v2\/types\/post"}],"author":[{"embeddable":true,"href":"https:\/\/arantv.az\/index.php?rest_route=\/wp\/v2\/users\/2"}],"replies":[{"embeddable":true,"href":"https:\/\/arantv.az\/index.php?rest_route=%2Fwp%2Fv2%2Fcomments&post=19793"}],"version-history":[{"count":0,"href":"https:\/\/arantv.az\/index.php?rest_route=\/wp\/v2\/posts\/19793\/revisions"}],"wp:featuredmedia":[{"embeddable":true,"href":"https:\/\/arantv.az\/index.php?rest_route=\/wp\/v2\/media\/19794"}],"wp:attachment":[{"href":"https:\/\/arantv.az\/index.php?rest_route=%2Fwp%2Fv2%2Fmedia&parent=19793"}],"wp:term":[{"taxonomy":"category","embeddable":true,"href":"https:\/\/arantv.az\/index.php?rest_route=%2Fwp%2Fv2%2Fcategories&post=19793"},{"taxonomy":"post_tag","embeddable":true,"href":"https:\/\/arantv.az\/index.php?rest_route=%2Fwp%2Fv2%2Ftags&post=19793"}],"curies":[{"name":"wp","href":"https:\/\/api.w.org\/{rel}","templated":true}]}}