{"id":19809,"date":"2018-10-18T15:19:12","date_gmt":"2018-10-18T12:19:12","guid":{"rendered":"http:\/\/arantv.az\/?p=19809"},"modified":"2018-10-18T15:19:12","modified_gmt":"2018-10-18T12:19:12","slug":"novruz-m%c9%99mm%c9%99dov-iki-sob%c9%99-mudirini-isd%c9%99n-cixardi","status":"publish","type":"post","link":"https:\/\/arantv.az\/?p=19809","title":{"rendered":"Novruz M\u0259mm\u0259dov iki \u015f\u00f6b\u0259 m\u00fcdirini i\u015fd\u0259n \u00e7\u0131xard\u0131"},"content":{"rendered":"<p><strong>Ba\u015f nazir Novruz M\u0259mm\u0259dov Nazirl\u0259r Kabinetinin iki \u015f\u00f6b\u0259 m\u00fcdirini i\u015fd\u0259n azad edib.<\/strong><\/p>\n<p><strong>ARANTV.AZ<\/strong> x\u0259b\u0259r verir ki, Nizami Bayramov Nazirl\u0259r Kabinetinin \u0130\u015fl\u0259r \u0130dar\u0259sinin N\u0259qliyyat xidm\u0259ti \u015f\u00f6b\u0259sinin m\u00fcdiri v\u0259zif\u0259sind\u0259n azad olunub v\u0259 onun d\u00f6vl\u0259t qullu\u011funa xitam verilib.<\/p>\n<p>H\u0259m\u00e7inin\u00a0 G\u00fcn\u0259\u015f V\u0259liyeva Nazirl\u0259r Kabineti Aparat\u0131n\u0131n H\u00fcquq \u015f\u00f6b\u0259sinin m\u00fcdiri v\u0259zif\u0259sind\u0259n azad edil\u0259r\u0259k onun da d\u00f6vl\u0259t qullu\u011fu statusuna xitam verilib.qafqazinfo<\/p>\n","protected":false},"excerpt":{"rendered":"<p>Ba\u015f nazir Novruz M\u0259mm\u0259dov Nazirl\u0259r Kabinetinin iki \u015f\u00f6b\u0259 m\u00fcdirini i\u015fd\u0259n azad edib. ARANTV.AZ x\u0259b\u0259r verir ki, Nizami Bayramov Nazirl\u0259r Kabinetinin \u0130\u015fl\u0259r \u0130dar\u0259sinin N\u0259qliyyat xidm\u0259ti \u015f\u00f6b\u0259sinin m\u00fcdiri v\u0259zif\u0259sind\u0259n azad olunub v\u0259 onun d\u00f6vl\u0259t qullu\u011funa xitam verilib. H\u0259m\u00e7inin\u00a0 G\u00fcn\u0259\u015f V\u0259liyeva Nazirl\u0259r Kabineti Aparat\u0131n\u0131n H\u00fcquq \u015f\u00f6b\u0259sinin m\u00fcdiri v\u0259zif\u0259sind\u0259n azad edil\u0259r\u0259k onun da d\u00f6vl\u0259t qullu\u011fu statusuna xitam verilib.qafqazinfo<\/p>\n","protected":false},"author":2,"featured_media":19810,"comment_status":"closed","ping_status":"closed","sticky":false,"template":"","format":"standard","meta":{"om_disable_all_campaigns":false,"_monsterinsights_skip_tracking":false,"_monsterinsights_sitenote_active":false,"_monsterinsights_sitenote_note":"","_monsterinsights_sitenote_category":0},"categories":[4],"tags":[],"aioseo_notices":[],"gutentor_comment":0,"rttpg_featured_image_url":{"full":["https:\/\/arantv.az\/wp-content\/uploads\/2018\/10\/novruz-1.jpg",216,135,false],"landscape":["https:\/\/arantv.az\/wp-content\/uploads\/2018\/10\/novruz-1.jpg",216,135,false],"portraits":["https:\/\/arantv.az\/wp-content\/uploads\/2018\/10\/novruz-1.jpg",216,135,false],"thumbnail":["https:\/\/arantv.az\/wp-content\/uploads\/2018\/10\/novruz-1-150x135.jpg",150,135,true],"medium":["https:\/\/arantv.az\/wp-content\/uploads\/2018\/10\/novruz-1.jpg",216,135,false],"large":["https:\/\/arantv.az\/wp-content\/uploads\/2018\/10\/novruz-1.jpg",216,135,false],"1536x1536":["https:\/\/arantv.az\/wp-content\/uploads\/2018\/10\/novruz-1.jpg",216,135,false],"2048x2048":["https:\/\/arantv.az\/wp-content\/uploads\/2018\/10\/novruz-1.jpg",216,135,false],"post-thumbnail":["https:\/\/arantv.az\/wp-content\/uploads\/2018\/10\/novruz-1.jpg",216,135,false],"advps-thumb-one":["https:\/\/arantv.az\/wp-content\/uploads\/2018\/10\/novruz-1.jpg",216,135,false]},"rttpg_author":{"display_name":"V\u00fcsal Rafiqo\u011flu","author_link":"https:\/\/arantv.az\/?author=2"},"rttpg_comment":0,"rttpg_category":"<a href=\"https:\/\/arantv.az\/?cat=4\" rel=\"category\">Siyas\u0259t<\/a>","rttpg_excerpt":"Ba\u015f nazir Novruz M\u0259mm\u0259dov Nazirl\u0259r Kabinetinin iki \u015f\u00f6b\u0259 m\u00fcdirini i\u015fd\u0259n azad edib. ARANTV.AZ x\u0259b\u0259r verir ki, Nizami Bayramov Nazirl\u0259r Kabinetinin \u0130\u015fl\u0259r \u0130dar\u0259sinin N\u0259qliyyat xidm\u0259ti \u015f\u00f6b\u0259sinin m\u00fcdiri v\u0259zif\u0259sind\u0259n azad olunub v\u0259 onun d\u00f6vl\u0259t qullu\u011funa xitam verilib. H\u0259m\u00e7inin\u00a0 G\u00fcn\u0259\u015f V\u0259liyeva Nazirl\u0259r Kabineti Aparat\u0131n\u0131n H\u00fcquq \u015f\u00f6b\u0259sinin m\u00fcdiri v\u0259zif\u0259sind\u0259n azad edil\u0259r\u0259k onun da d\u00f6vl\u0259t qullu\u011fu statusuna xitam verilib.qafqazinfo","_links":{"self":[{"href":"https:\/\/arantv.az\/index.php?rest_route=\/wp\/v2\/posts\/19809"}],"collection":[{"href":"https:\/\/arantv.az\/index.php?rest_route=\/wp\/v2\/posts"}],"about":[{"href":"https:\/\/arantv.az\/index.php?rest_route=\/wp\/v2\/types\/post"}],"author":[{"embeddable":true,"href":"https:\/\/arantv.az\/index.php?rest_route=\/wp\/v2\/users\/2"}],"replies":[{"embeddable":true,"href":"https:\/\/arantv.az\/index.php?rest_route=%2Fwp%2Fv2%2Fcomments&post=19809"}],"version-history":[{"count":0,"href":"https:\/\/arantv.az\/index.php?rest_route=\/wp\/v2\/posts\/19809\/revisions"}],"wp:featuredmedia":[{"embeddable":true,"href":"https:\/\/arantv.az\/index.php?rest_route=\/wp\/v2\/media\/19810"}],"wp:attachment":[{"href":"https:\/\/arantv.az\/index.php?rest_route=%2Fwp%2Fv2%2Fmedia&parent=19809"}],"wp:term":[{"taxonomy":"category","embeddable":true,"href":"https:\/\/arantv.az\/index.php?rest_route=%2Fwp%2Fv2%2Fcategories&post=19809"},{"taxonomy":"post_tag","embeddable":true,"href":"https:\/\/arantv.az\/index.php?rest_route=%2Fwp%2Fv2%2Ftags&post=19809"}],"curies":[{"name":"wp","href":"https:\/\/api.w.org\/{rel}","templated":true}]}}