{"id":19812,"date":"2018-10-18T15:31:11","date_gmt":"2018-10-18T12:31:11","guid":{"rendered":"http:\/\/arantv.az\/?p=19812"},"modified":"2018-10-18T15:31:11","modified_gmt":"2018-10-18T12:31:11","slug":"az%c9%99rbaycan-v%c9%99-turkm%c9%99nistan-xin-l%c9%99ri-arasinda-siyasi-m%c9%99sl%c9%99h%c9%99tl%c9%99sm%c9%99l%c9%99r-kecirildi","status":"publish","type":"post","link":"https:\/\/arantv.az\/?p=19812","title":{"rendered":"Az\u0259rbaycan v\u0259 T\u00fcrkm\u0259nistan X\u0130N-l\u0259ri aras\u0131nda siyasi m\u0259sl\u0259h\u0259tl\u0259\u015fm\u0259l\u0259r ke\u00e7irildi"},"content":{"rendered":"<div class=\"spot\">Az\u0259rbaycan v\u0259 T\u00fcrkm\u0259nistan X\u0130N-l\u0259ri aras\u0131nda siyasi m\u0259sl\u0259h\u0259tl\u0259\u015fm\u0259l\u0259r ke\u00e7irilib, proqram imzalan\u0131b Bu g\u00fcn Bak\u0131da Az\u0259rbaycan v\u0259 T\u00fcrkm\u0259nistan Xarici \u0130\u015fl\u0259r nazirlikl\u0259ri aras\u0131nda siyasi m\u0259sl\u0259h\u0259tl\u0259\u015fm\u0259l\u0259r ke\u00e7irilib.<\/div>\n<p><strong>ARANTV.AZ<\/strong> x\u0259b\u0259r verir\u00a0 ki, n\u00fcmay\u0259nd\u0259 hey\u0259tl\u0259rin\u0259 Az\u0259rbaycan t\u0259r\u0259find\u0259n xarici i\u015fl\u0259r naziri Elmar M\u0259mm\u0259dyarov, T\u00fcrkm\u0259nistan t\u0259r\u0259find\u0259n is\u0259 Nazirl\u0259r Kabineti s\u0259drinin m\u00fcavini, xarici i\u015fl\u0259r naziri R\u0259\u015fid Meredov r\u0259hb\u0259rlik edibl\u0259r.<\/p>\n<p>H\u0259ms\u00f6hb\u0259tl\u0259r iki qon\u015fu \u00f6lk\u0259 aras\u0131nda \u0259n\u0259n\u0259vi \u0259m\u0259kda\u015fl\u0131\u011f\u0131n \u0259h\u0259miyy\u0259tini vur\u011fulayaraq, Az\u0259rbaycan-T\u00fcrm\u0259nistan m\u00fcnasib\u0259tl\u0259rinin inki\u015faf\u0131 prioritetl\u0259rinin d\u00f6vl\u0259t ba\u015f\u00e7\u0131lar\u0131 t\u0259r\u0259find\u0259n m\u00fc\u0259yy\u0259n edildiyini diqq\u0259t\u0259 \u00e7atd\u0131r\u0131blar.<\/p>\n<p>Bu x\u00fcsusda, R.Meredov Bak\u0131ya etdiyi s\u0259f\u0259r zaman\u0131 Az\u0259rbaycan Respublikas\u0131n\u0131n Prezidenti \u0130lham \u018fliyev t\u0259r\u0259find\u0259n q\u0259bul edildiyini minn\u0259tdarl\u0131q hissi il\u0259 vur\u011fulay\u0131b.<\/p>\n<p>M.M\u0259mm\u0259dyarov m\u0259sl\u0259h\u0259tl\u0259\u015fm\u0259l\u0259rin ke\u00e7irilm\u0259sini t\u0259qdir\u0259layiq hal kimi d\u0259y\u0259rl\u0259ndir\u0259r\u0259k, onlar\u0131n ikit\u0259r\u0259fli m\u00fcnasib\u0259tl\u0259rin geni\u015f g\u00fcnd\u0259liyi \u00fczr\u0259 m\u00fcxt\u0259lif m\u0259s\u0259l\u0259l\u0259r \u0259traf\u0131nda m\u00fcvqel\u0259rin \u0259laq\u0259l\u0259ndirilm\u0259si \u00fc\u00e7\u00fcn g\u00f6z\u0259l imkan yaratd\u0131\u011f\u0131n\u0131 qeyd edib.<\/p>\n<div id=\"AdributorNativeVideo0\" class=\"AdributorNativeVideo\"><\/div>\n<p>M\u0259sl\u0259h\u0259tl\u0259\u015fm\u0259l\u0259r \u00e7\u0259r\u00e7iv\u0259sind\u0259 t\u0259r\u0259fl\u0259r siyasi-diplomatik, o c\u00fcml\u0259d\u0259n \u0259n y\u00fcks\u0259k s\u0259viyy\u0259d\u0259 s\u0259f\u0259rl\u0259r m\u00fcbadil\u0259sinin davam etdirilm\u0259si, beyn\u0259lxalq v\u0259 regional \u0259m\u0259kda\u015fl\u0131q bar\u0259d\u0259 \u0259trafl\u0131 m\u00fczakir\u0259\u0259l\u0259r apar\u0131l\u0131b. Aktau zirv\u0259 toplant\u0131s\u0131nda imzalanm\u0131\u015f X\u0259z\u0259r d\u0259nizinin h\u00fcquqi statusu \u00fczr\u0259 konvensiyan\u0131n tarixi \u0259h\u0259miyy\u0259ti bir daha \u00f6n\u0259 \u00e7\u0259kib.<\/p>\n<p>\u0130ki \u00f6lk\u0259 aras\u0131nda ticari-iqtisadi \u0259m\u0259kda\u015fl\u0131qda m\u00fc\u015fahid\u0259 edil\u0259n m\u00fcsb\u0259t dinamika qeyd edil\u0259r\u0259k, onun keyfiyy\u0259t bax\u0131m\u0131ndan yeni, daha y\u00fcks\u0259k s\u0259viyy\u0259y\u0259 qald\u0131r\u0131lmas\u0131 m\u0259qs\u0259dil\u0259, ayr\u0131-ayr\u0131 d\u00f6vl\u0259t qurumlar\u0131 v\u0259 i\u015fg\u00fczar dair\u0259l\u0259ri t\u0259r\u0259find\u0259n yerin\u0259 yetirilm\u0259li i\u015fl\u0259rin \u0259laq\u0259l\u0259ndirilm\u0259si perspektivl\u0259ri m\u00fczakir\u0259 edilib. Logistika, s\u0259naye v\u0259 m\u0259d\u0259ni-humanitar sah\u0259l\u0259rd\u0259 m\u00fcnasib\u0259tl\u0259rin daha da inki\u015faf etdirilm\u0259si \u00fc\u00e7\u00fcn \u0259lveri\u015fli \u0259m\u0259kda\u015fl\u0131q f\u00fcrs\u0259tl\u0259rinin oldu\u011fu vur\u011fulan\u0131b.<\/p>\n<p>G\u00f6r\u00fc\u015f \u0259snas\u0131nda R.Meredov beyn\u0259lxalq t\u0259\u015fkilatlarda, ilk n\u00f6vb\u0259d\u0259 BMT sistemin\u0259 daxil olan qurumlarda T\u00fcrkm\u0259nistan\u0131n t\u0259\u015f\u0259bb\u00fcsl\u0259rinin n\u0259inki sad\u0259c\u0259 d\u0259st\u0259kl\u0259nm\u0259si, bir \u00e7ox hallarda onlara h\u0259mm\u00fc\u0259lif olaraq qo\u015fulmas\u0131na g\u00f6r\u0259 Az\u0259rbaycan t\u0259r\u0259fin\u0259 d\u0259rin t\u0259\u015f\u0259kk\u00fcr bildirib.<\/p>\n<p>Nazir E.M\u0259mm\u0259dyarov \u00f6z t\u0259r\u0259find\u0259n beyn\u0259lxalq t\u0259\u015fkilatlarda m\u00fcxt\u0259lif m\u0259s\u0259l\u0259l\u0259r \u00fczr\u0259, \u0259n ba\u015fl\u0131cas\u0131 is\u0259 Erm\u0259nistan-Az\u0259rbaycan m\u00fcnaqi\u015f\u0259si kontekstind\u0259 \u00f6lk\u0259mizin \u0259razi b\u00fct\u00f6vl\u00fcy\u00fc v\u0259 suverenliyin\u0259 g\u00f6st\u0259rdiyi d\u0259st\u0259y\u0259 g\u00f6r\u0259 T\u00fcrkm\u0259nistan t\u0259r\u0259fin\u0259 minn\u0259tdarl\u0131q ifad\u0259 edib.<\/p>\n<p>G\u00f6r\u00fc\u015fd\u0259, h\u0259m\u00e7inin beyn\u0259lxalq t\u0259\u015fkilatlar \u00e7\u0259r\u00e7iv\u0259sind\u0259 qar\u015f\u0131l\u0131ql\u0131 d\u0259st\u0259yin g\u00f6st\u0259rm\u0259si, \u00f6lk\u0259l\u0259r aras\u0131nda m\u00fcqavil\u0259-h\u00fcquq bazas\u0131n\u0131n geni\u015fl\u0259ndirilm\u0259sin\u0259 dair fikir m\u00fcbadil\u0259si apar\u0131l\u0131b, o c\u00fcml\u0259d\u0259n qar\u015f\u0131l\u0131ql\u0131 maraq k\u0259sb ed\u0259n dig\u0259r regional v\u0259 beyn\u0259lxalq m\u0259s\u0259l\u0259l\u0259r m\u00fczakir\u0259 edilib.<\/p>\n<p>M\u0259sl\u0259h\u0259tl\u0259\u015fm\u0259l\u0259rin yekunlar\u0131na dair nazirl\u0259r s\u0259viyy\u0259sind\u0259 Az\u0259rbaycan Respublikas\u0131n\u0131n X\u0130N-i v\u0259 T\u00fcrkm\u0259nistan\u0131n X\u0130N-i aras\u0131nda 2019-2020-ci ill\u0259r \u00fc\u00e7\u00fcn \u0259m\u0259kda\u015fl\u0131q proqram\u0131 imzalan\u0131b.<\/p>\n<div class=\"carousel initialized\" data-namespace=\"DIVcarousel0\"><a class=\"carousel-item active\" href=\"http:\/\/olke.az\/news\/detail\/azerbaycan-ve-turkmenistan-xin-leri-arasinda-siyasi-meslehetlesmeler-kecirildi-139417#!\"><img src=\"http:\/\/olke.az\/uploads\/1539865294\/3da732b8-093c-4045-b635-5a415ea153ec.jpg\" alt=\"\" width=\"100%\" data-desc=\"\" data-author=\"olke.az\" \/><\/a><a class=\"carousel-item\" href=\"http:\/\/olke.az\/news\/detail\/azerbaycan-ve-turkmenistan-xin-leri-arasinda-siyasi-meslehetlesmeler-kecirildi-139417#!\"><img src=\"http:\/\/olke.az\/uploads\/1539865294\/108f52da-f2ae-4cbf-9ff2-6237c5cd4866.jpg\" alt=\"\" width=\"100%\" data-desc=\"\" data-author=\"olke.az\" \/><\/a><\/div>\n<div data-namespace=\"DIVcarousel0\">\u00f6lk\u0259.az<\/div>\n","protected":false},"excerpt":{"rendered":"<p>Az\u0259rbaycan v\u0259 T\u00fcrkm\u0259nistan X\u0130N-l\u0259ri aras\u0131nda siyasi m\u0259sl\u0259h\u0259tl\u0259\u015fm\u0259l\u0259r ke\u00e7irilib, proqram imzalan\u0131b Bu g\u00fcn Bak\u0131da Az\u0259rbaycan v\u0259 T\u00fcrkm\u0259nistan Xarici \u0130\u015fl\u0259r nazirlikl\u0259ri aras\u0131nda siyasi m\u0259sl\u0259h\u0259tl\u0259\u015fm\u0259l\u0259r ke\u00e7irilib. ARANTV.AZ x\u0259b\u0259r verir\u00a0 ki, n\u00fcmay\u0259nd\u0259 hey\u0259tl\u0259rin\u0259 Az\u0259rbaycan t\u0259r\u0259find\u0259n xarici i\u015fl\u0259r naziri Elmar M\u0259mm\u0259dyarov, T\u00fcrkm\u0259nistan t\u0259r\u0259find\u0259n is\u0259 Nazirl\u0259r Kabineti s\u0259drinin m\u00fcavini, xarici i\u015fl\u0259r naziri R\u0259\u015fid Meredov r\u0259hb\u0259rlik edibl\u0259r. H\u0259ms\u00f6hb\u0259tl\u0259r iki qon\u015fu \u00f6lk\u0259 aras\u0131nda \u0259n\u0259n\u0259vi \u0259m\u0259kda\u015fl\u0131\u011f\u0131n \u0259h\u0259miyy\u0259tini vur\u011fulayaraq, Az\u0259rbaycan-T\u00fcrm\u0259nistan m\u00fcnasib\u0259tl\u0259rinin inki\u015faf\u0131 prioritetl\u0259rinin d\u00f6vl\u0259t ba\u015f\u00e7\u0131lar\u0131 t\u0259r\u0259find\u0259n m\u00fc\u0259yy\u0259n edildiyini diqq\u0259t\u0259 \u00e7atd\u0131r\u0131blar. Bu x\u00fcsusda, R.Meredov Bak\u0131ya etdiyi s\u0259f\u0259r zaman\u0131 Az\u0259rbaycan Respublikas\u0131n\u0131n Prezidenti \u0130lham \u018fliyev t\u0259r\u0259find\u0259n q\u0259bul edildiyini minn\u0259tdarl\u0131q hissi il\u0259 vur\u011fulay\u0131b. M.M\u0259mm\u0259dyarov&hellip;<\/p>\n","protected":false},"author":2,"featured_media":19813,"comment_status":"closed","ping_status":"closed","sticky":false,"template":"","format":"standard","meta":{"om_disable_all_campaigns":false,"_monsterinsights_skip_tracking":false,"_monsterinsights_sitenote_active":false,"_monsterinsights_sitenote_note":"","_monsterinsights_sitenote_category":0},"categories":[4],"tags":[],"aioseo_notices":[],"gutentor_comment":0,"rttpg_featured_image_url":{"full":["https:\/\/arantv.az\/wp-content\/uploads\/2018\/10\/xin.jpg",620,375,false],"landscape":["https:\/\/arantv.az\/wp-content\/uploads\/2018\/10\/xin.jpg",620,375,false],"portraits":["https:\/\/arantv.az\/wp-content\/uploads\/2018\/10\/xin.jpg",620,375,false],"thumbnail":["https:\/\/arantv.az\/wp-content\/uploads\/2018\/10\/xin-150x150.jpg",150,150,true],"medium":["https:\/\/arantv.az\/wp-content\/uploads\/2018\/10\/xin-300x181.jpg",300,181,true],"large":["https:\/\/arantv.az\/wp-content\/uploads\/2018\/10\/xin.jpg",620,375,false],"1536x1536":["https:\/\/arantv.az\/wp-content\/uploads\/2018\/10\/xin.jpg",620,375,false],"2048x2048":["https:\/\/arantv.az\/wp-content\/uploads\/2018\/10\/xin.jpg",620,375,false],"post-thumbnail":["https:\/\/arantv.az\/wp-content\/uploads\/2018\/10\/xin-240x172.jpg",240,172,true],"advps-thumb-one":["https:\/\/arantv.az\/wp-content\/uploads\/2018\/10\/xin.jpg",620,375,false]},"rttpg_author":{"display_name":"V\u00fcsal Rafiqo\u011flu","author_link":"https:\/\/arantv.az\/?author=2"},"rttpg_comment":0,"rttpg_category":"<a href=\"https:\/\/arantv.az\/?cat=4\" rel=\"category\">Siyas\u0259t<\/a>","rttpg_excerpt":"Az\u0259rbaycan v\u0259 T\u00fcrkm\u0259nistan X\u0130N-l\u0259ri aras\u0131nda siyasi m\u0259sl\u0259h\u0259tl\u0259\u015fm\u0259l\u0259r ke\u00e7irilib, proqram imzalan\u0131b Bu g\u00fcn Bak\u0131da Az\u0259rbaycan v\u0259 T\u00fcrkm\u0259nistan Xarici \u0130\u015fl\u0259r nazirlikl\u0259ri aras\u0131nda siyasi m\u0259sl\u0259h\u0259tl\u0259\u015fm\u0259l\u0259r ke\u00e7irilib. ARANTV.AZ x\u0259b\u0259r verir\u00a0 ki, n\u00fcmay\u0259nd\u0259 hey\u0259tl\u0259rin\u0259 Az\u0259rbaycan t\u0259r\u0259find\u0259n xarici i\u015fl\u0259r naziri Elmar M\u0259mm\u0259dyarov, T\u00fcrkm\u0259nistan t\u0259r\u0259find\u0259n is\u0259 Nazirl\u0259r Kabineti s\u0259drinin m\u00fcavini, xarici i\u015fl\u0259r naziri R\u0259\u015fid Meredov r\u0259hb\u0259rlik edibl\u0259r. H\u0259ms\u00f6hb\u0259tl\u0259r iki qon\u015fu \u00f6lk\u0259 aras\u0131nda&hellip;","_links":{"self":[{"href":"https:\/\/arantv.az\/index.php?rest_route=\/wp\/v2\/posts\/19812"}],"collection":[{"href":"https:\/\/arantv.az\/index.php?rest_route=\/wp\/v2\/posts"}],"about":[{"href":"https:\/\/arantv.az\/index.php?rest_route=\/wp\/v2\/types\/post"}],"author":[{"embeddable":true,"href":"https:\/\/arantv.az\/index.php?rest_route=\/wp\/v2\/users\/2"}],"replies":[{"embeddable":true,"href":"https:\/\/arantv.az\/index.php?rest_route=%2Fwp%2Fv2%2Fcomments&post=19812"}],"version-history":[{"count":0,"href":"https:\/\/arantv.az\/index.php?rest_route=\/wp\/v2\/posts\/19812\/revisions"}],"wp:featuredmedia":[{"embeddable":true,"href":"https:\/\/arantv.az\/index.php?rest_route=\/wp\/v2\/media\/19813"}],"wp:attachment":[{"href":"https:\/\/arantv.az\/index.php?rest_route=%2Fwp%2Fv2%2Fmedia&parent=19812"}],"wp:term":[{"taxonomy":"category","embeddable":true,"href":"https:\/\/arantv.az\/index.php?rest_route=%2Fwp%2Fv2%2Fcategories&post=19812"},{"taxonomy":"post_tag","embeddable":true,"href":"https:\/\/arantv.az\/index.php?rest_route=%2Fwp%2Fv2%2Ftags&post=19812"}],"curies":[{"name":"wp","href":"https:\/\/api.w.org\/{rel}","templated":true}]}}