{"id":19821,"date":"2018-10-18T15:43:02","date_gmt":"2018-10-18T12:43:02","guid":{"rendered":"http:\/\/arantv.az\/?p=19821"},"modified":"2018-10-18T15:43:02","modified_gmt":"2018-10-18T12:43:02","slug":"tutun-m%c9%99mulatlarinin-istifad%c9%99sinin-m%c9%99hdudlasdirilmasi-haqqinda-qanuna-d%c9%99yisiklik-olunur","status":"publish","type":"post","link":"https:\/\/arantv.az\/?p=19821","title":{"rendered":"\u201cT\u00fct\u00fcn m\u0259mulatlar\u0131n\u0131n istifad\u0259sinin m\u0259hdudla\u015fd\u0131r\u0131lmas\u0131 haqq\u0131nda\u201d qanuna d\u0259yi\u015fiklik olunur"},"content":{"rendered":"<p><strong>ARANTV.AZ<\/strong> x\u0259b\u0259r verir ki, \u201cT\u00fct\u00fcn m\u0259mulatlar\u0131n\u0131n istifad\u0259sinin m\u0259hdudla\u015fd\u0131r\u0131lmas\u0131 haqq\u0131nda\u201d qanuna d\u0259yi\u015fiklik olunur. D\u0259yi\u015fiklik Milli M\u0259clisin M\u0259d\u0259niyy\u0259t komit\u0259sinin iclas\u0131nda m\u00fczakir\u0259 edilib.<\/p>\n<p>Oktyabr\u0131n 18-nin \u00f6lk\u0259mizin v\u0259 xalq\u0131m\u0131zn tarixin\u0259 m\u00fch\u00fcm, \u0259lam\u0259tdar hadis\u0259 kimi yaz\u0131ld\u0131\u011f\u0131n\u0131 dey\u0259n Milli M\u0259clisin M\u0259d\u0259niyy\u0259t komit\u0259sinin s\u0259dri Rafael H\u00fcseynov \u0259vv\u0259lc\u0259 m\u00fcst\u0259qillik g\u00fcn\u00fcn tarixin\u0259 n\u0259z\u0259r sald\u0131. Bildirdi ki, bir mill\u0259tin v\u0259 \u00f6lk\u0259nin tarixind\u0259 m\u00fcst\u0259qillikd\u0259n b\u00f6y\u00fck v\u0259 qiym\u0259tli nem\u0259t yoxdur. 27 illik d\u00f6vl\u0259t m\u00fcst\u0259qilliyimizin 25 ili m\u0259hz ulu \u00f6nd\u0259r Heyd\u0259r \u018fliyevin v\u0259 bu g\u00fcn onun siyas\u0259tini u\u011furla davam etdir\u0259n Prezident \u0130lham \u018fliyevin ad\u0131 il\u0259 ba\u011fl\u0131d\u0131r. Sonra &#8220;T\u00fct\u00fcn m\u0259mulatlar\u0131n\u0131n istifad\u0259sinin m\u0259hdudla\u015fd\u0131r\u0131lmas\u0131 haqq\u0131nda&#8221; qanunun 14-c\u00fc T\u00fct\u00fcn m\u0259mulatlar\u0131n\u0131n reklam\u0131n\u0131n v\u0259 sat\u0131\u015f\u0131n\u0131n stimulla\u015fd\u0131r\u0131lmas\u0131n\u0131n qada\u011fan edilm\u0259si madd\u0259sin\u0259 t\u0259klif olunan d\u0259yi\u015fiklik bar\u0259d\u0259 m\u0259lumat verdi. D\u0259yi\u015fikliy\u0259 g\u00f6r\u0259, televiziya v\u0259 videofilml\u0259rd\u0259, teatr tama\u015falar\u0131nda, radio, televiziya, video v\u0259 kinoxronika proqramlar\u0131nda, u\u015faqlar \u00fc\u00e7\u00fcn n\u0259z\u0259rd\u0259 tutulan audiovizual \u0259s\u0259rl\u0259rd\u0259 t\u00fct\u00fcn m\u0259mulatlar\u0131 v\u0259 t\u00fct\u00fcn istifad\u0259si prosesinin t\u0259bli\u011fat m\u0259qs\u0259dil\u0259 n\u00fcmayi\u015fi, h\u0259m\u00e7inin t\u00fct\u00fcn m\u0259mulatlar\u0131n\u0131n v\u0259 t\u00fct\u00fcn istifad\u0259si prosesinin t\u0259bli\u011fat m\u0259qs\u0259dil\u0259 n\u00fcmayi\u015f etdirildiyi \u0259s\u0259rl\u0259rin, tama\u015falar\u0131n, proqramlar\u0131n efird\u0259, kabel yay\u0131m\u0131 vasit\u0259sil\u0259 a\u00e7\u0131q yay\u0131mlanmas\u0131 qada\u011fan edilir. Haz\u0131rda is\u0259 bu \u00fcmumiyy\u0259tl\u0259 qada\u011fand\u0131r. Qanunvericiliyin uy\u011funla\u015fd\u0131r\u0131lmas\u0131 m\u0259qs\u0259dil\u0259 eyni d\u0259yi\u015fiklik &#8220;Televiziya v\u0259 radio yay\u0131m\u0131&#8221;, &#8220;\u0130ctimai televiziya v\u0259 radio yay\u0131m\u0131\u201d, &#8220;Teatr v\u0259 teatr f\u0259aliyy\u0259ti haqq\u0131nda&#8221; qanuna da t\u0259klif edilir. M\u00fczakir\u0259l\u0259r zaman\u0131 mill\u0259t v\u0259kill\u0259ri d\u0259yi\u015fiklikl\u0259ri m\u0259qbul sayd\u0131lar.<\/p>\n","protected":false},"excerpt":{"rendered":"<p>ARANTV.AZ x\u0259b\u0259r verir ki, \u201cT\u00fct\u00fcn m\u0259mulatlar\u0131n\u0131n istifad\u0259sinin m\u0259hdudla\u015fd\u0131r\u0131lmas\u0131 haqq\u0131nda\u201d qanuna d\u0259yi\u015fiklik olunur. D\u0259yi\u015fiklik Milli M\u0259clisin M\u0259d\u0259niyy\u0259t komit\u0259sinin iclas\u0131nda m\u00fczakir\u0259 edilib. Oktyabr\u0131n 18-nin \u00f6lk\u0259mizin v\u0259 xalq\u0131m\u0131zn tarixin\u0259 m\u00fch\u00fcm, \u0259lam\u0259tdar hadis\u0259 kimi yaz\u0131ld\u0131\u011f\u0131n\u0131 dey\u0259n Milli M\u0259clisin M\u0259d\u0259niyy\u0259t komit\u0259sinin s\u0259dri Rafael H\u00fcseynov \u0259vv\u0259lc\u0259 m\u00fcst\u0259qillik g\u00fcn\u00fcn tarixin\u0259 n\u0259z\u0259r sald\u0131. Bildirdi ki, bir mill\u0259tin v\u0259 \u00f6lk\u0259nin tarixind\u0259 m\u00fcst\u0259qillikd\u0259n b\u00f6y\u00fck v\u0259 qiym\u0259tli nem\u0259t yoxdur. 27 illik d\u00f6vl\u0259t m\u00fcst\u0259qilliyimizin 25 ili m\u0259hz ulu \u00f6nd\u0259r Heyd\u0259r \u018fliyevin v\u0259 bu g\u00fcn onun siyas\u0259tini u\u011furla davam etdir\u0259n Prezident \u0130lham \u018fliyevin ad\u0131 il\u0259 ba\u011fl\u0131d\u0131r. Sonra &#8220;T\u00fct\u00fcn m\u0259mulatlar\u0131n\u0131n istifad\u0259sinin m\u0259hdudla\u015fd\u0131r\u0131lmas\u0131 haqq\u0131nda&#8221; qanunun&hellip;<\/p>\n","protected":false},"author":2,"featured_media":19822,"comment_status":"closed","ping_status":"closed","sticky":false,"template":"","format":"standard","meta":{"om_disable_all_campaigns":false,"_monsterinsights_skip_tracking":false,"_monsterinsights_sitenote_active":false,"_monsterinsights_sitenote_note":"","_monsterinsights_sitenote_category":0},"categories":[4],"tags":[],"aioseo_notices":[],"gutentor_comment":0,"rttpg_featured_image_url":{"full":["https:\/\/arantv.az\/wp-content\/uploads\/2018\/10\/jqjvopksl3fhvc2pt9umv53j15meclis1.jpg",800,450,false],"landscape":["https:\/\/arantv.az\/wp-content\/uploads\/2018\/10\/jqjvopksl3fhvc2pt9umv53j15meclis1.jpg",800,450,false],"portraits":["https:\/\/arantv.az\/wp-content\/uploads\/2018\/10\/jqjvopksl3fhvc2pt9umv53j15meclis1.jpg",800,450,false],"thumbnail":["https:\/\/arantv.az\/wp-content\/uploads\/2018\/10\/jqjvopksl3fhvc2pt9umv53j15meclis1-150x150.jpg",150,150,true],"medium":["https:\/\/arantv.az\/wp-content\/uploads\/2018\/10\/jqjvopksl3fhvc2pt9umv53j15meclis1-300x169.jpg",300,169,true],"large":["https:\/\/arantv.az\/wp-content\/uploads\/2018\/10\/jqjvopksl3fhvc2pt9umv53j15meclis1.jpg",640,360,false],"1536x1536":["https:\/\/arantv.az\/wp-content\/uploads\/2018\/10\/jqjvopksl3fhvc2pt9umv53j15meclis1.jpg",800,450,false],"2048x2048":["https:\/\/arantv.az\/wp-content\/uploads\/2018\/10\/jqjvopksl3fhvc2pt9umv53j15meclis1.jpg",800,450,false],"post-thumbnail":["https:\/\/arantv.az\/wp-content\/uploads\/2018\/10\/jqjvopksl3fhvc2pt9umv53j15meclis1-240x172.jpg",240,172,true],"advps-thumb-one":["https:\/\/arantv.az\/wp-content\/uploads\/2018\/10\/jqjvopksl3fhvc2pt9umv53j15meclis1.jpg",800,450,false]},"rttpg_author":{"display_name":"V\u00fcsal Rafiqo\u011flu","author_link":"https:\/\/arantv.az\/?author=2"},"rttpg_comment":0,"rttpg_category":"<a href=\"https:\/\/arantv.az\/?cat=4\" rel=\"category\">Siyas\u0259t<\/a>","rttpg_excerpt":"ARANTV.AZ x\u0259b\u0259r verir ki, \u201cT\u00fct\u00fcn m\u0259mulatlar\u0131n\u0131n istifad\u0259sinin m\u0259hdudla\u015fd\u0131r\u0131lmas\u0131 haqq\u0131nda\u201d qanuna d\u0259yi\u015fiklik olunur. D\u0259yi\u015fiklik Milli M\u0259clisin M\u0259d\u0259niyy\u0259t komit\u0259sinin iclas\u0131nda m\u00fczakir\u0259 edilib. Oktyabr\u0131n 18-nin \u00f6lk\u0259mizin v\u0259 xalq\u0131m\u0131zn tarixin\u0259 m\u00fch\u00fcm, \u0259lam\u0259tdar hadis\u0259 kimi yaz\u0131ld\u0131\u011f\u0131n\u0131 dey\u0259n Milli M\u0259clisin M\u0259d\u0259niyy\u0259t komit\u0259sinin s\u0259dri Rafael H\u00fcseynov \u0259vv\u0259lc\u0259 m\u00fcst\u0259qillik g\u00fcn\u00fcn tarixin\u0259 n\u0259z\u0259r sald\u0131. Bildirdi ki, bir mill\u0259tin v\u0259 \u00f6lk\u0259nin tarixind\u0259 m\u00fcst\u0259qillikd\u0259n b\u00f6y\u00fck v\u0259&hellip;","_links":{"self":[{"href":"https:\/\/arantv.az\/index.php?rest_route=\/wp\/v2\/posts\/19821"}],"collection":[{"href":"https:\/\/arantv.az\/index.php?rest_route=\/wp\/v2\/posts"}],"about":[{"href":"https:\/\/arantv.az\/index.php?rest_route=\/wp\/v2\/types\/post"}],"author":[{"embeddable":true,"href":"https:\/\/arantv.az\/index.php?rest_route=\/wp\/v2\/users\/2"}],"replies":[{"embeddable":true,"href":"https:\/\/arantv.az\/index.php?rest_route=%2Fwp%2Fv2%2Fcomments&post=19821"}],"version-history":[{"count":0,"href":"https:\/\/arantv.az\/index.php?rest_route=\/wp\/v2\/posts\/19821\/revisions"}],"wp:featuredmedia":[{"embeddable":true,"href":"https:\/\/arantv.az\/index.php?rest_route=\/wp\/v2\/media\/19822"}],"wp:attachment":[{"href":"https:\/\/arantv.az\/index.php?rest_route=%2Fwp%2Fv2%2Fmedia&parent=19821"}],"wp:term":[{"taxonomy":"category","embeddable":true,"href":"https:\/\/arantv.az\/index.php?rest_route=%2Fwp%2Fv2%2Fcategories&post=19821"},{"taxonomy":"post_tag","embeddable":true,"href":"https:\/\/arantv.az\/index.php?rest_route=%2Fwp%2Fv2%2Ftags&post=19821"}],"curies":[{"name":"wp","href":"https:\/\/api.w.org\/{rel}","templated":true}]}}