{"id":19824,"date":"2018-10-18T15:45:49","date_gmt":"2018-10-18T12:45:49","guid":{"rendered":"http:\/\/arantv.az\/?p=19824"},"modified":"2018-10-18T15:45:49","modified_gmt":"2018-10-18T12:45:49","slug":"az%c9%99rbaycanin-yeni-turizm-brendi-t%c9%99qdim-edilib","status":"publish","type":"post","link":"https:\/\/arantv.az\/?p=19824","title":{"rendered":"Az\u0259rbaycan\u0131n yeni turizm brendi t\u0259qdim edilib"},"content":{"rendered":"<p><strong>ARANTV.AZ<\/strong> x\u0259b\u0259r verir ki, Az\u0259rbaycan\u0131n yeni turizm brendi t\u0259qdim edilib. Bak\u0131da ke\u00e7iril\u0259n ilk Milli Turizm Sammitind\u0259 o da bildirilib ki, ilin sonunad\u0259k D\u00f6vl\u0259t Turizm Agentliyinin 6 \u00f6lk\u0259d\u0259 n\u00fcmay\u0259nd\u0259liyi f\u0259aliyy\u0259t g\u00f6st\u0259r\u0259c\u0259k.<\/p>\n<p>Bu g\u00fcn qeyri-neft sektorunun \u0259sas istiqam\u0259tl\u0259rind\u0259n biri olan turizm sah\u0259sind\u0259 kompleks t\u0259dbirl\u0259r realla\u015fd\u0131r\u0131l\u0131r. Son ill\u0259r ayr\u0131-ayr\u0131 b\u00f6lg\u0259l\u0259rd\u0259 m\u00fcasir t\u0259l\u0259bl\u0259r\u0259 cavab ver\u0259n istirah\u0259t m\u0259rk\u0259zl\u0259ri, otell\u0259rin in\u015fas\u0131, yol-n\u0259qliyyat infrastrukturunun yarad\u0131lmas\u0131 h\u0259m xarici, h\u0259m d\u0259 yerli turistl\u0259rin b\u00f6lg\u0259l\u0259rimiz\u0259 mara\u011f\u0131n\u0131 art\u0131r\u0131b. Prezident \u0130lham \u018fliyevin m\u00fcvafiq S\u0259r\u0259ncam\u0131 il\u0259 Az\u0259rbaycan D\u00f6vl\u0259t Turizm Agentliyinin yarad\u0131lmas\u0131 da bu sah\u0259y\u0259 olan x\u00fcsusi diqq\u0259tin g\u00f6st\u0259ricisidir. Haz\u0131rda bir ne\u00e7\u0259 \u00f6lk\u0259d\u0259 Az\u0259rbaycan\u0131n turizm n\u00fcmay\u0259nd\u0259likl\u0259rinin a\u00e7\u0131lmas\u0131 n\u0259z\u0259r\u0259d\u0259 tutulur. El\u0259c\u0259 d\u0259 turistl\u0259r\u0259 g\u00f6st\u0259ril\u0259n xidm\u0259tin art\u0131r\u0131lmas\u0131\u00a0 istiqam\u0259tind\u0259 i\u015f apar\u0131l\u0131r, yeni turizm m\u0259hsullar\u0131 yarad\u0131l\u0131r, m\u00fcasir informasiya texnologiyalar\u0131 t\u0259tbiq edilir. D\u00f6vl\u0259t Turizm Agentliyinin s\u0259dri Fuad Na\u011f\u0131yev Bak\u0131da ke\u00e7iril\u0259n ilk Milli Turizm Sammitind\u0259 bu bar\u0259d\u0259 m\u0259lumat verdi. Az\u0259rbaycan Turizm B\u00fcrosunun ba\u015f icra\u00e7\u0131 direktoru Florian Senqst\u015fmid is\u0259 \u201cAz\u0259rbaycan turizm startegiyas\u0131-2023\u201d bar\u0259d\u0259 dan\u0131\u015fd\u0131. Az\u0259rbaycan\u0131n tarixi qoruqlar\u0131 il\u0259 ba\u011fl\u0131 layih\u0259l\u0259r hazl\u0131rlad\u0131qlar\u0131n\u0131 dey\u0259n Florian Senqst\u015fmid onu da bildirdi ki, bu il Bak\u0131da iki turizm m\u0259rk\u0259zi a\u00e7\u0131lacaq.<\/p>\n<p>Sonra Az\u0259rbaycan\u0131n yeni milli turizm brendi t\u0259qdim olundu. Az\u0259rbaycan Turizm B\u00fcrosunun Brend v\u0259 marketinq \u00fczr\u0259 direktoru Fidan \u018fliyeva bildirdi ki, brendin \u0259sas simvollar\u0131 bir-biril\u0259 \u0259laq\u0259li \u015f\u0259kild\u0259 t\u0259qdim olunan yeni loqo v\u0259 \u015f\u00fcard\u0131r. Az\u0259rbaycan\u0131n yeni turizm loqosu olan \u201cA\u201d h\u0259rfi \u201cAz\u0259rbaycan\u201d s\u00f6z\u00fcn\u00fcn ilk h\u0259rfi olmaqla yana\u015f\u0131, \u00f6z formas\u0131na g\u00f6r\u0259 d\u0259 brendin mahiyy\u0259tini \u00e7atd\u0131r\u0131r. Loqo daim yenil\u0259n\u0259c\u0259k v\u0259 t\u0259qdim olunaca\u011f\u0131 platformaya uy\u011funla\u015fd\u0131r\u0131la bil\u0259c\u0259k. \u201cYenid\u0259n f\u0259rqli bax\u0131\u015fla bax\u201d\u00a0\u00a0 brendin \u0259sas \u015f\u00fcar\u0131d\u0131r. Az\u0259rbaycan\u0131n turizm brendinin haz\u0131rlanmas\u0131 prosesind\u0259 100-d\u0259n \u00e7ox m\u00fcxt\u0259lif pe\u015f\u0259 sahibl\u0259ri il\u0259 m\u00fcsahib\u0259 xarakterli ara\u015fd\u0131rma apar\u0131l\u0131b v\u0259 bu proses 5 ay davam edib. Yeni brendin d\u00fcnya ictimaiyy\u0259tin\u0259 t\u0259qdimat\u0131 is\u0259 g\u0259l\u0259n ay Londonda ke\u00e7iril\u0259c\u0259k \u201cD\u00fcnya S\u0259yah\u0259t Bazar\u0131\u201d s\u0259rgisind\u0259 realla\u015facaq.<\/p>\n<p>D\u00f6vl\u0259t Turizm Agentliyi qoruqlar \u00fc\u00e7\u00fcn yeni idar\u0259etm\u0259 modeli d\u0259 t\u0259tbiq ed\u0259c\u0259k. D\u00f6vl\u0259t Turizm Agentliyi v\u0259 Az\u0259rbaycan Turizm B\u00fcrosunun t\u0259\u015fkilat\u00e7\u0131l\u0131\u011f\u0131 il\u0259 ke\u00e7iril\u0259n ilk Milli Turizm Sammitind\u0259\u00a0h\u0259r iki qurumun f\u0259aliyy\u0259ti il\u0259 ba\u011fl\u0131 t\u0259qdimatlar da oldu.<\/p>\n","protected":false},"excerpt":{"rendered":"<p>ARANTV.AZ x\u0259b\u0259r verir ki, Az\u0259rbaycan\u0131n yeni turizm brendi t\u0259qdim edilib. Bak\u0131da ke\u00e7iril\u0259n ilk Milli Turizm Sammitind\u0259 o da bildirilib ki, ilin sonunad\u0259k D\u00f6vl\u0259t Turizm Agentliyinin 6 \u00f6lk\u0259d\u0259 n\u00fcmay\u0259nd\u0259liyi f\u0259aliyy\u0259t g\u00f6st\u0259r\u0259c\u0259k. Bu g\u00fcn qeyri-neft sektorunun \u0259sas istiqam\u0259tl\u0259rind\u0259n biri olan turizm sah\u0259sind\u0259 kompleks t\u0259dbirl\u0259r realla\u015fd\u0131r\u0131l\u0131r. Son ill\u0259r ayr\u0131-ayr\u0131 b\u00f6lg\u0259l\u0259rd\u0259 m\u00fcasir t\u0259l\u0259bl\u0259r\u0259 cavab ver\u0259n istirah\u0259t m\u0259rk\u0259zl\u0259ri, otell\u0259rin in\u015fas\u0131, yol-n\u0259qliyyat infrastrukturunun yarad\u0131lmas\u0131 h\u0259m xarici, h\u0259m d\u0259 yerli turistl\u0259rin b\u00f6lg\u0259l\u0259rimiz\u0259 mara\u011f\u0131n\u0131 art\u0131r\u0131b. Prezident \u0130lham \u018fliyevin m\u00fcvafiq S\u0259r\u0259ncam\u0131 il\u0259 Az\u0259rbaycan D\u00f6vl\u0259t Turizm Agentliyinin yarad\u0131lmas\u0131 da bu sah\u0259y\u0259 olan x\u00fcsusi diqq\u0259tin g\u00f6st\u0259ricisidir. Haz\u0131rda bir ne\u00e7\u0259 \u00f6lk\u0259d\u0259 Az\u0259rbaycan\u0131n&hellip;<\/p>\n","protected":false},"author":2,"featured_media":19825,"comment_status":"closed","ping_status":"closed","sticky":false,"template":"","format":"standard","meta":{"om_disable_all_campaigns":false,"_monsterinsights_skip_tracking":false,"_monsterinsights_sitenote_active":false,"_monsterinsights_sitenote_note":"","_monsterinsights_sitenote_category":0},"categories":[1],"tags":[],"aioseo_notices":[],"gutentor_comment":0,"rttpg_featured_image_url":{"full":["https:\/\/arantv.az\/wp-content\/uploads\/2018\/10\/jqjvopksl3fhvc2pt9umv53j15turizm.jpg",959,669,false],"landscape":["https:\/\/arantv.az\/wp-content\/uploads\/2018\/10\/jqjvopksl3fhvc2pt9umv53j15turizm.jpg",959,669,false],"portraits":["https:\/\/arantv.az\/wp-content\/uploads\/2018\/10\/jqjvopksl3fhvc2pt9umv53j15turizm.jpg",959,669,false],"thumbnail":["https:\/\/arantv.az\/wp-content\/uploads\/2018\/10\/jqjvopksl3fhvc2pt9umv53j15turizm-150x150.jpg",150,150,true],"medium":["https:\/\/arantv.az\/wp-content\/uploads\/2018\/10\/jqjvopksl3fhvc2pt9umv53j15turizm-300x209.jpg",300,209,true],"large":["https:\/\/arantv.az\/wp-content\/uploads\/2018\/10\/jqjvopksl3fhvc2pt9umv53j15turizm.jpg",640,446,false],"1536x1536":["https:\/\/arantv.az\/wp-content\/uploads\/2018\/10\/jqjvopksl3fhvc2pt9umv53j15turizm.jpg",959,669,false],"2048x2048":["https:\/\/arantv.az\/wp-content\/uploads\/2018\/10\/jqjvopksl3fhvc2pt9umv53j15turizm.jpg",959,669,false],"post-thumbnail":["https:\/\/arantv.az\/wp-content\/uploads\/2018\/10\/jqjvopksl3fhvc2pt9umv53j15turizm-240x172.jpg",240,172,true],"advps-thumb-one":["https:\/\/arantv.az\/wp-content\/uploads\/2018\/10\/jqjvopksl3fhvc2pt9umv53j15turizm-959x620.jpg",959,620,true]},"rttpg_author":{"display_name":"V\u00fcsal Rafiqo\u011flu","author_link":"https:\/\/arantv.az\/?author=2"},"rttpg_comment":0,"rttpg_category":"<a href=\"https:\/\/arantv.az\/?cat=1\" rel=\"category\">C\u0259miyy\u0259t<\/a>","rttpg_excerpt":"ARANTV.AZ x\u0259b\u0259r verir ki, Az\u0259rbaycan\u0131n yeni turizm brendi t\u0259qdim edilib. Bak\u0131da ke\u00e7iril\u0259n ilk Milli Turizm Sammitind\u0259 o da bildirilib ki, ilin sonunad\u0259k D\u00f6vl\u0259t Turizm Agentliyinin 6 \u00f6lk\u0259d\u0259 n\u00fcmay\u0259nd\u0259liyi f\u0259aliyy\u0259t g\u00f6st\u0259r\u0259c\u0259k. Bu g\u00fcn qeyri-neft sektorunun \u0259sas istiqam\u0259tl\u0259rind\u0259n biri olan turizm sah\u0259sind\u0259 kompleks t\u0259dbirl\u0259r realla\u015fd\u0131r\u0131l\u0131r. Son ill\u0259r ayr\u0131-ayr\u0131 b\u00f6lg\u0259l\u0259rd\u0259 m\u00fcasir t\u0259l\u0259bl\u0259r\u0259 cavab ver\u0259n istirah\u0259t m\u0259rk\u0259zl\u0259ri, otell\u0259rin in\u015fas\u0131,&hellip;","_links":{"self":[{"href":"https:\/\/arantv.az\/index.php?rest_route=\/wp\/v2\/posts\/19824"}],"collection":[{"href":"https:\/\/arantv.az\/index.php?rest_route=\/wp\/v2\/posts"}],"about":[{"href":"https:\/\/arantv.az\/index.php?rest_route=\/wp\/v2\/types\/post"}],"author":[{"embeddable":true,"href":"https:\/\/arantv.az\/index.php?rest_route=\/wp\/v2\/users\/2"}],"replies":[{"embeddable":true,"href":"https:\/\/arantv.az\/index.php?rest_route=%2Fwp%2Fv2%2Fcomments&post=19824"}],"version-history":[{"count":0,"href":"https:\/\/arantv.az\/index.php?rest_route=\/wp\/v2\/posts\/19824\/revisions"}],"wp:featuredmedia":[{"embeddable":true,"href":"https:\/\/arantv.az\/index.php?rest_route=\/wp\/v2\/media\/19825"}],"wp:attachment":[{"href":"https:\/\/arantv.az\/index.php?rest_route=%2Fwp%2Fv2%2Fmedia&parent=19824"}],"wp:term":[{"taxonomy":"category","embeddable":true,"href":"https:\/\/arantv.az\/index.php?rest_route=%2Fwp%2Fv2%2Fcategories&post=19824"},{"taxonomy":"post_tag","embeddable":true,"href":"https:\/\/arantv.az\/index.php?rest_route=%2Fwp%2Fv2%2Ftags&post=19824"}],"curies":[{"name":"wp","href":"https:\/\/api.w.org\/{rel}","templated":true}]}}