{"id":19834,"date":"2018-10-18T15:52:22","date_gmt":"2018-10-18T12:52:22","guid":{"rendered":"http:\/\/arantv.az\/?p=19834"},"modified":"2018-10-18T15:52:22","modified_gmt":"2018-10-18T12:52:22","slug":"az%c9%99rbaycan-numay%c9%99nd%c9%99-hey%c9%99ti-parlamentl%c9%99rarasi-ittifaqin-139-cu-bas-assambleyasinda-istirak-edir","status":"publish","type":"post","link":"https:\/\/arantv.az\/?p=19834","title":{"rendered":"Az\u0259rbaycan n\u00fcmay\u0259nd\u0259 hey\u0259ti Parlamentl\u0259raras\u0131 \u0130ttifaq\u0131n 139-cu Ba\u015f Assambleyas\u0131nda i\u015ftirak edir"},"content":{"rendered":"<p><strong>ARANTV.AZ<\/strong> x\u0259b\u0259r verir ki, Az\u0259rbaycan \u0130sve\u00e7r\u0259nin Cenevr\u0259 \u015f\u0259h\u0259rind\u0259 ke\u00e7iril\u0259n d\u00fcnyan\u0131n \u0259n b\u00f6y\u00fck parlament qurumu olan Parlamentl\u0259raras\u0131 \u0130ttifaq\u0131n 139-cu Ba\u015f Assambleyas\u0131nda t\u0259msil olunur.\u00a0 Bir \u00e7ox \u00f6lk\u0259d\u0259n 1300-d\u0259n art\u0131q deputat\u0131n v\u0259 parlament n\u00fcmay\u0259nd\u0259l\u0259rinin i\u015ftirak etdiyi t\u0259dbird\u0259 \u201cTexnoloji d\u0259yi\u015fiklik v\u0259 innovasiya d\u00f6vr\u00fcnd\u0259 s\u00fclh v\u0259 inki\u015faf\u0131n t\u0259\u015fviqind\u0259 parlamentl\u0259rin rolu\u201d m\u00f6vzusu \u0259traf\u0131nda fikir m\u00fcbadil\u0259si apar\u0131l\u0131r. H\u0259m\u00e7inin Assambleyan\u0131n m\u00fcxt\u0259lif komit\u0259l\u0259rind\u0259 s\u00fclh v\u0259 beyn\u0259lxalq t\u0259hl\u00fck\u0259sizlik, insan h\u00fcquqlar\u0131, miqrasiya, dayan\u0131ql\u0131 inki\u015faf m\u0259qs\u0259dl\u0259ri kimi m\u00f6vzulara aid m\u0259s\u0259l\u0259l\u0259r m\u00fczakir\u0259 olunur.\u00a0 \u00dcmumi m\u00fczakir\u0259l\u0259rl\u0259 yana\u015f\u0131, Az\u0259rbaycan\u0131n n\u00fcmay\u0259nd\u0259 hey\u0259ti Assambleya \u00e7\u0259r\u00e7iv\u0259sind\u0259 t\u0259\u015fkil edil\u0259n G\u0259nc Parlamentaril\u0259r Forumunda da i\u015ftirak edib. Assambleya \u00e7\u0259r\u00e7iv\u0259sind\u0259 t\u0259msil\u00e7il\u0259rimiz h\u0259m\u00e7inin Parlamentl\u0259raras\u0131 \u0130ttifaq\u0131n ba\u015f katibi Martin \u00c7unqonqla g\u00f6r\u00fc\u015f\u00fcb. G\u00f6r\u00fc\u015fd\u0259 t\u0259\u015fkilatla Az\u0259rbaycan aras\u0131nda \u0259m\u0259kda\u015fl\u0131\u011f\u0131n perspektivl\u0259ri m\u00fczakir\u0259 olunub. Bundan \u0259lav\u0259 bir s\u0131ra \u00f6lk\u0259l\u0259rin n\u00fcmay\u0259nd\u0259 hey\u0259tl\u0259rinin r\u0259hb\u0259rl\u0259ri il\u0259 d\u0259 g\u00f6r\u00fc\u015fl\u0259r ke\u00e7irilib.<\/p>\n<p>&nbsp;<\/p>\n","protected":false},"excerpt":{"rendered":"<p>ARANTV.AZ x\u0259b\u0259r verir ki, Az\u0259rbaycan \u0130sve\u00e7r\u0259nin Cenevr\u0259 \u015f\u0259h\u0259rind\u0259 ke\u00e7iril\u0259n d\u00fcnyan\u0131n \u0259n b\u00f6y\u00fck parlament qurumu olan Parlamentl\u0259raras\u0131 \u0130ttifaq\u0131n 139-cu Ba\u015f Assambleyas\u0131nda t\u0259msil olunur.\u00a0 Bir \u00e7ox \u00f6lk\u0259d\u0259n 1300-d\u0259n art\u0131q deputat\u0131n v\u0259 parlament n\u00fcmay\u0259nd\u0259l\u0259rinin i\u015ftirak etdiyi t\u0259dbird\u0259 \u201cTexnoloji d\u0259yi\u015fiklik v\u0259 innovasiya d\u00f6vr\u00fcnd\u0259 s\u00fclh v\u0259 inki\u015faf\u0131n t\u0259\u015fviqind\u0259 parlamentl\u0259rin rolu\u201d m\u00f6vzusu \u0259traf\u0131nda fikir m\u00fcbadil\u0259si apar\u0131l\u0131r. H\u0259m\u00e7inin Assambleyan\u0131n m\u00fcxt\u0259lif komit\u0259l\u0259rind\u0259 s\u00fclh v\u0259 beyn\u0259lxalq t\u0259hl\u00fck\u0259sizlik, insan h\u00fcquqlar\u0131, miqrasiya, dayan\u0131ql\u0131 inki\u015faf m\u0259qs\u0259dl\u0259ri kimi m\u00f6vzulara aid m\u0259s\u0259l\u0259l\u0259r m\u00fczakir\u0259 olunur.\u00a0 \u00dcmumi m\u00fczakir\u0259l\u0259rl\u0259 yana\u015f\u0131, Az\u0259rbaycan\u0131n n\u00fcmay\u0259nd\u0259 hey\u0259ti Assambleya \u00e7\u0259r\u00e7iv\u0259sind\u0259 t\u0259\u015fkil edil\u0259n G\u0259nc Parlamentaril\u0259r Forumunda da i\u015ftirak edib. Assambleya \u00e7\u0259r\u00e7iv\u0259sind\u0259 t\u0259msil\u00e7il\u0259rimiz h\u0259m\u00e7inin&hellip;<\/p>\n","protected":false},"author":2,"featured_media":19835,"comment_status":"closed","ping_status":"closed","sticky":false,"template":"","format":"standard","meta":{"om_disable_all_campaigns":false,"_monsterinsights_skip_tracking":false,"_monsterinsights_sitenote_active":false,"_monsterinsights_sitenote_note":"","_monsterinsights_sitenote_category":0},"categories":[4],"tags":[],"aioseo_notices":[],"gutentor_comment":0,"rttpg_featured_image_url":{"full":["https:\/\/arantv.az\/wp-content\/uploads\/2018\/10\/jqjvopksl3fhvc2pt9umv53j15139.jpg",893,669,false],"landscape":["https:\/\/arantv.az\/wp-content\/uploads\/2018\/10\/jqjvopksl3fhvc2pt9umv53j15139.jpg",893,669,false],"portraits":["https:\/\/arantv.az\/wp-content\/uploads\/2018\/10\/jqjvopksl3fhvc2pt9umv53j15139.jpg",893,669,false],"thumbnail":["https:\/\/arantv.az\/wp-content\/uploads\/2018\/10\/jqjvopksl3fhvc2pt9umv53j15139-150x150.jpg",150,150,true],"medium":["https:\/\/arantv.az\/wp-content\/uploads\/2018\/10\/jqjvopksl3fhvc2pt9umv53j15139-300x225.jpg",300,225,true],"large":["https:\/\/arantv.az\/wp-content\/uploads\/2018\/10\/jqjvopksl3fhvc2pt9umv53j15139.jpg",640,479,false],"1536x1536":["https:\/\/arantv.az\/wp-content\/uploads\/2018\/10\/jqjvopksl3fhvc2pt9umv53j15139.jpg",893,669,false],"2048x2048":["https:\/\/arantv.az\/wp-content\/uploads\/2018\/10\/jqjvopksl3fhvc2pt9umv53j15139.jpg",893,669,false],"post-thumbnail":["https:\/\/arantv.az\/wp-content\/uploads\/2018\/10\/jqjvopksl3fhvc2pt9umv53j15139-240x172.jpg",240,172,true],"advps-thumb-one":["https:\/\/arantv.az\/wp-content\/uploads\/2018\/10\/jqjvopksl3fhvc2pt9umv53j15139-893x620.jpg",893,620,true]},"rttpg_author":{"display_name":"V\u00fcsal Rafiqo\u011flu","author_link":"https:\/\/arantv.az\/?author=2"},"rttpg_comment":0,"rttpg_category":"<a href=\"https:\/\/arantv.az\/?cat=4\" rel=\"category\">Siyas\u0259t<\/a>","rttpg_excerpt":"ARANTV.AZ x\u0259b\u0259r verir ki, Az\u0259rbaycan \u0130sve\u00e7r\u0259nin Cenevr\u0259 \u015f\u0259h\u0259rind\u0259 ke\u00e7iril\u0259n d\u00fcnyan\u0131n \u0259n b\u00f6y\u00fck parlament qurumu olan Parlamentl\u0259raras\u0131 \u0130ttifaq\u0131n 139-cu Ba\u015f Assambleyas\u0131nda t\u0259msil olunur.\u00a0 Bir \u00e7ox \u00f6lk\u0259d\u0259n 1300-d\u0259n art\u0131q deputat\u0131n v\u0259 parlament n\u00fcmay\u0259nd\u0259l\u0259rinin i\u015ftirak etdiyi t\u0259dbird\u0259 \u201cTexnoloji d\u0259yi\u015fiklik v\u0259 innovasiya d\u00f6vr\u00fcnd\u0259 s\u00fclh v\u0259 inki\u015faf\u0131n t\u0259\u015fviqind\u0259 parlamentl\u0259rin rolu\u201d m\u00f6vzusu \u0259traf\u0131nda fikir m\u00fcbadil\u0259si apar\u0131l\u0131r. H\u0259m\u00e7inin Assambleyan\u0131n m\u00fcxt\u0259lif komit\u0259l\u0259rind\u0259 s\u00fclh&hellip;","_links":{"self":[{"href":"https:\/\/arantv.az\/index.php?rest_route=\/wp\/v2\/posts\/19834"}],"collection":[{"href":"https:\/\/arantv.az\/index.php?rest_route=\/wp\/v2\/posts"}],"about":[{"href":"https:\/\/arantv.az\/index.php?rest_route=\/wp\/v2\/types\/post"}],"author":[{"embeddable":true,"href":"https:\/\/arantv.az\/index.php?rest_route=\/wp\/v2\/users\/2"}],"replies":[{"embeddable":true,"href":"https:\/\/arantv.az\/index.php?rest_route=%2Fwp%2Fv2%2Fcomments&post=19834"}],"version-history":[{"count":0,"href":"https:\/\/arantv.az\/index.php?rest_route=\/wp\/v2\/posts\/19834\/revisions"}],"wp:featuredmedia":[{"embeddable":true,"href":"https:\/\/arantv.az\/index.php?rest_route=\/wp\/v2\/media\/19835"}],"wp:attachment":[{"href":"https:\/\/arantv.az\/index.php?rest_route=%2Fwp%2Fv2%2Fmedia&parent=19834"}],"wp:term":[{"taxonomy":"category","embeddable":true,"href":"https:\/\/arantv.az\/index.php?rest_route=%2Fwp%2Fv2%2Fcategories&post=19834"},{"taxonomy":"post_tag","embeddable":true,"href":"https:\/\/arantv.az\/index.php?rest_route=%2Fwp%2Fv2%2Ftags&post=19834"}],"curies":[{"name":"wp","href":"https:\/\/api.w.org\/{rel}","templated":true}]}}