{"id":19860,"date":"2018-10-18T16:24:51","date_gmt":"2018-10-18T13:24:51","guid":{"rendered":"http:\/\/arantv.az\/?p=19860"},"modified":"2018-10-18T16:25:19","modified_gmt":"2018-10-18T13:25:19","slug":"az%c9%99rbaycanda-ogul-ata-v%c9%99-anasini-olumcul-hala-saldi-mismarli-taxta-il%c9%99-doyurdu-qan-sicrayirdi","status":"publish","type":"post","link":"https:\/\/arantv.az\/?p=19860","title":{"rendered":"Az\u0259rbaycanda o\u011ful ata v\u0259 anas\u0131n\u0131 \u00f6l\u00fcmc\u00fcl hala sald\u0131: &#8220;Mismarl\u0131 taxta il\u0259 d\u00f6y\u00fcrd\u00fc, qan s\u0131\u00e7ray\u0131rd\u0131&#8221;"},"content":{"rendered":"<div id=\"entry\" class=\"entry\">X\u0259b\u0259r verdiyimiz kimi, 15 ya\u015fl\u0131 Aytac efir\u0259 \u00e7\u0131x\u0131b atas\u0131 Firdovsinin h\u0259bs edilm\u0259sini ist\u0259mi\u015fdi.<br \/>\n<b>ARANTV.AZ<\/b>\u00a0x\u0259b\u0259r verir ki, Firdovsinin t\u00f6r\u0259tdiyi v\u0259h\u015filikl\u0259r h\u0259r k\u0259si \u015foka sal\u0131b.<br \/>\nBel\u0259 ki, bu bar\u0259d\u0259 X\u0259z\u0259r televiziyas\u0131nda Xo\u015fq\u0259d\u0259m Hiday\u0259tq\u0131z\u0131n\u0131n \u201cS\u0259ni Axtar\u0131ram\u201d verili\u015find\u0259 m\u0259lumat verilib.Verili\u015fd\u0259 \u00e7\u0131x\u0131\u015f ed\u0259n Firdovsinin anas\u0131 bildirib ki, dig\u0259r \u00f6vladlar\u0131 onun qorxusundan yax\u0131n g\u0259l\u0259 bilmirmi\u015f: \u201cQorxurlar ki, vuraca\u011f\u0131q, \u00f6l\u0259c\u0259k. Firdovsi spirtli i\u00e7ki d\u00fc\u015fk\u00fcn\u00fc idi. Bizi d\u00f6yd\u00fckc\u0259 paltar\u0131 qan\u0131n i\u00e7ind\u0259 olub. O, qanl\u0131 paltar\u0131n\u0131 bizim \u00fcz\u0259rimiz\u0259 at\u0131rd\u0131. Qanl\u0131 corab\u0131n\u0131 soyunub birini m\u0259nim, dig\u0259rini is\u0259 atas\u0131n\u0131n \u00fcz\u0259rin\u0259 at\u0131b. G\u0259lin bizim yan\u0131m\u0131za g\u0259lib ki, yem\u0259k versin. G\u0259lin g\u0259lm\u0259s\u0259ydi bizi \u00f6ld\u00fcr\u00fcb yand\u0131racaqd\u0131. O\u011flumu me\u015f\u0259d\u0259 g\u00f6r\u00fcbl\u0259r. Onlara deyib ki, m\u0259ni \u015fikay\u0259t ets\u0259niz ba\u015f\u0131n\u0131z\u0131 k\u0259s\u0259c\u0259m. Onu el\u0259 z\u00fclml\u0259rl\u0259 b\u00f6y\u00fcd\u00fcb, qurbanlar k\u0259smi\u015f\u0259m. Qorxuram ki, q\u0131z\u0131m\u0131 \u00f6ld\u00fcr\u0259r. Bizim meyitl\u0259ri yand\u0131rmaq ist\u0259yib\u201d.<\/p>\n<p>Ata is\u0259 o\u011flunu ona z\u00fclm etm\u0259kd\u0259 ittiham edib: \u201cO\u011flum m\u0259n\u0259 \u00e7ox z\u00fclm edib. O\u011flum bizi d\u00f6y\u0259n zaman suya yalvard\u0131m ki, bizi xilas etsin. Bizi \u00f6ld\u00fcr\u0259n zaman ba\u015f\u0131 qar\u0131\u015fd\u0131. Bizi \u00f6l\u00fcmc\u00fcl hala qoyandan sonra me\u015f\u0259y\u0259 qa\u00e7\u0131b\u201d.<\/p>\n<p>15 ya\u015fl\u0131 Aytac bildirib ki, atas\u0131 tap\u0131lmad\u0131\u011f\u0131na g\u00f6r\u0259 verili\u015f\u0259 m\u00fcraci\u0259t edib: \u201cO deyirdi ki, u\u015faqlar m\u0259kt\u0259b\u0259 getm\u0259y\u0259c\u0259k. Anama \u015f\u0259r-b\u00f6htan at\u0131rd\u0131. Bir ax\u015fam anam\u0131 evd\u0259n qovmu\u015fdu. Evd\u0259 m\u0259n v\u0259 balaca qarda\u015f\u0131m idi. M\u0259n\u0259 dedi ki, s\u0259ni daha m\u0259kt\u0259b\u0259 qoymayaca\u011fam. M\u0259n a\u011flayanda soban\u0131 yand\u0131rd\u0131\u011f\u0131m\u0131z mismarl\u0131 taxta il\u0259 m\u0259ni d\u00f6ym\u0259y\u0259 ba\u015flad\u0131. Mismarlar b\u0259d\u0259nim\u0259 bat\u0131rd\u0131. Qan\u0131m \u00fcz\u0259rin\u0259 s\u0131\u00e7ray\u0131rd\u0131. G\u00f6rd\u00fc ki, \u00f6l\u00fcr\u0259m, dayand\u0131. B\u0259d\u0259nim\u0259 h\u0259r g\u00fcn da\u011f bas\u0131rd\u0131. Qon\u015fulara deyirmi\u015f ki, onlar\u0131 \u00f6ld\u00fcrm\u0259mi\u015f polis m\u0259ni tuta bilm\u0259z. Qarda\u015f\u0131m\u0131n ba\u015f\u0131n\u0131 sobaya sal\u0131b qovurmu\u015fdu\u201d.<\/p>\n<div id=\"AdributorNativeVideo0\" class=\"AdributorNativeVideo\"><\/div>\n<p><img class=\"imgbcodecent\" src=\"https:\/\/upload.az\/foto\/arxiv\/1_71539867440.png\" alt=\"Az\u0259rbaycanda o\u011ful ata v\u0259 anas\u0131n\u0131 \u00f6l\u00fcmc\u00fcl hala sald\u0131: &quot;Mismarl\u0131 taxta il\u0259 d\u00f6y\u00fcrd\u00fc, qan s\u0131\u00e7ray\u0131rd\u0131&quot;\" \/><\/p>\n<\/div>\n<div class=\"entry\"><img class=\"imgbcodecent\" src=\"https:\/\/upload.az\/foto\/arxiv\/3_11539867440.png\" alt=\"Az\u0259rbaycanda o\u011ful ata v\u0259 anas\u0131n\u0131 \u00f6l\u00fcmc\u00fcl hala sald\u0131: &quot;Mismarl\u0131 taxta il\u0259 d\u00f6y\u00fcrd\u00fc, qan s\u0131\u00e7ray\u0131rd\u0131&quot;\" \/><\/div>\n<div class=\"entry\"><img class=\"imgbcodecent\" src=\"https:\/\/upload.az\/foto\/arxiv\/4_71539867440.png\" alt=\"Az\u0259rbaycanda o\u011ful ata v\u0259 anas\u0131n\u0131 \u00f6l\u00fcmc\u00fcl hala sald\u0131: &quot;Mismarl\u0131 taxta il\u0259 d\u00f6y\u00fcrd\u00fc, qan s\u0131\u00e7ray\u0131rd\u0131&quot;\" \/><br \/>\n<img class=\"imgbcodecent\" src=\"https:\/\/upload.az\/foto\/arxiv\/6_81539867440.png\" alt=\"Az\u0259rbaycanda o\u011ful ata v\u0259 anas\u0131n\u0131 \u00f6l\u00fcmc\u00fcl hala sald\u0131: &quot;Mismarl\u0131 taxta il\u0259 d\u00f6y\u00fcrd\u00fc, qan s\u0131\u00e7ray\u0131rd\u0131&quot;\" \/><\/div>\n<div class=\"entry\"><img class=\"imgbcodecent\" src=\"https:\/\/upload.az\/foto\/arxiv\/9_81539867440.png\" alt=\"Az\u0259rbaycanda o\u011ful ata v\u0259 anas\u0131n\u0131 \u00f6l\u00fcmc\u00fcl hala sald\u0131: &quot;Mismarl\u0131 taxta il\u0259 d\u00f6y\u00fcrd\u00fc, qan s\u0131\u00e7ray\u0131rd\u0131&quot;\" \/><br \/>\n<img class=\"imgbcodecent\" src=\"https:\/\/upload.az\/foto\/arxiv\/12_61539867440.png\" alt=\"Az\u0259rbaycanda o\u011ful ata v\u0259 anas\u0131n\u0131 \u00f6l\u00fcmc\u00fcl hala sald\u0131: &quot;Mismarl\u0131 taxta il\u0259 d\u00f6y\u00fcrd\u00fc, qan s\u0131\u00e7ray\u0131rd\u0131&quot;\" \/><\/div>\n<p>big.az<\/p>\n","protected":false},"excerpt":{"rendered":"<p>X\u0259b\u0259r verdiyimiz kimi, 15 ya\u015fl\u0131 Aytac efir\u0259 \u00e7\u0131x\u0131b atas\u0131 Firdovsinin h\u0259bs edilm\u0259sini ist\u0259mi\u015fdi. ARANTV.AZ\u00a0x\u0259b\u0259r verir ki, Firdovsinin t\u00f6r\u0259tdiyi v\u0259h\u015filikl\u0259r h\u0259r k\u0259si \u015foka sal\u0131b. Bel\u0259 ki, bu bar\u0259d\u0259 X\u0259z\u0259r televiziyas\u0131nda Xo\u015fq\u0259d\u0259m Hiday\u0259tq\u0131z\u0131n\u0131n \u201cS\u0259ni Axtar\u0131ram\u201d verili\u015find\u0259 m\u0259lumat verilib.Verili\u015fd\u0259 \u00e7\u0131x\u0131\u015f ed\u0259n Firdovsinin anas\u0131 bildirib ki, dig\u0259r \u00f6vladlar\u0131 onun qorxusundan yax\u0131n g\u0259l\u0259 bilmirmi\u015f: \u201cQorxurlar ki, vuraca\u011f\u0131q, \u00f6l\u0259c\u0259k. Firdovsi spirtli i\u00e7ki d\u00fc\u015fk\u00fcn\u00fc idi. Bizi d\u00f6yd\u00fckc\u0259 paltar\u0131 qan\u0131n i\u00e7ind\u0259 olub. O, qanl\u0131 paltar\u0131n\u0131 bizim \u00fcz\u0259rimiz\u0259 at\u0131rd\u0131. Qanl\u0131 corab\u0131n\u0131 soyunub birini m\u0259nim, dig\u0259rini is\u0259 atas\u0131n\u0131n \u00fcz\u0259rin\u0259 at\u0131b. G\u0259lin bizim yan\u0131m\u0131za g\u0259lib ki, yem\u0259k versin. G\u0259lin g\u0259lm\u0259s\u0259ydi bizi&hellip;<\/p>\n","protected":false},"author":2,"featured_media":19861,"comment_status":"closed","ping_status":"closed","sticky":false,"template":"","format":"standard","meta":{"om_disable_all_campaigns":false,"_monsterinsights_skip_tracking":false,"_monsterinsights_sitenote_active":false,"_monsterinsights_sitenote_note":"","_monsterinsights_sitenote_category":0},"categories":[1],"tags":[],"aioseo_notices":[],"gutentor_comment":0,"rttpg_featured_image_url":{"full":["https:\/\/arantv.az\/wp-content\/uploads\/2018\/10\/12_51539867472.png",409,302,false],"landscape":["https:\/\/arantv.az\/wp-content\/uploads\/2018\/10\/12_51539867472.png",409,302,false],"portraits":["https:\/\/arantv.az\/wp-content\/uploads\/2018\/10\/12_51539867472.png",409,302,false],"thumbnail":["https:\/\/arantv.az\/wp-content\/uploads\/2018\/10\/12_51539867472-150x150.png",150,150,true],"medium":["https:\/\/arantv.az\/wp-content\/uploads\/2018\/10\/12_51539867472-300x222.png",300,222,true],"large":["https:\/\/arantv.az\/wp-content\/uploads\/2018\/10\/12_51539867472.png",409,302,false],"1536x1536":["https:\/\/arantv.az\/wp-content\/uploads\/2018\/10\/12_51539867472.png",409,302,false],"2048x2048":["https:\/\/arantv.az\/wp-content\/uploads\/2018\/10\/12_51539867472.png",409,302,false],"post-thumbnail":["https:\/\/arantv.az\/wp-content\/uploads\/2018\/10\/12_51539867472-240x172.png",240,172,true],"advps-thumb-one":["https:\/\/arantv.az\/wp-content\/uploads\/2018\/10\/12_51539867472.png",409,302,false]},"rttpg_author":{"display_name":"V\u00fcsal Rafiqo\u011flu","author_link":"https:\/\/arantv.az\/?author=2"},"rttpg_comment":0,"rttpg_category":"<a href=\"https:\/\/arantv.az\/?cat=1\" rel=\"category\">C\u0259miyy\u0259t<\/a>","rttpg_excerpt":"X\u0259b\u0259r verdiyimiz kimi, 15 ya\u015fl\u0131 Aytac efir\u0259 \u00e7\u0131x\u0131b atas\u0131 Firdovsinin h\u0259bs edilm\u0259sini ist\u0259mi\u015fdi. ARANTV.AZ\u00a0x\u0259b\u0259r verir ki, Firdovsinin t\u00f6r\u0259tdiyi v\u0259h\u015filikl\u0259r h\u0259r k\u0259si \u015foka sal\u0131b. Bel\u0259 ki, bu bar\u0259d\u0259 X\u0259z\u0259r televiziyas\u0131nda Xo\u015fq\u0259d\u0259m Hiday\u0259tq\u0131z\u0131n\u0131n \u201cS\u0259ni Axtar\u0131ram\u201d verili\u015find\u0259 m\u0259lumat verilib.Verili\u015fd\u0259 \u00e7\u0131x\u0131\u015f ed\u0259n Firdovsinin anas\u0131 bildirib ki, dig\u0259r \u00f6vladlar\u0131 onun qorxusundan yax\u0131n g\u0259l\u0259 bilmirmi\u015f: \u201cQorxurlar ki, vuraca\u011f\u0131q, \u00f6l\u0259c\u0259k. Firdovsi spirtli&hellip;","_links":{"self":[{"href":"https:\/\/arantv.az\/index.php?rest_route=\/wp\/v2\/posts\/19860"}],"collection":[{"href":"https:\/\/arantv.az\/index.php?rest_route=\/wp\/v2\/posts"}],"about":[{"href":"https:\/\/arantv.az\/index.php?rest_route=\/wp\/v2\/types\/post"}],"author":[{"embeddable":true,"href":"https:\/\/arantv.az\/index.php?rest_route=\/wp\/v2\/users\/2"}],"replies":[{"embeddable":true,"href":"https:\/\/arantv.az\/index.php?rest_route=%2Fwp%2Fv2%2Fcomments&post=19860"}],"version-history":[{"count":0,"href":"https:\/\/arantv.az\/index.php?rest_route=\/wp\/v2\/posts\/19860\/revisions"}],"wp:featuredmedia":[{"embeddable":true,"href":"https:\/\/arantv.az\/index.php?rest_route=\/wp\/v2\/media\/19861"}],"wp:attachment":[{"href":"https:\/\/arantv.az\/index.php?rest_route=%2Fwp%2Fv2%2Fmedia&parent=19860"}],"wp:term":[{"taxonomy":"category","embeddable":true,"href":"https:\/\/arantv.az\/index.php?rest_route=%2Fwp%2Fv2%2Fcategories&post=19860"},{"taxonomy":"post_tag","embeddable":true,"href":"https:\/\/arantv.az\/index.php?rest_route=%2Fwp%2Fv2%2Ftags&post=19860"}],"curies":[{"name":"wp","href":"https:\/\/api.w.org\/{rel}","templated":true}]}}