{"id":19873,"date":"2018-10-18T16:35:55","date_gmt":"2018-10-18T13:35:55","guid":{"rendered":"http:\/\/arantv.az\/?p=19873"},"modified":"2018-10-18T16:35:55","modified_gmt":"2018-10-18T13:35:55","slug":"o-dovrd%c9%99ki-hakimiyy%c9%99tin-dovl%c9%99t-must%c9%99qillik-aktina-imza-atmasinin-s%c9%99b%c9%99bi-heyd%c9%99r-%c9%99liyevin-apardigi-siyas%c9%99t-olub-deputat","status":"publish","type":"post","link":"https:\/\/arantv.az\/?p=19873","title":{"rendered":"&#8220;O d\u00f6vrd\u0259ki hakimiyy\u0259tin d\u00f6vl\u0259t M\u00fcst\u0259qillik Akt\u0131na imza atmas\u0131n\u0131n s\u0259b\u0259bi Heyd\u0259r \u018fliyevin apard\u0131\u011f\u0131 siyas\u0259t olub&#8221; \u2014 Deputat"},"content":{"rendered":"<div class=\"spot\">Oktyabr\u0131n 18-d\u0259 Az\u0259rbaycan Respublikas\u0131n\u0131n Prezidenti yan\u0131nda D\u00f6vl\u0259t \u0130dar\u0259\u00e7ilik Akademiyas\u0131nda D\u00f6vl\u0259t M\u00fcst\u0259qilliyi G\u00fcn\u00fc il\u0259 \u0259laq\u0259dar elmi-praktik konfrans ke\u00e7irilib.<\/div>\n<p><strong>ARANTV.AZ<\/strong> x\u0259b\u0259r verir ki, akademiyan\u0131n rektoru akademik Urxan \u018fl\u0259kb\u0259rov \u00f6t\u0259n 27 il \u0259rzind\u0259 Az\u0259rbaycan\u0131n qazand\u0131\u011f\u0131 nailiyy\u0259tl\u0259rd\u0259n dan\u0131\u015f\u0131b, \u00f6lk\u0259nin u\u011furlu inki\u015faf\u0131 say\u0259sind\u0259 d\u00f6vl\u0259t\u00e7ilik \u0259n\u0259n\u0259l\u0259rimizin m\u00f6hk\u0259ml\u0259ndiyini, iqtisadi v\u0259 siyasi g\u00fcc\u00fcm\u00fcz\u00fcn artd\u0131\u011f\u0131n\u0131 bildirib.<\/p>\n<p>Diqq\u0259t\u0259 \u00e7atd\u0131r\u0131b ki, m\u00fcst\u0259qil Az\u0259rbaycan Respublikas\u0131 bu g\u00fcn h\u0259r bir az\u0259rbaycanl\u0131 \u00fc\u00e7\u00fcn \u0259sl q\u00fcrur m\u0259nb\u0259yin\u0259 \u00e7evrilib.<\/p>\n<p>Urxan \u018fl\u0259kb\u0259rov vur\u011fulay\u0131b ki, m\u00fcst\u0259qilliyin ilk ill\u0259rind\u0259 Az\u0259rbaycan d\u0259rin siyasi, iqtisadi v\u0259 sosial b\u00f6hranla yana\u015f\u0131, Erm\u0259nistan\u0131n h\u0259rbi t\u0259cav\u00fcz\u00fc, xalq\u0131m\u0131za qar\u015f\u0131 h\u0259yata ke\u00e7iril\u0259n etnik t\u0259mizl\u0259m\u0259 siyas\u0259ti il\u0259 \u00fczl\u0259\u015fib:<\/p>\n<p>&#8220;Xalq\u0131m\u0131z\u0131n t\u0259kidli t\u0259l\u0259bi il\u0259 ulu \u00f6nd\u0259r Heyd\u0259r \u018fliyevin 1993-c\u00fc ild\u0259 hakimiyy\u0259t\u0259 qay\u0131d\u0131\u015f\u0131 v\u0259 apard\u0131\u011f\u0131 m\u00fcdrik siyas\u0259t n\u0259tic\u0259sind\u0259 \u00f6lk\u0259miz par\u00e7alanma t\u0259hl\u00fck\u0259sind\u0259n, v\u0259t\u0259nda\u015f m\u00fcharib\u0259sind\u0259n xilas edildi. \u0130ctimai-siyasi sabitlik b\u0259rq\u0259rar oldu v\u0259 b\u00fct\u00fcn sah\u0259l\u0259rd\u0259 u\u011furlu islahatlar\u0131n ba\u015flanmas\u0131na z\u0259min yarad\u0131ld\u0131. D\u00f6vl\u0259t m\u00fcst\u0259qilliyinin ilk ill\u0259rind\u0259 \u201cM\u00fcst\u0259qilliyimiz d\u00f6nm\u0259zdir, \u0259b\u0259didir\u201d dey\u0259n \u00dcmummilli Liderin Az\u0259rbaycan\u0131n q\u00fcdr\u0259tli \u00f6lk\u0259y\u0259 \u00e7evrilm\u0259sin\u0259 y\u00f6n\u0259lmi\u015f m\u00fcdrik siyas\u0259ti bu g\u00fcn Prezident \u0130lham \u018fliyev t\u0259r\u0259find\u0259n u\u011furla davam etdirilir&#8221;.<\/p>\n<div id=\"AdributorNativeVideo0\" class=\"AdributorNativeVideo\"><\/div>\n<p>D\u00f6vl\u0259t \u0130dar\u0259\u00e7ilik Akademiyas\u0131n\u0131n professoru, Milli M\u0259clisin deputat\u0131 Elman N\u0259sirov bildirib ki, o zamank\u0131 hakimiyy\u0259tin d\u00f6vl\u0259t m\u00fcst\u0259qilliyi il\u0259 ba\u011fl\u0131 Konstitusiya Akt\u0131na imza atmas\u0131n\u0131n s\u0259b\u0259bi m\u0259hz ulu \u00f6nd\u0259r Heyd\u0259r \u018fliyevin apard\u0131\u011f\u0131 siyas\u0259t olub:<\/p>\n<p>&#8220;Bel\u0259 ki, 1990-c\u0131 ilin iyulunda Moskvadan Nax\u00e7\u0131vana qay\u0131dan ulu \u00f6nd\u0259r Heyd\u0259r \u018fliyev buradan Az\u0259rbaycan\u0131n qurtulu\u015f m\u00fcbariz\u0259sin\u0259 r\u0259hb\u0259rlik etdi. 1990-c\u0131 il noyabr\u0131n 17-d\u0259 Nax\u00e7\u0131van MSSR Ali Sovetinin Heyd\u0259r \u018fliyevin s\u0259drliyi il\u0259 ke\u00e7iril\u0259n ilk sessiyas\u0131nda \u201cNax\u00e7\u0131van MSSR-in ad\u0131n\u0131n d\u0259yi\u015fdirilm\u0259si haqq\u0131nda\u201d, \u201cNax\u00e7\u0131van MR Ali D\u00f6vl\u0259t hakimiyy\u0259ti orqan\u0131 haqq\u0131nda\u201d, \u201cNax\u00e7\u0131van Muxtar Respublikas\u0131n\u0131n d\u00f6vl\u0259t r\u0259mzl\u0259ri haqq\u0131nda\u201d qanunlar q\u0259bul olundu. Bu qanunlar\u0131n q\u0259bulu il\u0259 \u00dcmummilli Lider o vaxtk\u0131 Az\u0259rbaycan r\u0259hb\u0259rliyi qar\u015f\u0131s\u0131nda m\u00fcst\u0259qil olmaq t\u0259l\u0259bini qoydu. 1993-c\u00fc ild\u0259 yenid\u0259n hakimiyy\u0259t\u0259 qay\u0131dan Ulu \u00d6nd\u0259r Az\u0259rbaycan\u0131n d\u00f6vl\u0259t\u00e7iliyi u\u011frunda f\u0259aliyy\u0259tini art\u0131rd\u0131. Bu g\u00fcn bu \u015f\u0259r\u0259fli missiyan\u0131 Prezident \u0130lham \u018fliyev u\u011furla davam etdirir. Bunun n\u0259tic\u0259sidir ki, Az\u0259rbaycan regionda v\u0259 d\u00fcnyada n\u00fcfuzlu d\u00f6vl\u0259t\u0259 \u00e7evrilib&#8221;.<\/p>\n<p>Akademiyan\u0131n siyasi idar\u0259etm\u0259 fak\u00fclt\u0259sinin dekan\u0131, professor El\u00e7in \u018fhm\u0259dov qeyd edib ki, m\u00fcst\u0259qilliyinin ilk ill\u0259rind\u0259 Az\u0259rbaycanda g\u0259rgin h\u0259rbi-siyasi v\u0259ziyy\u0259t h\u00f6km s\u00fcr\u00fcrd\u00fc:<\/p>\n<p>&#8220;\u00d6lk\u0259 par\u00e7alanmaq, m\u0259hv olmaq t\u0259hl\u00fck\u0259si il\u0259 \u00fcz-\u00fcz\u0259 qalm\u0131\u015fd\u0131. 1993-c\u00fc ild\u0259 xalq\u0131m\u0131z\u0131n t\u0259kidli t\u0259l\u0259bi il\u0259 ulu \u00f6nd\u0259r Heyd\u0259r \u018fliyevin hakimiyy\u0259t\u0259 qay\u0131d\u0131\u015f\u0131 Az\u0259rbaycan\u0131n siyasi, iqtisadi, sosial, m\u0259d\u0259ni h\u0259yat\u0131nda b\u00f6y\u00fck d\u0259yi\u015fiklikl\u0259rin ba\u015flan\u011f\u0131c\u0131n\u0131 qoydu. M\u0259hz Heyd\u0259r \u018fliyev Az\u0259rbaycan xalq\u0131n\u0131 a\u011f\u0131r v\u0259ziyy\u0259td\u0259n \u00e7\u0131xard\u0131. \u0130lk olaraq c\u0259bh\u0259d\u0259 at\u0259\u015fk\u0259s elan olundu, Ulu \u00d6nd\u0259rin siyasi uzaqg\u00f6r\u0259nliyi, q\u0259tiyy\u0259ti v\u0259 \u0259zmkarl\u0131\u011f\u0131 say\u0259sind\u0259 \u00f6lk\u0259ni t\u0259crid v\u0259ziyy\u0259tind\u0259n \u00e7\u0131xaran \u201c\u018fsrin m\u00fcqavil\u0259si\u201d imzaland\u0131. Bel\u0259likl\u0259, Az\u0259rbaycan b\u00f6y\u00fck inki\u015faf yoluna q\u0259d\u0259m qoydu. \u00dcmummilli Liderin m\u00fcdrik siyas\u0259ti v\u0259 bu siyas\u0259tin haz\u0131rda Prezident \u0130lham \u018fliyev t\u0259r\u0259find\u0259n m\u00fcv\u0259ff\u0259qiyy\u0259tl\u0259 davam etdirilm\u0259si n\u0259tic\u0259sind\u0259 bu g\u00fcn Az\u0259rbaycan d\u00fcnyada b\u00f6y\u00fck n\u00fcfuza sahib olan, \u00f6z s\u00f6z\u00fcn\u00fc dey\u0259n bir \u00f6lk\u0259y\u0259 \u00e7evrilib&#8221;.<\/p>\n<p>Daha sonra D\u0130A-n\u0131n tarix kafedras\u0131n\u0131n m\u00fcdiri dosent Firdovsiy\u0259 \u018fhm\u0259dova, h\u0259min kafedran\u0131n professoru Musa Quliyev v\u0259 dig\u0259rl\u0259ri \u00e7\u0131x\u0131\u015f ed\u0259r\u0259k 27 il \u0259vv\u0259l Az\u0259rbaycan\u0131n d\u00f6vl\u0259t m\u00fcst\u0259qilliyinin b\u0259rpa edilm\u0259sini xalq\u0131m\u0131z\u0131n tarixind\u0259 \u0259n b\u00f6y\u00fck hadis\u0259l\u0259rd\u0259n biri kimi qiym\u0259tl\u0259ndirib, \u00f6lk\u0259mizin \u0259ld\u0259 etdiyi u\u011furlar bar\u0259d\u0259 fikirl\u0259rini b\u00f6l\u00fc\u015f\u00fcbl\u0259r.<\/p>\n<p><img src=\"http:\/\/olke.az\/uploads\/images\/44315835_276408566543123_3867845185098481664_n.jpg\" alt=\"\" width=\"100%\" \/><\/p>\n<p>\u00d6lk\u0259.Az<\/p>\n","protected":false},"excerpt":{"rendered":"<p>Oktyabr\u0131n 18-d\u0259 Az\u0259rbaycan Respublikas\u0131n\u0131n Prezidenti yan\u0131nda D\u00f6vl\u0259t \u0130dar\u0259\u00e7ilik Akademiyas\u0131nda D\u00f6vl\u0259t M\u00fcst\u0259qilliyi G\u00fcn\u00fc il\u0259 \u0259laq\u0259dar elmi-praktik konfrans ke\u00e7irilib. ARANTV.AZ x\u0259b\u0259r verir ki, akademiyan\u0131n rektoru akademik Urxan \u018fl\u0259kb\u0259rov \u00f6t\u0259n 27 il \u0259rzind\u0259 Az\u0259rbaycan\u0131n qazand\u0131\u011f\u0131 nailiyy\u0259tl\u0259rd\u0259n dan\u0131\u015f\u0131b, \u00f6lk\u0259nin u\u011furlu inki\u015faf\u0131 say\u0259sind\u0259 d\u00f6vl\u0259t\u00e7ilik \u0259n\u0259n\u0259l\u0259rimizin m\u00f6hk\u0259ml\u0259ndiyini, iqtisadi v\u0259 siyasi g\u00fcc\u00fcm\u00fcz\u00fcn artd\u0131\u011f\u0131n\u0131 bildirib. Diqq\u0259t\u0259 \u00e7atd\u0131r\u0131b ki, m\u00fcst\u0259qil Az\u0259rbaycan Respublikas\u0131 bu g\u00fcn h\u0259r bir az\u0259rbaycanl\u0131 \u00fc\u00e7\u00fcn \u0259sl q\u00fcrur m\u0259nb\u0259yin\u0259 \u00e7evrilib. Urxan \u018fl\u0259kb\u0259rov vur\u011fulay\u0131b ki, m\u00fcst\u0259qilliyin ilk ill\u0259rind\u0259 Az\u0259rbaycan d\u0259rin siyasi, iqtisadi v\u0259 sosial b\u00f6hranla yana\u015f\u0131, Erm\u0259nistan\u0131n h\u0259rbi t\u0259cav\u00fcz\u00fc, xalq\u0131m\u0131za qar\u015f\u0131 h\u0259yata ke\u00e7iril\u0259n etnik t\u0259mizl\u0259m\u0259 siyas\u0259ti il\u0259 \u00fczl\u0259\u015fib:&hellip;<\/p>\n","protected":false},"author":2,"featured_media":19874,"comment_status":"closed","ping_status":"closed","sticky":false,"template":"","format":"standard","meta":{"om_disable_all_campaigns":false,"_monsterinsights_skip_tracking":false,"_monsterinsights_sitenote_active":false,"_monsterinsights_sitenote_note":"","_monsterinsights_sitenote_category":0},"categories":[19],"tags":[],"aioseo_notices":[],"gutentor_comment":0,"rttpg_featured_image_url":{"full":["https:\/\/arantv.az\/wp-content\/uploads\/2018\/10\/elmannesirov.jpg",620,375,false],"landscape":["https:\/\/arantv.az\/wp-content\/uploads\/2018\/10\/elmannesirov.jpg",620,375,false],"portraits":["https:\/\/arantv.az\/wp-content\/uploads\/2018\/10\/elmannesirov.jpg",620,375,false],"thumbnail":["https:\/\/arantv.az\/wp-content\/uploads\/2018\/10\/elmannesirov-150x150.jpg",150,150,true],"medium":["https:\/\/arantv.az\/wp-content\/uploads\/2018\/10\/elmannesirov-300x181.jpg",300,181,true],"large":["https:\/\/arantv.az\/wp-content\/uploads\/2018\/10\/elmannesirov.jpg",620,375,false],"1536x1536":["https:\/\/arantv.az\/wp-content\/uploads\/2018\/10\/elmannesirov.jpg",620,375,false],"2048x2048":["https:\/\/arantv.az\/wp-content\/uploads\/2018\/10\/elmannesirov.jpg",620,375,false],"post-thumbnail":["https:\/\/arantv.az\/wp-content\/uploads\/2018\/10\/elmannesirov-240x172.jpg",240,172,true],"advps-thumb-one":["https:\/\/arantv.az\/wp-content\/uploads\/2018\/10\/elmannesirov.jpg",620,375,false]},"rttpg_author":{"display_name":"V\u00fcsal Rafiqo\u011flu","author_link":"https:\/\/arantv.az\/?author=2"},"rttpg_comment":0,"rttpg_category":"<a href=\"https:\/\/arantv.az\/?cat=19\" rel=\"category\">G\u00fcnd\u0259m<\/a>","rttpg_excerpt":"Oktyabr\u0131n 18-d\u0259 Az\u0259rbaycan Respublikas\u0131n\u0131n Prezidenti yan\u0131nda D\u00f6vl\u0259t \u0130dar\u0259\u00e7ilik Akademiyas\u0131nda D\u00f6vl\u0259t M\u00fcst\u0259qilliyi G\u00fcn\u00fc il\u0259 \u0259laq\u0259dar elmi-praktik konfrans ke\u00e7irilib. ARANTV.AZ x\u0259b\u0259r verir ki, akademiyan\u0131n rektoru akademik Urxan \u018fl\u0259kb\u0259rov \u00f6t\u0259n 27 il \u0259rzind\u0259 Az\u0259rbaycan\u0131n qazand\u0131\u011f\u0131 nailiyy\u0259tl\u0259rd\u0259n dan\u0131\u015f\u0131b, \u00f6lk\u0259nin u\u011furlu inki\u015faf\u0131 say\u0259sind\u0259 d\u00f6vl\u0259t\u00e7ilik \u0259n\u0259n\u0259l\u0259rimizin m\u00f6hk\u0259ml\u0259ndiyini, iqtisadi v\u0259 siyasi g\u00fcc\u00fcm\u00fcz\u00fcn artd\u0131\u011f\u0131n\u0131 bildirib. Diqq\u0259t\u0259 \u00e7atd\u0131r\u0131b ki, m\u00fcst\u0259qil Az\u0259rbaycan Respublikas\u0131 bu g\u00fcn&hellip;","_links":{"self":[{"href":"https:\/\/arantv.az\/index.php?rest_route=\/wp\/v2\/posts\/19873"}],"collection":[{"href":"https:\/\/arantv.az\/index.php?rest_route=\/wp\/v2\/posts"}],"about":[{"href":"https:\/\/arantv.az\/index.php?rest_route=\/wp\/v2\/types\/post"}],"author":[{"embeddable":true,"href":"https:\/\/arantv.az\/index.php?rest_route=\/wp\/v2\/users\/2"}],"replies":[{"embeddable":true,"href":"https:\/\/arantv.az\/index.php?rest_route=%2Fwp%2Fv2%2Fcomments&post=19873"}],"version-history":[{"count":0,"href":"https:\/\/arantv.az\/index.php?rest_route=\/wp\/v2\/posts\/19873\/revisions"}],"wp:featuredmedia":[{"embeddable":true,"href":"https:\/\/arantv.az\/index.php?rest_route=\/wp\/v2\/media\/19874"}],"wp:attachment":[{"href":"https:\/\/arantv.az\/index.php?rest_route=%2Fwp%2Fv2%2Fmedia&parent=19873"}],"wp:term":[{"taxonomy":"category","embeddable":true,"href":"https:\/\/arantv.az\/index.php?rest_route=%2Fwp%2Fv2%2Fcategories&post=19873"},{"taxonomy":"post_tag","embeddable":true,"href":"https:\/\/arantv.az\/index.php?rest_route=%2Fwp%2Fv2%2Ftags&post=19873"}],"curies":[{"name":"wp","href":"https:\/\/api.w.org\/{rel}","templated":true}]}}