{"id":198864,"date":"2020-08-01T08:59:04","date_gmt":"2020-08-01T05:59:04","guid":{"rendered":"http:\/\/arantv.az\/?p=198864"},"modified":"2020-08-01T08:59:04","modified_gmt":"2020-08-01T05:59:04","slug":"ust-r%c9%99smisind%c9%99n-az%c9%99rbaycan-xalqina-cagiris-qis-aylarinda","status":"publish","type":"post","link":"https:\/\/arantv.az\/?p=198864","title":{"rendered":"\u00dcST r\u0259smisind\u0259n Az\u0259rbaycan xalq\u0131na \u00c7A\u011eIRI\u015e: \u201cQ\u0131\u015f aylar\u0131nda&#8230;\u201d"},"content":{"rendered":"<p>\u201cOperativ q\u0259rargah t\u0259r\u0259find\u0259n veril\u0259n q\u0259rarlar s\u00fcbuta dayanaraq q\u0259bul edilir\u201d.<\/p>\n<p><b>ARANTV.AZ<\/b>-\u0131n m\u0259lumat\u0131na g\u00f6r\u0259, bunu m\u0259tbuat konfrans\u0131nda \u00dcmumd\u00fcnya S\u0259hiyy\u0259 T\u0259\u015fkilat\u0131n\u0131n (\u00dcST) Az\u0259rbaycandak\u0131 n\u00fcmay\u0259nd\u0259si Hande Harmanc\u0131 bildirib.<\/p>\n<div id=\"AdviadNativeVideo0\" class=\"AdviadNativeVideo\"><\/div>\n<p>Onun s\u00f6zl\u0259rin\u0259 g\u00f6r\u0259, b\u00fct\u00fcn\u00a0q\u0259rarlar yoluxman\u0131n azalmas\u0131 \u00fc\u00e7\u00fcn, daha az insan yoluxsun dey\u0259 q\u0259bul edilir:<\/p>\n<p>\u201c\u0130nsanlara \u00e7a\u011f\u0131r\u0131\u015f edir\u0259m ki, h\u00f6kum\u0259t\u0259 g\u00fcv\u0259nin. Qaydalara \u0259m\u0259l ed\u0259k ki, q\u0131\u015f aylar\u0131nda daha az yoluxma il\u0259 qar\u015f\u0131la\u015faq\u201d.Oxu.Az<\/p>\n","protected":false},"excerpt":{"rendered":"<p>\u201cOperativ q\u0259rargah t\u0259r\u0259find\u0259n veril\u0259n q\u0259rarlar s\u00fcbuta dayanaraq q\u0259bul edilir\u201d. ARANTV.AZ-\u0131n m\u0259lumat\u0131na g\u00f6r\u0259, bunu m\u0259tbuat konfrans\u0131nda \u00dcmumd\u00fcnya S\u0259hiyy\u0259 T\u0259\u015fkilat\u0131n\u0131n (\u00dcST) Az\u0259rbaycandak\u0131 n\u00fcmay\u0259nd\u0259si Hande Harmanc\u0131 bildirib. Onun s\u00f6zl\u0259rin\u0259 g\u00f6r\u0259, b\u00fct\u00fcn\u00a0q\u0259rarlar yoluxman\u0131n azalmas\u0131 \u00fc\u00e7\u00fcn, daha az insan yoluxsun dey\u0259 q\u0259bul edilir: \u201c\u0130nsanlara \u00e7a\u011f\u0131r\u0131\u015f edir\u0259m ki, h\u00f6kum\u0259t\u0259 g\u00fcv\u0259nin. Qaydalara \u0259m\u0259l ed\u0259k ki, q\u0131\u015f aylar\u0131nda daha az yoluxma il\u0259 qar\u015f\u0131la\u015faq\u201d.Oxu.Az<\/p>\n","protected":false},"author":2,"featured_media":198865,"comment_status":"closed","ping_status":"closed","sticky":false,"template":"","format":"standard","meta":{"om_disable_all_campaigns":false,"_monsterinsights_skip_tracking":false,"_monsterinsights_sitenote_active":false,"_monsterinsights_sitenote_note":"","_monsterinsights_sitenote_category":0},"categories":[26],"tags":[],"aioseo_notices":[],"gutentor_comment":0,"rttpg_featured_image_url":{"full":["https:\/\/arantv.az\/wp-content\/uploads\/2020\/08\/handeee.jpg",620,397,false],"landscape":["https:\/\/arantv.az\/wp-content\/uploads\/2020\/08\/handeee.jpg",620,397,false],"portraits":["https:\/\/arantv.az\/wp-content\/uploads\/2020\/08\/handeee.jpg",620,397,false],"thumbnail":["https:\/\/arantv.az\/wp-content\/uploads\/2020\/08\/handeee-150x150.jpg",150,150,true],"medium":["https:\/\/arantv.az\/wp-content\/uploads\/2020\/08\/handeee-300x192.jpg",300,192,true],"large":["https:\/\/arantv.az\/wp-content\/uploads\/2020\/08\/handeee.jpg",620,397,false],"1536x1536":["https:\/\/arantv.az\/wp-content\/uploads\/2020\/08\/handeee.jpg",620,397,false],"2048x2048":["https:\/\/arantv.az\/wp-content\/uploads\/2020\/08\/handeee.jpg",620,397,false],"post-thumbnail":["https:\/\/arantv.az\/wp-content\/uploads\/2020\/08\/handeee-240x172.jpg",240,172,true],"advps-thumb-one":["https:\/\/arantv.az\/wp-content\/uploads\/2020\/08\/handeee.jpg",620,397,false]},"rttpg_author":{"display_name":"V\u00fcsal Rafiqo\u011flu","author_link":"https:\/\/arantv.az\/?author=2"},"rttpg_comment":0,"rttpg_category":"<a href=\"https:\/\/arantv.az\/?cat=26\" rel=\"category\">Sosial<\/a>","rttpg_excerpt":"\u201cOperativ q\u0259rargah t\u0259r\u0259find\u0259n veril\u0259n q\u0259rarlar s\u00fcbuta dayanaraq q\u0259bul edilir\u201d. ARANTV.AZ-\u0131n m\u0259lumat\u0131na g\u00f6r\u0259, bunu m\u0259tbuat konfrans\u0131nda \u00dcmumd\u00fcnya S\u0259hiyy\u0259 T\u0259\u015fkilat\u0131n\u0131n (\u00dcST) Az\u0259rbaycandak\u0131 n\u00fcmay\u0259nd\u0259si Hande Harmanc\u0131 bildirib. Onun s\u00f6zl\u0259rin\u0259 g\u00f6r\u0259, b\u00fct\u00fcn\u00a0q\u0259rarlar yoluxman\u0131n azalmas\u0131 \u00fc\u00e7\u00fcn, daha az insan yoluxsun dey\u0259 q\u0259bul edilir: \u201c\u0130nsanlara \u00e7a\u011f\u0131r\u0131\u015f edir\u0259m ki, h\u00f6kum\u0259t\u0259 g\u00fcv\u0259nin. Qaydalara \u0259m\u0259l ed\u0259k ki, q\u0131\u015f aylar\u0131nda daha az yoluxma il\u0259 qar\u015f\u0131la\u015faq\u201d.Oxu.Az","_links":{"self":[{"href":"https:\/\/arantv.az\/index.php?rest_route=\/wp\/v2\/posts\/198864"}],"collection":[{"href":"https:\/\/arantv.az\/index.php?rest_route=\/wp\/v2\/posts"}],"about":[{"href":"https:\/\/arantv.az\/index.php?rest_route=\/wp\/v2\/types\/post"}],"author":[{"embeddable":true,"href":"https:\/\/arantv.az\/index.php?rest_route=\/wp\/v2\/users\/2"}],"replies":[{"embeddable":true,"href":"https:\/\/arantv.az\/index.php?rest_route=%2Fwp%2Fv2%2Fcomments&post=198864"}],"version-history":[{"count":0,"href":"https:\/\/arantv.az\/index.php?rest_route=\/wp\/v2\/posts\/198864\/revisions"}],"wp:featuredmedia":[{"embeddable":true,"href":"https:\/\/arantv.az\/index.php?rest_route=\/wp\/v2\/media\/198865"}],"wp:attachment":[{"href":"https:\/\/arantv.az\/index.php?rest_route=%2Fwp%2Fv2%2Fmedia&parent=198864"}],"wp:term":[{"taxonomy":"category","embeddable":true,"href":"https:\/\/arantv.az\/index.php?rest_route=%2Fwp%2Fv2%2Fcategories&post=198864"},{"taxonomy":"post_tag","embeddable":true,"href":"https:\/\/arantv.az\/index.php?rest_route=%2Fwp%2Fv2%2Ftags&post=198864"}],"curies":[{"name":"wp","href":"https:\/\/api.w.org\/{rel}","templated":true}]}}