{"id":199052,"date":"2020-08-01T11:34:50","date_gmt":"2020-08-01T08:34:50","guid":{"rendered":"http:\/\/arantv.az\/?p=199052"},"modified":"2020-08-01T11:34:50","modified_gmt":"2020-08-01T08:34:50","slug":"d%c9%99nizd%c9%99-batan-iki-yeniyetm%c9%99d%c9%99n-birinin-meyiti-tapildi","status":"publish","type":"post","link":"https:\/\/arantv.az\/?p=199052","title":{"rendered":"D\u0259nizd\u0259 batan iki yeniyetm\u0259d\u0259n birinin meyiti tap\u0131ld\u0131"},"content":{"rendered":"<p>\u0130yulun 30-da Sumqay\u0131t \u015f\u0259h\u0259rind\u0259, d\u0259nizd\u0259 (n\u0259zar\u0259tsiz \u0259razid\u0259) batan 2005-ci il t\u0259v\u0259ll\u00fcdl\u00fc M\u0259mm\u0259dov Babalar Famil o\u011flunun meyiti F\u00f6vq\u0259lad\u0259 Hallar Nazirliyinin Ki\u00e7ikh\u0259cmli G\u0259mil\u0259r\u0259 N\u0259zar\u0259t v\u0259 Sularda Xilasetm\u0259 D\u00f6vl\u0259t Xidm\u0259tinin dal\u011f\u0131c-axtar\u0131\u015f qrupu t\u0259r\u0259find\u0259n tap\u0131laraq aidiyy\u0259ti \u00fczr\u0259 t\u0259hvil verilib.<\/p>\n<div id=\"AdviadNativeVideo0\" class=\"AdviadNativeVideo\"><\/div>\n<p>Bu bar\u0259d\u0259 F\u00f6vq\u0259lad\u0259 Hallar Nazirliyi m\u0259lumat yay\u0131b.<\/p>\n<p>Bildirilib ki, eyni g\u00fcnd\u0259 h\u0259min \u0259razid\u0259 batan 2005-ci il t\u0259v\u0259ll\u00fcdl\u00fc V\u0259liyev P\u0259rviz \u015eaiq o\u011flunun axtar\u0131\u015flar\u0131 davam etdirilir.<\/p>\n","protected":false},"excerpt":{"rendered":"<p>\u0130yulun 30-da Sumqay\u0131t \u015f\u0259h\u0259rind\u0259, d\u0259nizd\u0259 (n\u0259zar\u0259tsiz \u0259razid\u0259) batan 2005-ci il t\u0259v\u0259ll\u00fcdl\u00fc M\u0259mm\u0259dov Babalar Famil o\u011flunun meyiti F\u00f6vq\u0259lad\u0259 Hallar Nazirliyinin Ki\u00e7ikh\u0259cmli G\u0259mil\u0259r\u0259 N\u0259zar\u0259t v\u0259 Sularda Xilasetm\u0259 D\u00f6vl\u0259t Xidm\u0259tinin dal\u011f\u0131c-axtar\u0131\u015f qrupu t\u0259r\u0259find\u0259n tap\u0131laraq aidiyy\u0259ti \u00fczr\u0259 t\u0259hvil verilib. Bu bar\u0259d\u0259 F\u00f6vq\u0259lad\u0259 Hallar Nazirliyi m\u0259lumat yay\u0131b. Bildirilib ki, eyni g\u00fcnd\u0259 h\u0259min \u0259razid\u0259 batan 2005-ci il t\u0259v\u0259ll\u00fcdl\u00fc V\u0259liyev P\u0259rviz \u015eaiq o\u011flunun axtar\u0131\u015flar\u0131 davam etdirilir.<\/p>\n","protected":false},"author":2,"featured_media":199053,"comment_status":"closed","ping_status":"closed","sticky":false,"template":"","format":"standard","meta":{"om_disable_all_campaigns":false,"_monsterinsights_skip_tracking":false,"_monsterinsights_sitenote_active":false,"_monsterinsights_sitenote_note":"","_monsterinsights_sitenote_category":0},"categories":[5],"tags":[],"aioseo_notices":[],"gutentor_comment":0,"rttpg_featured_image_url":{"full":["https:\/\/arantv.az\/wp-content\/uploads\/2020\/08\/DHdW08qWAAQHH0R.jpg",620,411,false],"landscape":["https:\/\/arantv.az\/wp-content\/uploads\/2020\/08\/DHdW08qWAAQHH0R.jpg",620,411,false],"portraits":["https:\/\/arantv.az\/wp-content\/uploads\/2020\/08\/DHdW08qWAAQHH0R.jpg",620,411,false],"thumbnail":["https:\/\/arantv.az\/wp-content\/uploads\/2020\/08\/DHdW08qWAAQHH0R-150x150.jpg",150,150,true],"medium":["https:\/\/arantv.az\/wp-content\/uploads\/2020\/08\/DHdW08qWAAQHH0R-300x199.jpg",300,199,true],"large":["https:\/\/arantv.az\/wp-content\/uploads\/2020\/08\/DHdW08qWAAQHH0R.jpg",620,411,false],"1536x1536":["https:\/\/arantv.az\/wp-content\/uploads\/2020\/08\/DHdW08qWAAQHH0R.jpg",620,411,false],"2048x2048":["https:\/\/arantv.az\/wp-content\/uploads\/2020\/08\/DHdW08qWAAQHH0R.jpg",620,411,false],"post-thumbnail":["https:\/\/arantv.az\/wp-content\/uploads\/2020\/08\/DHdW08qWAAQHH0R-240x172.jpg",240,172,true],"advps-thumb-one":["https:\/\/arantv.az\/wp-content\/uploads\/2020\/08\/DHdW08qWAAQHH0R.jpg",620,411,false]},"rttpg_author":{"display_name":"V\u00fcsal Rafiqo\u011flu","author_link":"https:\/\/arantv.az\/?author=2"},"rttpg_comment":0,"rttpg_category":"<a href=\"https:\/\/arantv.az\/?cat=5\" rel=\"category\">Hadis\u0259<\/a>","rttpg_excerpt":"\u0130yulun 30-da Sumqay\u0131t \u015f\u0259h\u0259rind\u0259, d\u0259nizd\u0259 (n\u0259zar\u0259tsiz \u0259razid\u0259) batan 2005-ci il t\u0259v\u0259ll\u00fcdl\u00fc M\u0259mm\u0259dov Babalar Famil o\u011flunun meyiti F\u00f6vq\u0259lad\u0259 Hallar Nazirliyinin Ki\u00e7ikh\u0259cmli G\u0259mil\u0259r\u0259 N\u0259zar\u0259t v\u0259 Sularda Xilasetm\u0259 D\u00f6vl\u0259t Xidm\u0259tinin dal\u011f\u0131c-axtar\u0131\u015f qrupu t\u0259r\u0259find\u0259n tap\u0131laraq aidiyy\u0259ti \u00fczr\u0259 t\u0259hvil verilib. Bu bar\u0259d\u0259 F\u00f6vq\u0259lad\u0259 Hallar Nazirliyi m\u0259lumat yay\u0131b. Bildirilib ki, eyni g\u00fcnd\u0259 h\u0259min \u0259razid\u0259 batan 2005-ci il t\u0259v\u0259ll\u00fcdl\u00fc V\u0259liyev P\u0259rviz \u015eaiq&hellip;","_links":{"self":[{"href":"https:\/\/arantv.az\/index.php?rest_route=\/wp\/v2\/posts\/199052"}],"collection":[{"href":"https:\/\/arantv.az\/index.php?rest_route=\/wp\/v2\/posts"}],"about":[{"href":"https:\/\/arantv.az\/index.php?rest_route=\/wp\/v2\/types\/post"}],"author":[{"embeddable":true,"href":"https:\/\/arantv.az\/index.php?rest_route=\/wp\/v2\/users\/2"}],"replies":[{"embeddable":true,"href":"https:\/\/arantv.az\/index.php?rest_route=%2Fwp%2Fv2%2Fcomments&post=199052"}],"version-history":[{"count":0,"href":"https:\/\/arantv.az\/index.php?rest_route=\/wp\/v2\/posts\/199052\/revisions"}],"wp:featuredmedia":[{"embeddable":true,"href":"https:\/\/arantv.az\/index.php?rest_route=\/wp\/v2\/media\/199053"}],"wp:attachment":[{"href":"https:\/\/arantv.az\/index.php?rest_route=%2Fwp%2Fv2%2Fmedia&parent=199052"}],"wp:term":[{"taxonomy":"category","embeddable":true,"href":"https:\/\/arantv.az\/index.php?rest_route=%2Fwp%2Fv2%2Fcategories&post=199052"},{"taxonomy":"post_tag","embeddable":true,"href":"https:\/\/arantv.az\/index.php?rest_route=%2Fwp%2Fv2%2Ftags&post=199052"}],"curies":[{"name":"wp","href":"https:\/\/api.w.org\/{rel}","templated":true}]}}