{"id":19918,"date":"2018-10-19T09:38:37","date_gmt":"2018-10-19T06:38:37","guid":{"rendered":"http:\/\/arantv.az\/?p=19918"},"modified":"2018-10-19T09:38:37","modified_gmt":"2018-10-19T06:38:37","slug":"qarabagin-m%c9%99shur-futbolcusu-bakida-agir-q%c9%99za-tor%c9%99tdi-h%c9%99r-iki-ayagi-qirildi","status":"publish","type":"post","link":"https:\/\/arantv.az\/?p=19918","title":{"rendered":"\u201cQaraba\u011f\u201d\u0131n m\u0259\u015fhur futbol\u00e7usu Bak\u0131da A\u011eIR Q\u018fZA t\u00f6r\u0259tdi \u2013 H\u0259r \u0130K\u0130 AYA\u011eI QIRILDI"},"content":{"rendered":"<div class=\"row\">\n<div class=\"post single\">\n<div class=\"post_content page_margin_top_section clearfix\">\n<div class=\"content_box\">\n<div class=\"text\">\n<p><strong>Bak\u0131da piyadan\u0131n a\u011f\u0131r x\u0259sar\u0259t almas\u0131 il\u0259 n\u0259tic\u0259l\u0259n\u0259n yol q\u0259zas\u0131 ba\u015f verib.<\/strong><\/p>\n<p><b>ARANTV.AZ <\/b>x\u0259b\u0259r verir ki, Suraxan\u0131 rayonu B\u00fclb\u00fcl\u0259 q\u0259s\u0259b\u0259si \u0259razisind\u0259n 1955-ci il t\u0259v\u0259ll\u00fcdl\u00fc Eyvazov Namiq \u018fbd\u00fcl\u0259zim o\u011flu h\u0259r iki aya\u011f\u0131n\u0131n s\u0131n\u0131\u011f\u0131 diaqnozu il\u0259 3 sayl\u0131 \u015f\u0259h\u0259r klinik x\u0259st\u0259xanas\u0131na \u00e7atd\u0131r\u0131l\u0131b.<\/p>\n<p>\u0130lkin ara\u015fd\u0131rmalar zaman\u0131 m\u0259lum olub ki, piyadan\u0131 \u201cQaraba\u011f\u201d futbol klubunun qap\u0131\u00e7\u0131s\u0131, \u0130slandiyan\u0131n futbol y\u0131\u011fmas\u0131n\u0131n \u0259sas hey\u0259t \u00fczv\u00fc 1984-c\u00fc il t\u0259v\u0259ll\u00fcdl\u00fc Hanner Haldorson idar\u0259 etdiyi 10 UC 909 n\u00f6mr\u0259 ni\u015fanl\u0131 \u201cWolksfagen Tuareg\u201d markal\u0131 avtomobill\u0259 vurub.<\/p>\n<p>Bel\u0259 ki, gec\u0259 saatlar\u0131nda klubun bazas\u0131ndan ayr\u0131lan v\u0259 \u201cPort Baku\u201d kompleksind\u0259 ya\u015fad\u0131\u011f\u0131 m\u0259nzil\u0259 ged\u0259n futbol\u00e7u ma\u015f\u0131n\u0131n qar\u015f\u0131s\u0131na \u00e7\u0131xan piyadan\u0131 vurub. O, hadis\u0259 zaman\u0131 ma\u015f\u0131ndan d\u00fc\u015f\u0259r\u0259k yaral\u0131ya k\u00f6m\u0259k edib v\u0259 onu x\u0259st\u0259xanaya \u00e7atd\u0131r\u0131b. H\u0259kiml\u0259r yaral\u0131n\u0131n h\u0259yat\u0131na t\u0259hl\u00fck\u0259nin olmad\u0131\u011f\u0131n\u0131, lakin N.Eyvazovun uzun m\u00fcdd\u0259t yeriy\u0259 bilm\u0259y\u0259c\u0259yini deyibl\u0259r.<\/p>\n<div id=\"AdributorNativeVideo0\" class=\"AdributorNativeVideo\"><\/div>\n<p>Hadis\u0259 yerin\u0259 g\u0259l\u0259n h\u00fcquq-m\u00fchafiz\u0259 orqanlar\u0131n\u0131n \u0259m\u0259kda\u015flar\u0131 \u0259raziy\u0259 bax\u0131\u015f ke\u00e7irib v\u0259 izahatlar al\u0131blar.<\/p>\n<p>Faktla ba\u011fl\u0131 z\u0259ruri ekspertizalar t\u0259yin edilib.<\/p>\n<p>&nbsp;<\/p>\n<\/div>\n<\/div>\n<\/div>\n<div class=\"social_like\">\n<div>\n<div class=\"fb-like fb_iframe_widget\" data-href=\"\" data-layout=\"button_count\" data-action=\"recommend\" data-size=\"small\" data-show-faces=\"false\" data-share=\"false\"><\/div>\n<\/div>\n<div><\/div>\n<\/div>\n<\/div>\n<\/div>\n<div class=\"row page_margin_top\">\n<div id=\"news_media_gallery\" class=\"eagle-gallery img600 in as1\">\n<div class=\"eagle-medium-wrap\">\n<div class=\"scale-ico\"><\/div>\n<p><a class=\"eagle-view-medium-img\"><img src=\"https:\/\/publika.az\/storage\/2018\/10\/19\/hannes-halldorson-1-1.jpg\" alt=\"\" \/><\/a><\/div>\n<div>publika.az<\/div>\n<\/div>\n<\/div>\n","protected":false},"excerpt":{"rendered":"<p>Bak\u0131da piyadan\u0131n a\u011f\u0131r x\u0259sar\u0259t almas\u0131 il\u0259 n\u0259tic\u0259l\u0259n\u0259n yol q\u0259zas\u0131 ba\u015f verib. ARANTV.AZ x\u0259b\u0259r verir ki, Suraxan\u0131 rayonu B\u00fclb\u00fcl\u0259 q\u0259s\u0259b\u0259si \u0259razisind\u0259n 1955-ci il t\u0259v\u0259ll\u00fcdl\u00fc Eyvazov Namiq \u018fbd\u00fcl\u0259zim o\u011flu h\u0259r iki aya\u011f\u0131n\u0131n s\u0131n\u0131\u011f\u0131 diaqnozu il\u0259 3 sayl\u0131 \u015f\u0259h\u0259r klinik x\u0259st\u0259xanas\u0131na \u00e7atd\u0131r\u0131l\u0131b. \u0130lkin ara\u015fd\u0131rmalar zaman\u0131 m\u0259lum olub ki, piyadan\u0131 \u201cQaraba\u011f\u201d futbol klubunun qap\u0131\u00e7\u0131s\u0131, \u0130slandiyan\u0131n futbol y\u0131\u011fmas\u0131n\u0131n \u0259sas hey\u0259t \u00fczv\u00fc 1984-c\u00fc il t\u0259v\u0259ll\u00fcdl\u00fc Hanner Haldorson idar\u0259 etdiyi 10 UC 909 n\u00f6mr\u0259 ni\u015fanl\u0131 \u201cWolksfagen Tuareg\u201d markal\u0131 avtomobill\u0259 vurub. Bel\u0259 ki, gec\u0259 saatlar\u0131nda klubun bazas\u0131ndan ayr\u0131lan v\u0259 \u201cPort Baku\u201d kompleksind\u0259 ya\u015fad\u0131\u011f\u0131 m\u0259nzil\u0259 ged\u0259n futbol\u00e7u ma\u015f\u0131n\u0131n qar\u015f\u0131s\u0131na&hellip;<\/p>\n","protected":false},"author":2,"featured_media":19919,"comment_status":"closed","ping_status":"closed","sticky":false,"template":"","format":"standard","meta":{"om_disable_all_campaigns":false,"_monsterinsights_skip_tracking":false,"_monsterinsights_sitenote_active":false,"_monsterinsights_sitenote_note":"","_monsterinsights_sitenote_category":0},"categories":[5],"tags":[],"aioseo_notices":[],"gutentor_comment":0,"rttpg_featured_image_url":{"full":["https:\/\/arantv.az\/wp-content\/uploads\/2018\/10\/tecili_23575656.jpg",800,450,false],"landscape":["https:\/\/arantv.az\/wp-content\/uploads\/2018\/10\/tecili_23575656.jpg",800,450,false],"portraits":["https:\/\/arantv.az\/wp-content\/uploads\/2018\/10\/tecili_23575656.jpg",800,450,false],"thumbnail":["https:\/\/arantv.az\/wp-content\/uploads\/2018\/10\/tecili_23575656-150x150.jpg",150,150,true],"medium":["https:\/\/arantv.az\/wp-content\/uploads\/2018\/10\/tecili_23575656-300x169.jpg",300,169,true],"large":["https:\/\/arantv.az\/wp-content\/uploads\/2018\/10\/tecili_23575656.jpg",640,360,false],"1536x1536":["https:\/\/arantv.az\/wp-content\/uploads\/2018\/10\/tecili_23575656.jpg",800,450,false],"2048x2048":["https:\/\/arantv.az\/wp-content\/uploads\/2018\/10\/tecili_23575656.jpg",800,450,false],"post-thumbnail":["https:\/\/arantv.az\/wp-content\/uploads\/2018\/10\/tecili_23575656-240x172.jpg",240,172,true],"advps-thumb-one":["https:\/\/arantv.az\/wp-content\/uploads\/2018\/10\/tecili_23575656.jpg",800,450,false]},"rttpg_author":{"display_name":"V\u00fcsal Rafiqo\u011flu","author_link":"https:\/\/arantv.az\/?author=2"},"rttpg_comment":0,"rttpg_category":"<a href=\"https:\/\/arantv.az\/?cat=5\" rel=\"category\">Hadis\u0259<\/a>","rttpg_excerpt":"Bak\u0131da piyadan\u0131n a\u011f\u0131r x\u0259sar\u0259t almas\u0131 il\u0259 n\u0259tic\u0259l\u0259n\u0259n yol q\u0259zas\u0131 ba\u015f verib. ARANTV.AZ x\u0259b\u0259r verir ki, Suraxan\u0131 rayonu B\u00fclb\u00fcl\u0259 q\u0259s\u0259b\u0259si \u0259razisind\u0259n 1955-ci il t\u0259v\u0259ll\u00fcdl\u00fc Eyvazov Namiq \u018fbd\u00fcl\u0259zim o\u011flu h\u0259r iki aya\u011f\u0131n\u0131n s\u0131n\u0131\u011f\u0131 diaqnozu il\u0259 3 sayl\u0131 \u015f\u0259h\u0259r klinik x\u0259st\u0259xanas\u0131na \u00e7atd\u0131r\u0131l\u0131b. \u0130lkin ara\u015fd\u0131rmalar zaman\u0131 m\u0259lum olub ki, piyadan\u0131 \u201cQaraba\u011f\u201d futbol klubunun qap\u0131\u00e7\u0131s\u0131, \u0130slandiyan\u0131n futbol y\u0131\u011fmas\u0131n\u0131n \u0259sas hey\u0259t&hellip;","_links":{"self":[{"href":"https:\/\/arantv.az\/index.php?rest_route=\/wp\/v2\/posts\/19918"}],"collection":[{"href":"https:\/\/arantv.az\/index.php?rest_route=\/wp\/v2\/posts"}],"about":[{"href":"https:\/\/arantv.az\/index.php?rest_route=\/wp\/v2\/types\/post"}],"author":[{"embeddable":true,"href":"https:\/\/arantv.az\/index.php?rest_route=\/wp\/v2\/users\/2"}],"replies":[{"embeddable":true,"href":"https:\/\/arantv.az\/index.php?rest_route=%2Fwp%2Fv2%2Fcomments&post=19918"}],"version-history":[{"count":0,"href":"https:\/\/arantv.az\/index.php?rest_route=\/wp\/v2\/posts\/19918\/revisions"}],"wp:featuredmedia":[{"embeddable":true,"href":"https:\/\/arantv.az\/index.php?rest_route=\/wp\/v2\/media\/19919"}],"wp:attachment":[{"href":"https:\/\/arantv.az\/index.php?rest_route=%2Fwp%2Fv2%2Fmedia&parent=19918"}],"wp:term":[{"taxonomy":"category","embeddable":true,"href":"https:\/\/arantv.az\/index.php?rest_route=%2Fwp%2Fv2%2Fcategories&post=19918"},{"taxonomy":"post_tag","embeddable":true,"href":"https:\/\/arantv.az\/index.php?rest_route=%2Fwp%2Fv2%2Ftags&post=19918"}],"curies":[{"name":"wp","href":"https:\/\/api.w.org\/{rel}","templated":true}]}}