{"id":19931,"date":"2018-10-19T09:44:43","date_gmt":"2018-10-19T06:44:43","guid":{"rendered":"http:\/\/arantv.az\/?p=19931"},"modified":"2018-10-19T09:44:43","modified_gmt":"2018-10-19T06:44:43","slug":"bu-arayislar-kicik-v%c9%99-orta-biznes-evl%c9%99rind%c9%99-veril%c9%99c%c9%99k","status":"publish","type":"post","link":"https:\/\/arantv.az\/?p=19931","title":{"rendered":"Bu aray\u0131\u015flar ki\u00e7ik v\u0259 orta biznes evl\u0259rind\u0259 veril\u0259c\u0259k"},"content":{"rendered":"<p><strong>Ki\u00e7ik v\u0259 Orta Biznesin \u0130nki\u015faf\u0131 Agentliyinin f\u0259aliyy\u0259tinin t\u0259min edilm\u0259si haqq\u0131nda q\u0259rara d\u0259yi\u015fiklik edilib.<\/strong><\/p>\n<p><strong>ARANTV.AZ<\/strong> trend-\u0259 istinad\u0259n x\u0259b\u0259r verir ki, bu bar\u0259d\u0259 q\u0259rar\u0131 Ba\u015f nazir Novruz M\u0259mm\u0259dov imzalay\u0131b.<\/p>\n<p>Q\u0259rara g\u00f6r\u0259, Ki\u00e7ik v\u0259 Orta Biznesin \u0130nki\u015faf\u0131 Agentliyinin f\u0259aliyy\u0259tinin t\u0259min edilm\u0259si haqq\u0131nda Az\u0259rbaycan Respublikas\u0131 Prezidentinin F\u0259rman\u0131na uy\u011fun olaraq yarad\u0131lm\u0131\u015f ki\u00e7ik v\u0259 orta biznes evl\u0259rind\u0259 aray\u0131\u015f\u0131n verilm\u0259si \u00fc\u00e7\u00fcn \u0259riz\u0259nin q\u0259bulu v\u0259 aray\u0131\u015f\u0131n verilm\u0259si h\u0259min evl\u0259rd\u0259 f\u0259aliyy\u0259t g\u00f6st\u0259r\u0259n Xidm\u0259tin \u0259razi idar\u0259l\u0259rinin i\u015f\u00e7il\u0259ri t\u0259r\u0259find\u0259n h\u0259yata ke\u00e7iril\u0259c\u0259k.<\/p>\n","protected":false},"excerpt":{"rendered":"<p>Ki\u00e7ik v\u0259 Orta Biznesin \u0130nki\u015faf\u0131 Agentliyinin f\u0259aliyy\u0259tinin t\u0259min edilm\u0259si haqq\u0131nda q\u0259rara d\u0259yi\u015fiklik edilib. ARANTV.AZ trend-\u0259 istinad\u0259n x\u0259b\u0259r verir ki, bu bar\u0259d\u0259 q\u0259rar\u0131 Ba\u015f nazir Novruz M\u0259mm\u0259dov imzalay\u0131b. Q\u0259rara g\u00f6r\u0259, Ki\u00e7ik v\u0259 Orta Biznesin \u0130nki\u015faf\u0131 Agentliyinin f\u0259aliyy\u0259tinin t\u0259min edilm\u0259si haqq\u0131nda Az\u0259rbaycan Respublikas\u0131 Prezidentinin F\u0259rman\u0131na uy\u011fun olaraq yarad\u0131lm\u0131\u015f ki\u00e7ik v\u0259 orta biznes evl\u0259rind\u0259 aray\u0131\u015f\u0131n verilm\u0259si \u00fc\u00e7\u00fcn \u0259riz\u0259nin q\u0259bulu v\u0259 aray\u0131\u015f\u0131n verilm\u0259si h\u0259min evl\u0259rd\u0259 f\u0259aliyy\u0259t g\u00f6st\u0259r\u0259n Xidm\u0259tin \u0259razi idar\u0259l\u0259rinin i\u015f\u00e7il\u0259ri t\u0259r\u0259find\u0259n h\u0259yata ke\u00e7iril\u0259c\u0259k.<\/p>\n","protected":false},"author":2,"featured_media":19932,"comment_status":"closed","ping_status":"closed","sticky":false,"template":"","format":"standard","meta":{"om_disable_all_campaigns":false,"_monsterinsights_skip_tracking":false,"_monsterinsights_sitenote_active":false,"_monsterinsights_sitenote_note":"","_monsterinsights_sitenote_category":0},"categories":[1],"tags":[],"aioseo_notices":[],"gutentor_comment":0,"rttpg_featured_image_url":{"full":["https:\/\/arantv.az\/wp-content\/uploads\/2018\/10\/sened_34787676.jpg",800,600,false],"landscape":["https:\/\/arantv.az\/wp-content\/uploads\/2018\/10\/sened_34787676.jpg",800,600,false],"portraits":["https:\/\/arantv.az\/wp-content\/uploads\/2018\/10\/sened_34787676.jpg",800,600,false],"thumbnail":["https:\/\/arantv.az\/wp-content\/uploads\/2018\/10\/sened_34787676-150x150.jpg",150,150,true],"medium":["https:\/\/arantv.az\/wp-content\/uploads\/2018\/10\/sened_34787676-300x225.jpg",300,225,true],"large":["https:\/\/arantv.az\/wp-content\/uploads\/2018\/10\/sened_34787676.jpg",640,480,false],"1536x1536":["https:\/\/arantv.az\/wp-content\/uploads\/2018\/10\/sened_34787676.jpg",800,600,false],"2048x2048":["https:\/\/arantv.az\/wp-content\/uploads\/2018\/10\/sened_34787676.jpg",800,600,false],"post-thumbnail":["https:\/\/arantv.az\/wp-content\/uploads\/2018\/10\/sened_34787676-240x172.jpg",240,172,true],"advps-thumb-one":["https:\/\/arantv.az\/wp-content\/uploads\/2018\/10\/sened_34787676.jpg",800,600,false]},"rttpg_author":{"display_name":"V\u00fcsal Rafiqo\u011flu","author_link":"https:\/\/arantv.az\/?author=2"},"rttpg_comment":0,"rttpg_category":"<a href=\"https:\/\/arantv.az\/?cat=1\" rel=\"category\">C\u0259miyy\u0259t<\/a>","rttpg_excerpt":"Ki\u00e7ik v\u0259 Orta Biznesin \u0130nki\u015faf\u0131 Agentliyinin f\u0259aliyy\u0259tinin t\u0259min edilm\u0259si haqq\u0131nda q\u0259rara d\u0259yi\u015fiklik edilib. ARANTV.AZ trend-\u0259 istinad\u0259n x\u0259b\u0259r verir ki, bu bar\u0259d\u0259 q\u0259rar\u0131 Ba\u015f nazir Novruz M\u0259mm\u0259dov imzalay\u0131b. Q\u0259rara g\u00f6r\u0259, Ki\u00e7ik v\u0259 Orta Biznesin \u0130nki\u015faf\u0131 Agentliyinin f\u0259aliyy\u0259tinin t\u0259min edilm\u0259si haqq\u0131nda Az\u0259rbaycan Respublikas\u0131 Prezidentinin F\u0259rman\u0131na uy\u011fun olaraq yarad\u0131lm\u0131\u015f ki\u00e7ik v\u0259 orta biznes evl\u0259rind\u0259 aray\u0131\u015f\u0131n verilm\u0259si \u00fc\u00e7\u00fcn \u0259riz\u0259nin&hellip;","_links":{"self":[{"href":"https:\/\/arantv.az\/index.php?rest_route=\/wp\/v2\/posts\/19931"}],"collection":[{"href":"https:\/\/arantv.az\/index.php?rest_route=\/wp\/v2\/posts"}],"about":[{"href":"https:\/\/arantv.az\/index.php?rest_route=\/wp\/v2\/types\/post"}],"author":[{"embeddable":true,"href":"https:\/\/arantv.az\/index.php?rest_route=\/wp\/v2\/users\/2"}],"replies":[{"embeddable":true,"href":"https:\/\/arantv.az\/index.php?rest_route=%2Fwp%2Fv2%2Fcomments&post=19931"}],"version-history":[{"count":0,"href":"https:\/\/arantv.az\/index.php?rest_route=\/wp\/v2\/posts\/19931\/revisions"}],"wp:featuredmedia":[{"embeddable":true,"href":"https:\/\/arantv.az\/index.php?rest_route=\/wp\/v2\/media\/19932"}],"wp:attachment":[{"href":"https:\/\/arantv.az\/index.php?rest_route=%2Fwp%2Fv2%2Fmedia&parent=19931"}],"wp:term":[{"taxonomy":"category","embeddable":true,"href":"https:\/\/arantv.az\/index.php?rest_route=%2Fwp%2Fv2%2Fcategories&post=19931"},{"taxonomy":"post_tag","embeddable":true,"href":"https:\/\/arantv.az\/index.php?rest_route=%2Fwp%2Fv2%2Ftags&post=19931"}],"curies":[{"name":"wp","href":"https:\/\/api.w.org\/{rel}","templated":true}]}}