{"id":19934,"date":"2018-10-19T09:50:59","date_gmt":"2018-10-19T06:50:59","guid":{"rendered":"http:\/\/arantv.az\/?p=19934"},"modified":"2018-10-19T09:50:59","modified_gmt":"2018-10-19T06:50:59","slug":"yaxin-s%c9%99rq-mediasinda-18-oktyabr-az%c9%99rbaycanin-dovl%c9%99t-must%c9%99qilliyi-gunu-il%c9%99-%c9%99laq%c9%99dar-yazilar-d%c9%99rc-olunub","status":"publish","type":"post","link":"https:\/\/arantv.az\/?p=19934","title":{"rendered":"Yax\u0131n \u015e\u0259rq medias\u0131nda 18 Oktyabr Az\u0259rbaycan\u0131n D\u00f6vl\u0259t m\u00fcst\u0259qilliyi g\u00fcn\u00fc il\u0259 \u0259laq\u0259dar yaz\u0131lar d\u0259rc olunub"},"content":{"rendered":"<p><strong>ARANTV.AZ<\/strong> x\u0259b\u0259r verir ki, Yax\u0131n \u015e\u0259rq medias\u0131nda 18 Oktyabr Az\u0259rbaycan\u0131n D\u00f6vl\u0259t m\u00fcst\u0259qilliyi g\u00fcn\u00fcn\u0259 dair yaz\u0131lar d\u0259rc olunub. S\u0259udiy\u0259 \u018fr\u0259bistan\u0131n\u0131n \u201c\u018fr-Riyad\u201d v\u0259 \u201cOkaz\u201d q\u0259zetl\u0259ri 27 il \u0259vv\u0259l xalq\u0131m\u0131z\u0131n istiqlaliy\u0259t u\u011frunda m\u00fcbariz\u0259sil\u0259 ba\u011fl\u0131 m\u0259lumatlar\u0131 oxucularla payla\u015f\u0131b. Yaz\u0131da qeyd olunur ki, m\u00fcst\u0259qil Az\u0259rbaycan m\u0259hz ulu \u00f6nd\u0259r Heyd\u0259r \u018fliyevin m\u00fc\u0259y\u0259n etdiyi siyasi x\u0259tt say\u0259sind\u0259 d\u00f6vl\u0259t\u00e7ilik \u0259n\u0259n\u0259l\u0259rini m\u00f6hk\u0259ml\u0259ndirib. Birl\u0259\u015fmi\u015f \u018fr\u0259b \u018fmirlikl\u0259rinin n\u00fcfuzlu \u201c\u0130ttihad\u201d q\u0259zeti d\u0259 18 oktyabr\u0131n Az\u0259rbaycan tarixind\u0259ki yeri v\u0259 rolundan yaz\u0131b. M\u00fc\u0259llif g\u00f6rk\u0259mli d\u00f6vl\u0259t xadimi Heyd\u0259r \u018fliyevin siyas\u0259tinin layiqinc\u0259 davam etdirilm\u0259si n\u0259tic\u0259sind\u0259 m\u00fcasir Az\u0259rbaycan\u0131n regionda lider d\u00f6vl\u0259t\u0259 \u00e7evrildiyini vur\u011fulay\u0131b.<\/p>\n","protected":false},"excerpt":{"rendered":"<p>ARANTV.AZ x\u0259b\u0259r verir ki, Yax\u0131n \u015e\u0259rq medias\u0131nda 18 Oktyabr Az\u0259rbaycan\u0131n D\u00f6vl\u0259t m\u00fcst\u0259qilliyi g\u00fcn\u00fcn\u0259 dair yaz\u0131lar d\u0259rc olunub. S\u0259udiy\u0259 \u018fr\u0259bistan\u0131n\u0131n \u201c\u018fr-Riyad\u201d v\u0259 \u201cOkaz\u201d q\u0259zetl\u0259ri 27 il \u0259vv\u0259l xalq\u0131m\u0131z\u0131n istiqlaliy\u0259t u\u011frunda m\u00fcbariz\u0259sil\u0259 ba\u011fl\u0131 m\u0259lumatlar\u0131 oxucularla payla\u015f\u0131b. Yaz\u0131da qeyd olunur ki, m\u00fcst\u0259qil Az\u0259rbaycan m\u0259hz ulu \u00f6nd\u0259r Heyd\u0259r \u018fliyevin m\u00fc\u0259y\u0259n etdiyi siyasi x\u0259tt say\u0259sind\u0259 d\u00f6vl\u0259t\u00e7ilik \u0259n\u0259n\u0259l\u0259rini m\u00f6hk\u0259ml\u0259ndirib. Birl\u0259\u015fmi\u015f \u018fr\u0259b \u018fmirlikl\u0259rinin n\u00fcfuzlu \u201c\u0130ttihad\u201d q\u0259zeti d\u0259 18 oktyabr\u0131n Az\u0259rbaycan tarixind\u0259ki yeri v\u0259 rolundan yaz\u0131b. M\u00fc\u0259llif g\u00f6rk\u0259mli d\u00f6vl\u0259t xadimi Heyd\u0259r \u018fliyevin siyas\u0259tinin layiqinc\u0259 davam etdirilm\u0259si n\u0259tic\u0259sind\u0259 m\u00fcasir Az\u0259rbaycan\u0131n regionda lider d\u00f6vl\u0259t\u0259 \u00e7evrildiyini vur\u011fulay\u0131b.<\/p>\n","protected":false},"author":2,"featured_media":19935,"comment_status":"closed","ping_status":"closed","sticky":false,"template":"","format":"standard","meta":{"om_disable_all_campaigns":false,"_monsterinsights_skip_tracking":false,"_monsterinsights_sitenote_active":false,"_monsterinsights_sitenote_note":"","_monsterinsights_sitenote_category":0},"categories":[4],"tags":[],"aioseo_notices":[],"gutentor_comment":0,"rttpg_featured_image_url":{"full":["https:\/\/arantv.az\/wp-content\/uploads\/2018\/10\/2s6ubecl3uf7i1asl8th8651h3okaz.jpg",700,440,false],"landscape":["https:\/\/arantv.az\/wp-content\/uploads\/2018\/10\/2s6ubecl3uf7i1asl8th8651h3okaz.jpg",700,440,false],"portraits":["https:\/\/arantv.az\/wp-content\/uploads\/2018\/10\/2s6ubecl3uf7i1asl8th8651h3okaz.jpg",700,440,false],"thumbnail":["https:\/\/arantv.az\/wp-content\/uploads\/2018\/10\/2s6ubecl3uf7i1asl8th8651h3okaz-150x150.jpg",150,150,true],"medium":["https:\/\/arantv.az\/wp-content\/uploads\/2018\/10\/2s6ubecl3uf7i1asl8th8651h3okaz-300x189.jpg",300,189,true],"large":["https:\/\/arantv.az\/wp-content\/uploads\/2018\/10\/2s6ubecl3uf7i1asl8th8651h3okaz.jpg",640,402,false],"1536x1536":["https:\/\/arantv.az\/wp-content\/uploads\/2018\/10\/2s6ubecl3uf7i1asl8th8651h3okaz.jpg",700,440,false],"2048x2048":["https:\/\/arantv.az\/wp-content\/uploads\/2018\/10\/2s6ubecl3uf7i1asl8th8651h3okaz.jpg",700,440,false],"post-thumbnail":["https:\/\/arantv.az\/wp-content\/uploads\/2018\/10\/2s6ubecl3uf7i1asl8th8651h3okaz-240x172.jpg",240,172,true],"advps-thumb-one":["https:\/\/arantv.az\/wp-content\/uploads\/2018\/10\/2s6ubecl3uf7i1asl8th8651h3okaz.jpg",700,440,false]},"rttpg_author":{"display_name":"V\u00fcsal Rafiqo\u011flu","author_link":"https:\/\/arantv.az\/?author=2"},"rttpg_comment":0,"rttpg_category":"<a href=\"https:\/\/arantv.az\/?cat=4\" rel=\"category\">Siyas\u0259t<\/a>","rttpg_excerpt":"ARANTV.AZ x\u0259b\u0259r verir ki, Yax\u0131n \u015e\u0259rq medias\u0131nda 18 Oktyabr Az\u0259rbaycan\u0131n D\u00f6vl\u0259t m\u00fcst\u0259qilliyi g\u00fcn\u00fcn\u0259 dair yaz\u0131lar d\u0259rc olunub. S\u0259udiy\u0259 \u018fr\u0259bistan\u0131n\u0131n \u201c\u018fr-Riyad\u201d v\u0259 \u201cOkaz\u201d q\u0259zetl\u0259ri 27 il \u0259vv\u0259l xalq\u0131m\u0131z\u0131n istiqlaliy\u0259t u\u011frunda m\u00fcbariz\u0259sil\u0259 ba\u011fl\u0131 m\u0259lumatlar\u0131 oxucularla payla\u015f\u0131b. Yaz\u0131da qeyd olunur ki, m\u00fcst\u0259qil Az\u0259rbaycan m\u0259hz ulu \u00f6nd\u0259r Heyd\u0259r \u018fliyevin m\u00fc\u0259y\u0259n etdiyi siyasi x\u0259tt say\u0259sind\u0259 d\u00f6vl\u0259t\u00e7ilik \u0259n\u0259n\u0259l\u0259rini m\u00f6hk\u0259ml\u0259ndirib. Birl\u0259\u015fmi\u015f \u018fr\u0259b&hellip;","_links":{"self":[{"href":"https:\/\/arantv.az\/index.php?rest_route=\/wp\/v2\/posts\/19934"}],"collection":[{"href":"https:\/\/arantv.az\/index.php?rest_route=\/wp\/v2\/posts"}],"about":[{"href":"https:\/\/arantv.az\/index.php?rest_route=\/wp\/v2\/types\/post"}],"author":[{"embeddable":true,"href":"https:\/\/arantv.az\/index.php?rest_route=\/wp\/v2\/users\/2"}],"replies":[{"embeddable":true,"href":"https:\/\/arantv.az\/index.php?rest_route=%2Fwp%2Fv2%2Fcomments&post=19934"}],"version-history":[{"count":0,"href":"https:\/\/arantv.az\/index.php?rest_route=\/wp\/v2\/posts\/19934\/revisions"}],"wp:featuredmedia":[{"embeddable":true,"href":"https:\/\/arantv.az\/index.php?rest_route=\/wp\/v2\/media\/19935"}],"wp:attachment":[{"href":"https:\/\/arantv.az\/index.php?rest_route=%2Fwp%2Fv2%2Fmedia&parent=19934"}],"wp:term":[{"taxonomy":"category","embeddable":true,"href":"https:\/\/arantv.az\/index.php?rest_route=%2Fwp%2Fv2%2Fcategories&post=19934"},{"taxonomy":"post_tag","embeddable":true,"href":"https:\/\/arantv.az\/index.php?rest_route=%2Fwp%2Fv2%2Ftags&post=19934"}],"curies":[{"name":"wp","href":"https:\/\/api.w.org\/{rel}","templated":true}]}}