{"id":19938,"date":"2018-10-19T09:52:18","date_gmt":"2018-10-19T06:52:18","guid":{"rendered":"http:\/\/arantv.az\/?p=19938"},"modified":"2018-10-19T09:52:18","modified_gmt":"2018-10-19T06:52:18","slug":"az%c9%99rbaycan-qdi%c9%99t-parlament-m%c9%99clisinin-komit%c9%99-iclasinda-t%c9%99msil-olunub","status":"publish","type":"post","link":"https:\/\/arantv.az\/?p=19938","title":{"rendered":"Az\u0259rbaycan QD\u0130\u018fT Parlament M\u0259clisinin komit\u0259 iclas\u0131nda t\u0259msil olunub"},"content":{"rendered":"<p><strong>ARANTV.AZ<\/strong> x\u0259b\u0259r verir ki, Yunan\u0131standa<strong>\u00a0<\/strong>Qara D\u0259niz \u0130qtisadi \u018fm\u0259kda\u015fl\u0131q T\u0259\u015fkilat\u0131 Parlament M\u0259clisinin H\u00fcquq v\u0259\u00a0 Siyasi m\u0259s\u0259l\u0259l\u0259r \u00fczr\u0259\u00a0 komit\u0259sinin\u00a0 52-ci iclas\u0131 ke\u00e7irilib. Az\u0259rbaycan da t\u0259msil olundu\u011fu toplant\u0131da cari m\u0259s\u0259l\u0259l\u0259rl\u0259 yana\u015f\u0131, quruma \u00fczv \u00f6lk\u0259l\u0259rd\u0259 iqtisadi imkanlar\u0131n geni\u015fl\u0259ndirilm\u0259sin\u0259 dair\u00a0 m\u00fczakir\u0259l\u0259r apar\u0131l\u0131b. Bununla \u0259laq\u0259dar m\u00fcxt\u0259lif \u00f6lk\u0259l\u0259rin n\u00fcmay\u0259nd\u0259 hey\u0259tl\u0259rinin t\u0259klifl\u0259ri dinl\u0259nilib.<\/p>\n","protected":false},"excerpt":{"rendered":"<p>ARANTV.AZ x\u0259b\u0259r verir ki, Yunan\u0131standa\u00a0Qara D\u0259niz \u0130qtisadi \u018fm\u0259kda\u015fl\u0131q T\u0259\u015fkilat\u0131 Parlament M\u0259clisinin H\u00fcquq v\u0259\u00a0 Siyasi m\u0259s\u0259l\u0259l\u0259r \u00fczr\u0259\u00a0 komit\u0259sinin\u00a0 52-ci iclas\u0131 ke\u00e7irilib. Az\u0259rbaycan da t\u0259msil olundu\u011fu toplant\u0131da cari m\u0259s\u0259l\u0259l\u0259rl\u0259 yana\u015f\u0131, quruma \u00fczv \u00f6lk\u0259l\u0259rd\u0259 iqtisadi imkanlar\u0131n geni\u015fl\u0259ndirilm\u0259sin\u0259 dair\u00a0 m\u00fczakir\u0259l\u0259r apar\u0131l\u0131b. Bununla \u0259laq\u0259dar m\u00fcxt\u0259lif \u00f6lk\u0259l\u0259rin n\u00fcmay\u0259nd\u0259 hey\u0259tl\u0259rinin t\u0259klifl\u0259ri dinl\u0259nilib.<\/p>\n","protected":false},"author":2,"featured_media":19939,"comment_status":"closed","ping_status":"closed","sticky":false,"template":"","format":"standard","meta":{"om_disable_all_campaigns":false,"_monsterinsights_skip_tracking":false,"_monsterinsights_sitenote_active":false,"_monsterinsights_sitenote_note":"","_monsterinsights_sitenote_category":0},"categories":[4],"tags":[],"aioseo_notices":[],"gutentor_comment":0,"rttpg_featured_image_url":{"full":["https:\/\/arantv.az\/wp-content\/uploads\/2018\/10\/2s6ubecl3uf7i1asl8th8651h3qdiet.jpg",856,485,false],"landscape":["https:\/\/arantv.az\/wp-content\/uploads\/2018\/10\/2s6ubecl3uf7i1asl8th8651h3qdiet.jpg",856,485,false],"portraits":["https:\/\/arantv.az\/wp-content\/uploads\/2018\/10\/2s6ubecl3uf7i1asl8th8651h3qdiet.jpg",856,485,false],"thumbnail":["https:\/\/arantv.az\/wp-content\/uploads\/2018\/10\/2s6ubecl3uf7i1asl8th8651h3qdiet-150x150.jpg",150,150,true],"medium":["https:\/\/arantv.az\/wp-content\/uploads\/2018\/10\/2s6ubecl3uf7i1asl8th8651h3qdiet-300x170.jpg",300,170,true],"large":["https:\/\/arantv.az\/wp-content\/uploads\/2018\/10\/2s6ubecl3uf7i1asl8th8651h3qdiet.jpg",640,363,false],"1536x1536":["https:\/\/arantv.az\/wp-content\/uploads\/2018\/10\/2s6ubecl3uf7i1asl8th8651h3qdiet.jpg",856,485,false],"2048x2048":["https:\/\/arantv.az\/wp-content\/uploads\/2018\/10\/2s6ubecl3uf7i1asl8th8651h3qdiet.jpg",856,485,false],"post-thumbnail":["https:\/\/arantv.az\/wp-content\/uploads\/2018\/10\/2s6ubecl3uf7i1asl8th8651h3qdiet-240x172.jpg",240,172,true],"advps-thumb-one":["https:\/\/arantv.az\/wp-content\/uploads\/2018\/10\/2s6ubecl3uf7i1asl8th8651h3qdiet.jpg",856,485,false]},"rttpg_author":{"display_name":"V\u00fcsal Rafiqo\u011flu","author_link":"https:\/\/arantv.az\/?author=2"},"rttpg_comment":0,"rttpg_category":"<a href=\"https:\/\/arantv.az\/?cat=4\" rel=\"category\">Siyas\u0259t<\/a>","rttpg_excerpt":"ARANTV.AZ x\u0259b\u0259r verir ki, Yunan\u0131standa\u00a0Qara D\u0259niz \u0130qtisadi \u018fm\u0259kda\u015fl\u0131q T\u0259\u015fkilat\u0131 Parlament M\u0259clisinin H\u00fcquq v\u0259\u00a0 Siyasi m\u0259s\u0259l\u0259l\u0259r \u00fczr\u0259\u00a0 komit\u0259sinin\u00a0 52-ci iclas\u0131 ke\u00e7irilib. Az\u0259rbaycan da t\u0259msil olundu\u011fu toplant\u0131da cari m\u0259s\u0259l\u0259l\u0259rl\u0259 yana\u015f\u0131, quruma \u00fczv \u00f6lk\u0259l\u0259rd\u0259 iqtisadi imkanlar\u0131n geni\u015fl\u0259ndirilm\u0259sin\u0259 dair\u00a0 m\u00fczakir\u0259l\u0259r apar\u0131l\u0131b. Bununla \u0259laq\u0259dar m\u00fcxt\u0259lif \u00f6lk\u0259l\u0259rin n\u00fcmay\u0259nd\u0259 hey\u0259tl\u0259rinin t\u0259klifl\u0259ri dinl\u0259nilib.","_links":{"self":[{"href":"https:\/\/arantv.az\/index.php?rest_route=\/wp\/v2\/posts\/19938"}],"collection":[{"href":"https:\/\/arantv.az\/index.php?rest_route=\/wp\/v2\/posts"}],"about":[{"href":"https:\/\/arantv.az\/index.php?rest_route=\/wp\/v2\/types\/post"}],"author":[{"embeddable":true,"href":"https:\/\/arantv.az\/index.php?rest_route=\/wp\/v2\/users\/2"}],"replies":[{"embeddable":true,"href":"https:\/\/arantv.az\/index.php?rest_route=%2Fwp%2Fv2%2Fcomments&post=19938"}],"version-history":[{"count":0,"href":"https:\/\/arantv.az\/index.php?rest_route=\/wp\/v2\/posts\/19938\/revisions"}],"wp:featuredmedia":[{"embeddable":true,"href":"https:\/\/arantv.az\/index.php?rest_route=\/wp\/v2\/media\/19939"}],"wp:attachment":[{"href":"https:\/\/arantv.az\/index.php?rest_route=%2Fwp%2Fv2%2Fmedia&parent=19938"}],"wp:term":[{"taxonomy":"category","embeddable":true,"href":"https:\/\/arantv.az\/index.php?rest_route=%2Fwp%2Fv2%2Fcategories&post=19938"},{"taxonomy":"post_tag","embeddable":true,"href":"https:\/\/arantv.az\/index.php?rest_route=%2Fwp%2Fv2%2Ftags&post=19938"}],"curies":[{"name":"wp","href":"https:\/\/api.w.org\/{rel}","templated":true}]}}