{"id":19941,"date":"2018-10-19T09:53:29","date_gmt":"2018-10-19T06:53:29","guid":{"rendered":"http:\/\/arantv.az\/?p=19941"},"modified":"2018-10-19T09:53:29","modified_gmt":"2018-10-19T06:53:29","slug":"heyd%c9%99r-%c9%99liyev-fondunun-t%c9%99skilatciligi-il%c9%99-moskvada-az%c9%99rbaycanin-payiz-sovqatlari-adli-s%c9%99h%c9%99rcik-acilib-2","status":"publish","type":"post","link":"https:\/\/arantv.az\/?p=19941","title":{"rendered":"Heyd\u0259r \u018fliyev Fondunun t\u0259\u015fkilat\u00e7\u0131l\u0131\u011f\u0131 il\u0259 Moskvada \u201cAz\u0259rbaycan\u0131n pay\u0131z sovqatlar\u0131\u201d adl\u0131 \u015f\u0259h\u0259rcik a\u00e7\u0131l\u0131b"},"content":{"rendered":"<p><strong>ARANTV.AZ<\/strong> x\u0259b\u0259r verir ki, Moskvada Heyd\u0259r \u018fliyev Fondunun v\u0259 Az\u0259rbaycan\u0131n Rusiyadak\u0131 s\u0259firliyinin t\u0259\u015fkilat\u00e7\u0131l\u0131\u011f\u0131, Moskva h\u00f6kum\u0259ti v\u0259 Az\u0259rbaycan\u0131n \u0130qtisadiyyat Nazirliyinin d\u0259st\u0259yi il\u0259 \u201cAz\u0259rbaycan\u0131n pay\u0131z sovqatlar\u0131\u201d adl\u0131 \u015f\u0259h\u0259rcik a\u00e7\u0131l\u0131b. A\u00e7\u0131l\u0131\u015f m\u0259rasimind\u0259 iki \u00f6lk\u0259nin r\u0259smi n\u00fcmay\u0259nd\u0259l\u0259ri i\u015ftirak edib.<\/p>\n<p>\u201cAz\u0259rbaycan\u0131n pay\u0131z sovqatlar\u0131\u201d adl\u0131 \u015f\u0259h\u0259rcikd\u0259 m\u0259d\u0259niyy\u0259timizin tan\u0131t\u0131m\u0131 \u00e7\u0259r\u00e7iv\u0259sind\u0259 konsert v\u0259 s\u0259rgil\u0259r d\u0259 t\u0259\u015fkil olunur. Burada h\u0259m\u00e7inin izl\u0259yicil\u0259r\u0259 Az\u0259rbaycan\u0131n m\u00fcxt\u0259lif milli s\u0259n\u0259tkarl\u0131q n\u00fcmun\u0259l\u0259rinin haz\u0131rlanmas\u0131, milli r\u0259qsl\u0259r, el\u0259c\u0259 d\u0259 musiqi al\u0259tl\u0259rind\u0259 ifa \u00fczr\u0259 ustad d\u0259rsl\u0259ri ke\u00e7il\u0259c\u0259k. \u015e\u0259h\u0259rcikd\u0259 Az\u0259rbaycan m\u0259tb\u0259xini t\u0259qdim ed\u0259n restoranlar, \u00e7ay evi, \u00f6lk\u0259mizd\u0259 istehsal olunan m\u00fcxt\u0259lif\u00a0 m\u0259hsullar\u0131n sat\u0131\u015f\u0131 da t\u0259\u015fkil edilir. \u015e\u0259h\u0259r sakinl\u0259rin\u0259 \u201cI Love Baku\u201d milli suvenir brendi v\u0259 Heyd\u0259r \u018fliyev Fondunun m\u00fcxt\u0259lif n\u0259\u015frl\u0259ri t\u0259qdim olunur. Bundan ba\u015fqa s\u0259h\u0259rciyin f\u0259aliyy\u0259t g\u00f6st\u0259rdiyi g\u00fcnl\u0259rd\u0259 burada milli musiqid\u0259n ibar\u0259t proqram olacaq. Heyd\u0259r \u018fliyev Fondunun icra\u00e7\u0131 direktoru Anar \u018fl\u0259kb\u0259rovun da i\u015ftirak etdiyi a\u00e7\u0131l\u0131\u015f m\u0259rasimind\u0259 \u00e7\u0131x\u0131\u015f ed\u0259n Moskva H\u00f6kum\u0259tinin naziri, Moskva \u015f\u0259h\u0259r ticar\u0259t v\u0259 xidm\u0259t Departamentinin r\u0259hb\u0259ri Aleksey Nemeryuk bel\u0259 t\u0259dbirl\u0259rin ke\u00e7irilm\u0259sinin iki \u00f6lk\u0259 aras\u0131nda qar\u015f\u0131l\u0131ql\u0131 \u0259laq\u0259l\u0259rin inki\u015faf\u0131nda oynad\u0131\u011f\u0131 roldan dan\u0131\u015fd\u0131. Dedi ki, h\u0259m yerli sakinl\u0259r, h\u0259m d\u0259 turistl\u0259r buraya g\u0259l\u0259r\u0259k Az\u0259rbaycanla yax\u0131ndan tan\u0131\u015f ola bil\u0259rl\u0259r. Az\u0259rbaycan\u0131n Rusiyadak\u0131 s\u0259firi Polad B\u00fclb\u00fclo\u011flu is\u0259 \u00f6lk\u0259l\u0259rimiz aras\u0131nda \u0259m\u0259kda\u015fl\u0131\u011f\u0131n iqtisadi-ticar\u0259t sah\u0259si d\u0259 daxil olmaqla inki\u015faf etdiyini vur\u011fulad\u0131.<\/p>\n<p>Moskvan\u0131n m\u0259rk\u0259zi Tver meydan\u0131nda a\u00e7\u0131lan \u201cAz\u0259rbaycan\u0131n pay\u0131z sovqatlar\u0131\u201d \u015f\u0259h\u0259rciyind\u0259 17 ticar\u0259t pavilyonu f\u0259aliyy\u0259t g\u00f6st\u0259rir.<\/p>\n","protected":false},"excerpt":{"rendered":"<p>ARANTV.AZ x\u0259b\u0259r verir ki, Moskvada Heyd\u0259r \u018fliyev Fondunun v\u0259 Az\u0259rbaycan\u0131n Rusiyadak\u0131 s\u0259firliyinin t\u0259\u015fkilat\u00e7\u0131l\u0131\u011f\u0131, Moskva h\u00f6kum\u0259ti v\u0259 Az\u0259rbaycan\u0131n \u0130qtisadiyyat Nazirliyinin d\u0259st\u0259yi il\u0259 \u201cAz\u0259rbaycan\u0131n pay\u0131z sovqatlar\u0131\u201d adl\u0131 \u015f\u0259h\u0259rcik a\u00e7\u0131l\u0131b. A\u00e7\u0131l\u0131\u015f m\u0259rasimind\u0259 iki \u00f6lk\u0259nin r\u0259smi n\u00fcmay\u0259nd\u0259l\u0259ri i\u015ftirak edib. \u201cAz\u0259rbaycan\u0131n pay\u0131z sovqatlar\u0131\u201d adl\u0131 \u015f\u0259h\u0259rcikd\u0259 m\u0259d\u0259niyy\u0259timizin tan\u0131t\u0131m\u0131 \u00e7\u0259r\u00e7iv\u0259sind\u0259 konsert v\u0259 s\u0259rgil\u0259r d\u0259 t\u0259\u015fkil olunur. Burada h\u0259m\u00e7inin izl\u0259yicil\u0259r\u0259 Az\u0259rbaycan\u0131n m\u00fcxt\u0259lif milli s\u0259n\u0259tkarl\u0131q n\u00fcmun\u0259l\u0259rinin haz\u0131rlanmas\u0131, milli r\u0259qsl\u0259r, el\u0259c\u0259 d\u0259 musiqi al\u0259tl\u0259rind\u0259 ifa \u00fczr\u0259 ustad d\u0259rsl\u0259ri ke\u00e7il\u0259c\u0259k. \u015e\u0259h\u0259rcikd\u0259 Az\u0259rbaycan m\u0259tb\u0259xini t\u0259qdim ed\u0259n restoranlar, \u00e7ay evi, \u00f6lk\u0259mizd\u0259 istehsal olunan m\u00fcxt\u0259lif\u00a0 m\u0259hsullar\u0131n sat\u0131\u015f\u0131 da t\u0259\u015fkil edilir. \u015e\u0259h\u0259r sakinl\u0259rin\u0259 \u201cI Love&hellip;<\/p>\n","protected":false},"author":2,"featured_media":19942,"comment_status":"closed","ping_status":"closed","sticky":false,"template":"","format":"standard","meta":{"om_disable_all_campaigns":false,"_monsterinsights_skip_tracking":false,"_monsterinsights_sitenote_active":false,"_monsterinsights_sitenote_note":"","_monsterinsights_sitenote_category":0},"categories":[1],"tags":[],"aioseo_notices":[],"gutentor_comment":0,"rttpg_featured_image_url":{"full":["https:\/\/arantv.az\/wp-content\/uploads\/2018\/10\/2s6ubecl3uf7i1asl8th8651h3mos.jpg",1000,666,false],"landscape":["https:\/\/arantv.az\/wp-content\/uploads\/2018\/10\/2s6ubecl3uf7i1asl8th8651h3mos.jpg",1000,666,false],"portraits":["https:\/\/arantv.az\/wp-content\/uploads\/2018\/10\/2s6ubecl3uf7i1asl8th8651h3mos.jpg",1000,666,false],"thumbnail":["https:\/\/arantv.az\/wp-content\/uploads\/2018\/10\/2s6ubecl3uf7i1asl8th8651h3mos-150x150.jpg",150,150,true],"medium":["https:\/\/arantv.az\/wp-content\/uploads\/2018\/10\/2s6ubecl3uf7i1asl8th8651h3mos-300x200.jpg",300,200,true],"large":["https:\/\/arantv.az\/wp-content\/uploads\/2018\/10\/2s6ubecl3uf7i1asl8th8651h3mos.jpg",640,426,false],"1536x1536":["https:\/\/arantv.az\/wp-content\/uploads\/2018\/10\/2s6ubecl3uf7i1asl8th8651h3mos.jpg",1000,666,false],"2048x2048":["https:\/\/arantv.az\/wp-content\/uploads\/2018\/10\/2s6ubecl3uf7i1asl8th8651h3mos.jpg",1000,666,false],"post-thumbnail":["https:\/\/arantv.az\/wp-content\/uploads\/2018\/10\/2s6ubecl3uf7i1asl8th8651h3mos-240x172.jpg",240,172,true],"advps-thumb-one":["https:\/\/arantv.az\/wp-content\/uploads\/2018\/10\/2s6ubecl3uf7i1asl8th8651h3mos-1000x620.jpg",1000,620,true]},"rttpg_author":{"display_name":"V\u00fcsal Rafiqo\u011flu","author_link":"https:\/\/arantv.az\/?author=2"},"rttpg_comment":0,"rttpg_category":"<a href=\"https:\/\/arantv.az\/?cat=1\" rel=\"category\">C\u0259miyy\u0259t<\/a>","rttpg_excerpt":"ARANTV.AZ x\u0259b\u0259r verir ki, Moskvada Heyd\u0259r \u018fliyev Fondunun v\u0259 Az\u0259rbaycan\u0131n Rusiyadak\u0131 s\u0259firliyinin t\u0259\u015fkilat\u00e7\u0131l\u0131\u011f\u0131, Moskva h\u00f6kum\u0259ti v\u0259 Az\u0259rbaycan\u0131n \u0130qtisadiyyat Nazirliyinin d\u0259st\u0259yi il\u0259 \u201cAz\u0259rbaycan\u0131n pay\u0131z sovqatlar\u0131\u201d adl\u0131 \u015f\u0259h\u0259rcik a\u00e7\u0131l\u0131b. A\u00e7\u0131l\u0131\u015f m\u0259rasimind\u0259 iki \u00f6lk\u0259nin r\u0259smi n\u00fcmay\u0259nd\u0259l\u0259ri i\u015ftirak edib. \u201cAz\u0259rbaycan\u0131n pay\u0131z sovqatlar\u0131\u201d adl\u0131 \u015f\u0259h\u0259rcikd\u0259 m\u0259d\u0259niyy\u0259timizin tan\u0131t\u0131m\u0131 \u00e7\u0259r\u00e7iv\u0259sind\u0259 konsert v\u0259 s\u0259rgil\u0259r d\u0259 t\u0259\u015fkil olunur. Burada h\u0259m\u00e7inin izl\u0259yicil\u0259r\u0259 Az\u0259rbaycan\u0131n m\u00fcxt\u0259lif milli&hellip;","_links":{"self":[{"href":"https:\/\/arantv.az\/index.php?rest_route=\/wp\/v2\/posts\/19941"}],"collection":[{"href":"https:\/\/arantv.az\/index.php?rest_route=\/wp\/v2\/posts"}],"about":[{"href":"https:\/\/arantv.az\/index.php?rest_route=\/wp\/v2\/types\/post"}],"author":[{"embeddable":true,"href":"https:\/\/arantv.az\/index.php?rest_route=\/wp\/v2\/users\/2"}],"replies":[{"embeddable":true,"href":"https:\/\/arantv.az\/index.php?rest_route=%2Fwp%2Fv2%2Fcomments&post=19941"}],"version-history":[{"count":0,"href":"https:\/\/arantv.az\/index.php?rest_route=\/wp\/v2\/posts\/19941\/revisions"}],"wp:featuredmedia":[{"embeddable":true,"href":"https:\/\/arantv.az\/index.php?rest_route=\/wp\/v2\/media\/19942"}],"wp:attachment":[{"href":"https:\/\/arantv.az\/index.php?rest_route=%2Fwp%2Fv2%2Fmedia&parent=19941"}],"wp:term":[{"taxonomy":"category","embeddable":true,"href":"https:\/\/arantv.az\/index.php?rest_route=%2Fwp%2Fv2%2Fcategories&post=19941"},{"taxonomy":"post_tag","embeddable":true,"href":"https:\/\/arantv.az\/index.php?rest_route=%2Fwp%2Fv2%2Ftags&post=19941"}],"curies":[{"name":"wp","href":"https:\/\/api.w.org\/{rel}","templated":true}]}}