{"id":19947,"date":"2018-10-19T09:56:40","date_gmt":"2018-10-19T06:56:40","guid":{"rendered":"http:\/\/arantv.az\/?p=19947"},"modified":"2018-10-19T09:56:40","modified_gmt":"2018-10-19T06:56:40","slug":"az%c9%99rbaycan-il%c9%99-italiya-arasinda-strateji-t%c9%99r%c9%99fdasliq-%c9%99laq%c9%99l%c9%99rinin-%c9%99h%c9%99miyy%c9%99tind%c9%99n-danisilib","status":"publish","type":"post","link":"https:\/\/arantv.az\/?p=19947","title":{"rendered":"Az\u0259rbaycan il\u0259 \u0130taliya aras\u0131nda strateji t\u0259r\u0259fda\u015fl\u0131q \u0259laq\u0259l\u0259rinin \u0259h\u0259miyy\u0259tind\u0259n dan\u0131\u015f\u0131l\u0131b"},"content":{"rendered":"<p><strong>ARANTV.AZ<\/strong> x\u0259b\u0259r verir ki, Az\u0259rbaycan Respublikas\u0131n\u0131n Ba\u015f naziri Novruz M\u0259mm\u0259dov oktyabr\u0131n 18-d\u0259 \u0130taliya Respublikas\u0131 Senat\u0131n\u0131n s\u0259dri xan\u0131m Maria Elisabetta Alberti Kasellati il\u0259 g\u00f6r\u00fc\u015f\u00fcb.<\/p>\n<p>Az\u0259rbaycan\u0131n m\u00fcst\u0259qilliyini b\u0259rpa etdikd\u0259n sonra \u0130taliya il\u0259 m\u00fcnasib\u0259tl\u0259rin inki\u015faf\u0131na x\u00fcsusi \u00f6n\u0259m verdiyini, \u00f6lk\u0259l\u0259rimiz aras\u0131nda m\u00fcxt\u0259lif sah\u0259l\u0259rd\u0259 \u00e7ox yax\u015f\u0131 \u0259m\u0259kda\u015fl\u0131q \u0259laq\u0259l\u0259rinin quruldu\u011funu qeyd ed\u0259n Novruz M\u0259mm\u0259dov art\u0131q ikit\u0259r\u0259fli m\u00fcnasib\u0259tl\u0259rin m\u00fcxt\u0259lif sah\u0259l\u0259rd\u0259 s\u00fcr\u0259tl\u0259 inki\u015faf ed\u0259r\u0259k strateji t\u0259r\u0259fda\u015fl\u0131q s\u0259viyy\u0259sin\u0259 \u00e7atd\u0131\u011f\u0131n\u0131 deyib.<\/p>\n<p>\u018fm\u0259kda\u015fl\u0131\u011f\u0131m\u0131z\u0131n inki\u015faf\u0131nda y\u00fcks\u0259k s\u0259viyy\u0259li qar\u015f\u0131l\u0131ql\u0131 s\u0259f\u0259rl\u0259rin rolundan dan\u0131\u015fan Novruz M\u0259mm\u0259dov bildirib ki, bu il \u0130taliya Prezidenti Sercio Mattarellan\u0131n \u00f6lk\u0259miz\u0259, Az\u0259rbaycan\u0131n Birinci vitse-prezidenti xan\u0131m Mehriban \u018fliyevan\u0131n \u0130taliyaya s\u0259f\u0259rl\u0259ri, apar\u0131lan s\u0259m\u0259r\u0259li dan\u0131\u015f\u0131qlar \u00f6lk\u0259l\u0259rimiz aras\u0131nda \u0259m\u0259kda\u015fl\u0131q \u0259laq\u0259l\u0259rinin daha da geni\u015fl\u0259nm\u0259sin\u0259 m\u00fch\u00fcm t\u00f6hf\u0259 verir.<\/p>\n<p>M\u0259d\u0259ni \u0259laq\u0259l\u0259rin xalqlar\u0131 yax\u0131nla\u015fd\u0131rd\u0131\u011f\u0131n\u0131 vur\u011fulayan Ba\u015f nazir Novruz M\u0259mm\u0259dov Az\u0259rbaycan xalq\u0131n\u0131n tarix\u0259n \u0130taliya m\u0259d\u0259niyy\u0259tin\u0259 b\u00f6y\u00fck maraq g\u00f6st\u0259rdiyini diqq\u0259t\u0259 \u00e7atd\u0131r\u0131b. Ba\u015f nazir \u0130taliya operas\u0131n\u0131n d\u00fcnyadak\u0131 \u015f\u00f6hr\u0259tind\u0259n dan\u0131\u015faraq Az\u0259rbaycan\u0131n da \u015e\u0259rqd\u0259 ilk operan\u0131n m\u0259kan\u0131 kimi tan\u0131nd\u0131\u011f\u0131n\u0131 xat\u0131rlad\u0131b.<\/p>\n<p>Bak\u0131n\u0131n \u201cEkspo 2025\u201d \u00dcmumd\u00fcnya S\u0259rgisin\u0259 ev sahibliyi \u00fc\u00e7\u00fcn namiz\u0259dliyinin ir\u0259li s\u00fcr\u00fcld\u00fcy\u00fcn\u00fc dey\u0259n Novruz M\u0259mm\u0259dov \u0130taliyan\u0131n Az\u0259rbaycan\u0131n namiz\u0259dliyini d\u0259st\u0259kl\u0259y\u0259c\u0259yin\u0259 \u00fcmidvar oldu\u011funu bildirib.<\/p>\n<p>Xan\u0131m Maria Elisabetta Alberti Kasellati Az\u0259rbaycan il\u0259 \u0130taliya aras\u0131nda m\u00fcxt\u0259lif istiqam\u0259tl\u0259r \u00fczr\u0259, o c\u00fcml\u0259d\u0259n siyasi, iqtisadi, humanitar sah\u0259l\u0259rd\u0259 yax\u015f\u0131 \u0259laq\u0259l\u0259rin quruldu\u011funu, \u0259m\u0259kda\u015fl\u0131\u011f\u0131m\u0131z\u0131n strateji t\u0259r\u0259fda\u015fl\u0131q s\u0259viyy\u0259sin\u0259 y\u00fcks\u0259ldiyini qeyd edib.<\/p>\n<p>Senat\u0131n s\u0259dri Heyd\u0259r \u018fliyev Fondunun \u0130taliyada m\u0259d\u0259ni v\u0259 humanitar sah\u0259l\u0259rd\u0259, o c\u00fcml\u0259d\u0259n tarixi abid\u0259l\u0259rin b\u0259rpas\u0131 il\u0259 ba\u011fl\u0131 h\u0259yata ke\u00e7irdiyi layih\u0259l\u0259rin \u00f6lk\u0259sind\u0259 y\u00fcks\u0259k d\u0259y\u0259rl\u0259ndirildiyini deyib, humanitar \u0259laq\u0259l\u0259rin daha da geni\u015fl\u0259ndirilm\u0259sinin \u00f6n\u0259mini x\u00fcsusi vur\u011fulay\u0131b.<\/p>\n<p>Maria Elisabetta Alberti Kasellati \u0130taliya \u015firk\u0259tl\u0259rinin Az\u0259rbaycanda bir s\u0131ra iqtisadi layih\u0259l\u0259rd\u0259 u\u011furla i\u015ftirak etdiyini s\u00f6yl\u0259yib. Senat\u0131n s\u0259dri bildirib ki, \u0130taliya \u015firk\u0259tl\u0259ri Az\u0259rbaycanda n\u0259qliyyat, k\u0259nd t\u0259s\u0259rr\u00fcfat\u0131, m\u00fcdafi\u0259 s\u0259nayesi, infrastruktur v\u0259 dig\u0259r sah\u0259l\u0259rd\u0259 f\u0259aliyy\u0259t g\u00f6st\u0259rm\u0259kd\u0259 maraql\u0131d\u0131r.<\/p>\n<p>Az\u0259rbaycan\u0131n Avropan\u0131n, o c\u00fcml\u0259d\u0259n \u0130taliyan\u0131n enerji t\u0259hl\u00fck\u0259sizliyind\u0259ki rolunu y\u00fcks\u0259k qiym\u0259tl\u0259ndir\u0259n qonaq deyib ki, C\u0259nub Qaz D\u0259hlizi g\u0259l\u0259c\u0259kd\u0259 \u00f6lk\u0259l\u0259rimizin iqtisadi \u0259m\u0259kda\u015fl\u0131\u011f\u0131n\u0131n daha da geni\u015fl\u0259nm\u0259sin\u0259 xidm\u0259t edir.<\/p>\n<p>S\u00f6hb\u0259t zaman\u0131 qar\u015f\u0131l\u0131ql\u0131 maraq do\u011furan dig\u0259r m\u0259s\u0259l\u0259l\u0259r \u0259traf\u0131nda da geni\u015f fikir m\u00fcbadil\u0259si apar\u0131l\u0131b.<\/p>\n","protected":false},"excerpt":{"rendered":"<p>ARANTV.AZ x\u0259b\u0259r verir ki, Az\u0259rbaycan Respublikas\u0131n\u0131n Ba\u015f naziri Novruz M\u0259mm\u0259dov oktyabr\u0131n 18-d\u0259 \u0130taliya Respublikas\u0131 Senat\u0131n\u0131n s\u0259dri xan\u0131m Maria Elisabetta Alberti Kasellati il\u0259 g\u00f6r\u00fc\u015f\u00fcb. Az\u0259rbaycan\u0131n m\u00fcst\u0259qilliyini b\u0259rpa etdikd\u0259n sonra \u0130taliya il\u0259 m\u00fcnasib\u0259tl\u0259rin inki\u015faf\u0131na x\u00fcsusi \u00f6n\u0259m verdiyini, \u00f6lk\u0259l\u0259rimiz aras\u0131nda m\u00fcxt\u0259lif sah\u0259l\u0259rd\u0259 \u00e7ox yax\u015f\u0131 \u0259m\u0259kda\u015fl\u0131q \u0259laq\u0259l\u0259rinin quruldu\u011funu qeyd ed\u0259n Novruz M\u0259mm\u0259dov art\u0131q ikit\u0259r\u0259fli m\u00fcnasib\u0259tl\u0259rin m\u00fcxt\u0259lif sah\u0259l\u0259rd\u0259 s\u00fcr\u0259tl\u0259 inki\u015faf ed\u0259r\u0259k strateji t\u0259r\u0259fda\u015fl\u0131q s\u0259viyy\u0259sin\u0259 \u00e7atd\u0131\u011f\u0131n\u0131 deyib. \u018fm\u0259kda\u015fl\u0131\u011f\u0131m\u0131z\u0131n inki\u015faf\u0131nda y\u00fcks\u0259k s\u0259viyy\u0259li qar\u015f\u0131l\u0131ql\u0131 s\u0259f\u0259rl\u0259rin rolundan dan\u0131\u015fan Novruz M\u0259mm\u0259dov bildirib ki, bu il \u0130taliya Prezidenti Sercio Mattarellan\u0131n \u00f6lk\u0259miz\u0259, Az\u0259rbaycan\u0131n Birinci vitse-prezidenti xan\u0131m Mehriban \u018fliyevan\u0131n \u0130taliyaya s\u0259f\u0259rl\u0259ri, apar\u0131lan s\u0259m\u0259r\u0259li&hellip;<\/p>\n","protected":false},"author":2,"featured_media":19948,"comment_status":"closed","ping_status":"closed","sticky":false,"template":"","format":"standard","meta":{"om_disable_all_campaigns":false,"_monsterinsights_skip_tracking":false,"_monsterinsights_sitenote_active":false,"_monsterinsights_sitenote_note":"","_monsterinsights_sitenote_category":0},"categories":[4],"tags":[],"aioseo_notices":[],"gutentor_comment":0,"rttpg_featured_image_url":{"full":["https:\/\/arantv.az\/wp-content\/uploads\/2018\/10\/2s6ubecl3uf7i1asl8th8651h3nk-2.jpg",1000,656,false],"landscape":["https:\/\/arantv.az\/wp-content\/uploads\/2018\/10\/2s6ubecl3uf7i1asl8th8651h3nk-2.jpg",1000,656,false],"portraits":["https:\/\/arantv.az\/wp-content\/uploads\/2018\/10\/2s6ubecl3uf7i1asl8th8651h3nk-2.jpg",1000,656,false],"thumbnail":["https:\/\/arantv.az\/wp-content\/uploads\/2018\/10\/2s6ubecl3uf7i1asl8th8651h3nk-2-150x150.jpg",150,150,true],"medium":["https:\/\/arantv.az\/wp-content\/uploads\/2018\/10\/2s6ubecl3uf7i1asl8th8651h3nk-2-300x197.jpg",300,197,true],"large":["https:\/\/arantv.az\/wp-content\/uploads\/2018\/10\/2s6ubecl3uf7i1asl8th8651h3nk-2.jpg",640,420,false],"1536x1536":["https:\/\/arantv.az\/wp-content\/uploads\/2018\/10\/2s6ubecl3uf7i1asl8th8651h3nk-2.jpg",1000,656,false],"2048x2048":["https:\/\/arantv.az\/wp-content\/uploads\/2018\/10\/2s6ubecl3uf7i1asl8th8651h3nk-2.jpg",1000,656,false],"post-thumbnail":["https:\/\/arantv.az\/wp-content\/uploads\/2018\/10\/2s6ubecl3uf7i1asl8th8651h3nk-2-240x172.jpg",240,172,true],"advps-thumb-one":["https:\/\/arantv.az\/wp-content\/uploads\/2018\/10\/2s6ubecl3uf7i1asl8th8651h3nk-2-1000x620.jpg",1000,620,true]},"rttpg_author":{"display_name":"V\u00fcsal Rafiqo\u011flu","author_link":"https:\/\/arantv.az\/?author=2"},"rttpg_comment":0,"rttpg_category":"<a href=\"https:\/\/arantv.az\/?cat=4\" rel=\"category\">Siyas\u0259t<\/a>","rttpg_excerpt":"ARANTV.AZ x\u0259b\u0259r verir ki, Az\u0259rbaycan Respublikas\u0131n\u0131n Ba\u015f naziri Novruz M\u0259mm\u0259dov oktyabr\u0131n 18-d\u0259 \u0130taliya Respublikas\u0131 Senat\u0131n\u0131n s\u0259dri xan\u0131m Maria Elisabetta Alberti Kasellati il\u0259 g\u00f6r\u00fc\u015f\u00fcb. Az\u0259rbaycan\u0131n m\u00fcst\u0259qilliyini b\u0259rpa etdikd\u0259n sonra \u0130taliya il\u0259 m\u00fcnasib\u0259tl\u0259rin inki\u015faf\u0131na x\u00fcsusi \u00f6n\u0259m verdiyini, \u00f6lk\u0259l\u0259rimiz aras\u0131nda m\u00fcxt\u0259lif sah\u0259l\u0259rd\u0259 \u00e7ox yax\u015f\u0131 \u0259m\u0259kda\u015fl\u0131q \u0259laq\u0259l\u0259rinin quruldu\u011funu qeyd ed\u0259n Novruz M\u0259mm\u0259dov art\u0131q ikit\u0259r\u0259fli m\u00fcnasib\u0259tl\u0259rin m\u00fcxt\u0259lif sah\u0259l\u0259rd\u0259 s\u00fcr\u0259tl\u0259 inki\u015faf&hellip;","_links":{"self":[{"href":"https:\/\/arantv.az\/index.php?rest_route=\/wp\/v2\/posts\/19947"}],"collection":[{"href":"https:\/\/arantv.az\/index.php?rest_route=\/wp\/v2\/posts"}],"about":[{"href":"https:\/\/arantv.az\/index.php?rest_route=\/wp\/v2\/types\/post"}],"author":[{"embeddable":true,"href":"https:\/\/arantv.az\/index.php?rest_route=\/wp\/v2\/users\/2"}],"replies":[{"embeddable":true,"href":"https:\/\/arantv.az\/index.php?rest_route=%2Fwp%2Fv2%2Fcomments&post=19947"}],"version-history":[{"count":0,"href":"https:\/\/arantv.az\/index.php?rest_route=\/wp\/v2\/posts\/19947\/revisions"}],"wp:featuredmedia":[{"embeddable":true,"href":"https:\/\/arantv.az\/index.php?rest_route=\/wp\/v2\/media\/19948"}],"wp:attachment":[{"href":"https:\/\/arantv.az\/index.php?rest_route=%2Fwp%2Fv2%2Fmedia&parent=19947"}],"wp:term":[{"taxonomy":"category","embeddable":true,"href":"https:\/\/arantv.az\/index.php?rest_route=%2Fwp%2Fv2%2Fcategories&post=19947"},{"taxonomy":"post_tag","embeddable":true,"href":"https:\/\/arantv.az\/index.php?rest_route=%2Fwp%2Fv2%2Ftags&post=19947"}],"curies":[{"name":"wp","href":"https:\/\/api.w.org\/{rel}","templated":true}]}}