{"id":19950,"date":"2018-10-19T09:58:31","date_gmt":"2018-10-19T06:58:31","guid":{"rendered":"http:\/\/arantv.az\/?p=19950"},"modified":"2018-10-19T09:58:31","modified_gmt":"2018-10-19T06:58:31","slug":"az%c9%99rbaycan-v%c9%99-turkm%c9%99nistan-xarici-isl%c9%99r-nazirlikl%c9%99ri-arasinda-siyasi-m%c9%99sl%c9%99h%c9%99tl%c9%99sm%c9%99l%c9%99r-kecirilib","status":"publish","type":"post","link":"https:\/\/arantv.az\/?p=19950","title":{"rendered":"Az\u0259rbaycan v\u0259 T\u00fcrkm\u0259nistan Xarici \u0130\u015fl\u0259r Nazirlikl\u0259ri aras\u0131nda siyasi m\u0259sl\u0259h\u0259tl\u0259\u015fm\u0259l\u0259r ke\u00e7irilib"},"content":{"rendered":"<p><strong>ARANTV.AZ<\/strong> x\u0259b\u0259r verir ki, Az\u0259rbaycan v\u0259 T\u00fcrkm\u0259nistan Xarici \u0130\u015fl\u0259r Nazirlikl\u0259ri aras\u0131nda siyasi m\u0259sl\u0259h\u0259tl\u0259\u015fm\u0259l\u0259r ke\u00e7irilib.\u00a0 N\u00fcmay\u0259nd\u0259 hey\u0259tl\u0259rin\u0259 xarici i\u015fl\u0259r naziri Elmar M\u0259mm\u0259dyarov, T\u00fcrkm\u0259nistan t\u0259r\u0259find\u0259n is\u0259 Nazirl\u0259r Kabineti s\u0259drinin m\u00fcavini, xarici i\u015fl\u0259r naziri R\u0259\u015fid Meredov r\u0259hb\u0259rlik edibl\u0259r. M\u0259sl\u0259h\u0259tl\u0259\u015fm\u0259l\u0259r \u00e7\u0259r\u00e7iv\u0259sind\u0259 siyasi-diplomatik, o c\u00fcml\u0259d\u0259n \u0259n y\u00fcks\u0259k s\u0259viyy\u0259d\u0259 s\u0259f\u0259rl\u0259r m\u00fcbadil\u0259sinin davam etdirilm\u0259si, beyn\u0259lxalq v\u0259 regional \u0259m\u0259kda\u015fl\u0131q bar\u0259d\u0259 \u0259trafl\u0131 m\u00fczakir\u0259l\u0259r apar\u0131l\u0131b. Aktau zirv\u0259 toplant\u0131s\u0131nda imzalanm\u0131\u015f X\u0259z\u0259r d\u0259nizinin h\u00fcquqi statusu \u00fczr\u0259 konvensiyan\u0131n tarixi \u0259h\u0259miyy\u0259ti bir daha \u00f6n\u0259 \u00e7\u0259kilib. \u0130ki \u00f6lk\u0259 aras\u0131nda ticari-iqtisadi \u0259m\u0259kda\u015fl\u0131qda m\u00fc\u015fahid\u0259 edil\u0259n m\u00fcsb\u0259t dinamika vur\u011fulan\u0131b.\u00a0 G\u00f6r\u00fc\u015fd\u0259, h\u0259m\u00e7inin beyn\u0259lxalq t\u0259\u015fkilatlar \u00e7\u0259r\u00e7iv\u0259sind\u0259 qar\u015f\u0131l\u0131ql\u0131 d\u0259st\u0259yin g\u00f6st\u0259rilm\u0259si,\u00a0 \u00f6lk\u0259l\u0259r aras\u0131nda m\u00fcqavil\u0259-h\u00fcquq bazas\u0131n\u0131n geni\u015fl\u0259ndirilm\u0259sin\u0259 dair d\u0259 fikir m\u00fcbadil\u0259si apar\u0131l\u0131b. M\u0259sl\u0259h\u0259tl\u0259\u015fm\u0259l\u0259rin yekunlar\u0131na dair 2019-2020-ci ill\u0259r \u00fc\u00e7\u00fcn \u0259m\u0259kda\u015fl\u0131q proqram\u0131 imzalan\u0131b.<\/p>\n","protected":false},"excerpt":{"rendered":"<p>ARANTV.AZ x\u0259b\u0259r verir ki, Az\u0259rbaycan v\u0259 T\u00fcrkm\u0259nistan Xarici \u0130\u015fl\u0259r Nazirlikl\u0259ri aras\u0131nda siyasi m\u0259sl\u0259h\u0259tl\u0259\u015fm\u0259l\u0259r ke\u00e7irilib.\u00a0 N\u00fcmay\u0259nd\u0259 hey\u0259tl\u0259rin\u0259 xarici i\u015fl\u0259r naziri Elmar M\u0259mm\u0259dyarov, T\u00fcrkm\u0259nistan t\u0259r\u0259find\u0259n is\u0259 Nazirl\u0259r Kabineti s\u0259drinin m\u00fcavini, xarici i\u015fl\u0259r naziri R\u0259\u015fid Meredov r\u0259hb\u0259rlik edibl\u0259r. M\u0259sl\u0259h\u0259tl\u0259\u015fm\u0259l\u0259r \u00e7\u0259r\u00e7iv\u0259sind\u0259 siyasi-diplomatik, o c\u00fcml\u0259d\u0259n \u0259n y\u00fcks\u0259k s\u0259viyy\u0259d\u0259 s\u0259f\u0259rl\u0259r m\u00fcbadil\u0259sinin davam etdirilm\u0259si, beyn\u0259lxalq v\u0259 regional \u0259m\u0259kda\u015fl\u0131q bar\u0259d\u0259 \u0259trafl\u0131 m\u00fczakir\u0259l\u0259r apar\u0131l\u0131b. Aktau zirv\u0259 toplant\u0131s\u0131nda imzalanm\u0131\u015f X\u0259z\u0259r d\u0259nizinin h\u00fcquqi statusu \u00fczr\u0259 konvensiyan\u0131n tarixi \u0259h\u0259miyy\u0259ti bir daha \u00f6n\u0259 \u00e7\u0259kilib. \u0130ki \u00f6lk\u0259 aras\u0131nda ticari-iqtisadi \u0259m\u0259kda\u015fl\u0131qda m\u00fc\u015fahid\u0259 edil\u0259n m\u00fcsb\u0259t dinamika vur\u011fulan\u0131b.\u00a0 G\u00f6r\u00fc\u015fd\u0259, h\u0259m\u00e7inin beyn\u0259lxalq t\u0259\u015fkilatlar \u00e7\u0259r\u00e7iv\u0259sind\u0259 qar\u015f\u0131l\u0131ql\u0131 d\u0259st\u0259yin g\u00f6st\u0259rilm\u0259si,\u00a0 \u00f6lk\u0259l\u0259r&hellip;<\/p>\n","protected":false},"author":2,"featured_media":19951,"comment_status":"closed","ping_status":"closed","sticky":false,"template":"","format":"standard","meta":{"om_disable_all_campaigns":false,"_monsterinsights_skip_tracking":false,"_monsterinsights_sitenote_active":false,"_monsterinsights_sitenote_note":"","_monsterinsights_sitenote_category":0},"categories":[4],"tags":[],"aioseo_notices":[],"gutentor_comment":0,"rttpg_featured_image_url":{"full":["https:\/\/arantv.az\/wp-content\/uploads\/2018\/10\/2s6ubecl3uf7i1asl8th8651h3elm-1.jpg",1000,665,false],"landscape":["https:\/\/arantv.az\/wp-content\/uploads\/2018\/10\/2s6ubecl3uf7i1asl8th8651h3elm-1.jpg",1000,665,false],"portraits":["https:\/\/arantv.az\/wp-content\/uploads\/2018\/10\/2s6ubecl3uf7i1asl8th8651h3elm-1.jpg",1000,665,false],"thumbnail":["https:\/\/arantv.az\/wp-content\/uploads\/2018\/10\/2s6ubecl3uf7i1asl8th8651h3elm-1-150x150.jpg",150,150,true],"medium":["https:\/\/arantv.az\/wp-content\/uploads\/2018\/10\/2s6ubecl3uf7i1asl8th8651h3elm-1-300x200.jpg",300,200,true],"large":["https:\/\/arantv.az\/wp-content\/uploads\/2018\/10\/2s6ubecl3uf7i1asl8th8651h3elm-1.jpg",640,426,false],"1536x1536":["https:\/\/arantv.az\/wp-content\/uploads\/2018\/10\/2s6ubecl3uf7i1asl8th8651h3elm-1.jpg",1000,665,false],"2048x2048":["https:\/\/arantv.az\/wp-content\/uploads\/2018\/10\/2s6ubecl3uf7i1asl8th8651h3elm-1.jpg",1000,665,false],"post-thumbnail":["https:\/\/arantv.az\/wp-content\/uploads\/2018\/10\/2s6ubecl3uf7i1asl8th8651h3elm-1-240x172.jpg",240,172,true],"advps-thumb-one":["https:\/\/arantv.az\/wp-content\/uploads\/2018\/10\/2s6ubecl3uf7i1asl8th8651h3elm-1-1000x620.jpg",1000,620,true]},"rttpg_author":{"display_name":"V\u00fcsal Rafiqo\u011flu","author_link":"https:\/\/arantv.az\/?author=2"},"rttpg_comment":0,"rttpg_category":"<a href=\"https:\/\/arantv.az\/?cat=4\" rel=\"category\">Siyas\u0259t<\/a>","rttpg_excerpt":"ARANTV.AZ x\u0259b\u0259r verir ki, Az\u0259rbaycan v\u0259 T\u00fcrkm\u0259nistan Xarici \u0130\u015fl\u0259r Nazirlikl\u0259ri aras\u0131nda siyasi m\u0259sl\u0259h\u0259tl\u0259\u015fm\u0259l\u0259r ke\u00e7irilib.\u00a0 N\u00fcmay\u0259nd\u0259 hey\u0259tl\u0259rin\u0259 xarici i\u015fl\u0259r naziri Elmar M\u0259mm\u0259dyarov, T\u00fcrkm\u0259nistan t\u0259r\u0259find\u0259n is\u0259 Nazirl\u0259r Kabineti s\u0259drinin m\u00fcavini, xarici i\u015fl\u0259r naziri R\u0259\u015fid Meredov r\u0259hb\u0259rlik edibl\u0259r. M\u0259sl\u0259h\u0259tl\u0259\u015fm\u0259l\u0259r \u00e7\u0259r\u00e7iv\u0259sind\u0259 siyasi-diplomatik, o c\u00fcml\u0259d\u0259n \u0259n y\u00fcks\u0259k s\u0259viyy\u0259d\u0259 s\u0259f\u0259rl\u0259r m\u00fcbadil\u0259sinin davam etdirilm\u0259si, beyn\u0259lxalq v\u0259 regional \u0259m\u0259kda\u015fl\u0131q bar\u0259d\u0259 \u0259trafl\u0131 m\u00fczakir\u0259l\u0259r apar\u0131l\u0131b.&hellip;","_links":{"self":[{"href":"https:\/\/arantv.az\/index.php?rest_route=\/wp\/v2\/posts\/19950"}],"collection":[{"href":"https:\/\/arantv.az\/index.php?rest_route=\/wp\/v2\/posts"}],"about":[{"href":"https:\/\/arantv.az\/index.php?rest_route=\/wp\/v2\/types\/post"}],"author":[{"embeddable":true,"href":"https:\/\/arantv.az\/index.php?rest_route=\/wp\/v2\/users\/2"}],"replies":[{"embeddable":true,"href":"https:\/\/arantv.az\/index.php?rest_route=%2Fwp%2Fv2%2Fcomments&post=19950"}],"version-history":[{"count":0,"href":"https:\/\/arantv.az\/index.php?rest_route=\/wp\/v2\/posts\/19950\/revisions"}],"wp:featuredmedia":[{"embeddable":true,"href":"https:\/\/arantv.az\/index.php?rest_route=\/wp\/v2\/media\/19951"}],"wp:attachment":[{"href":"https:\/\/arantv.az\/index.php?rest_route=%2Fwp%2Fv2%2Fmedia&parent=19950"}],"wp:term":[{"taxonomy":"category","embeddable":true,"href":"https:\/\/arantv.az\/index.php?rest_route=%2Fwp%2Fv2%2Fcategories&post=19950"},{"taxonomy":"post_tag","embeddable":true,"href":"https:\/\/arantv.az\/index.php?rest_route=%2Fwp%2Fv2%2Ftags&post=19950"}],"curies":[{"name":"wp","href":"https:\/\/api.w.org\/{rel}","templated":true}]}}