{"id":19953,"date":"2018-10-19T09:59:18","date_gmt":"2018-10-19T06:59:18","guid":{"rendered":"http:\/\/arantv.az\/?p=19953"},"modified":"2018-10-19T09:59:18","modified_gmt":"2018-10-19T06:59:18","slug":"italiya-senatinin-s%c9%99dri-milli-m%c9%99clisd%c9%99-olub","status":"publish","type":"post","link":"https:\/\/arantv.az\/?p=19953","title":{"rendered":"\u0130taliya Senat\u0131n\u0131n s\u0259dri Milli M\u0259clisd\u0259 olub"},"content":{"rendered":"<p><strong>ARANTV.AZ<\/strong> x\u0259b\u0259r verir ki, \u201cAz\u0259rbaycan parlamentarizm \u0259n\u0259n\u0259l\u0259rin\u0259 sahib olan \u00f6lk\u0259dir. F\u0259r\u0259hli hald\u0131r ki, \u015e\u0259rqd\u0259 ilk d\u0259f\u0259 qad\u0131nlara se\u00e7ki h\u00fcququ Az\u0259rbaycan verib\u201d. Bu fikri \u00f6lk\u0259mizd\u0259 s\u0259f\u0259rd\u0259 olan \u0130taliya Senat\u0131n\u0131n s\u0259dri Maria Elisabetta Alberti Kasellati Milli M\u0259clisd\u0259 ke\u00e7irdiyi g\u00f6r\u00fc\u015fd\u0259 s\u0259sl\u0259ndirib. Qonaq Bak\u0131ya s\u0259f\u0259rinin b\u00f6y\u00fck tarixi \u0259h\u0259miyy\u0259t da\u015f\u0131d\u0131\u011f\u0131n\u0131 bildirib.<\/p>\n<p>\u201cAz\u0259rbaycanla \u0130taliya aras\u0131nda ikit\u0259r\u0259fli \u0259laq\u0259l\u0259r u\u011furla inki\u015faf edir\u201d. Bunu dey\u0259n Milli M\u0259clisin s\u0259dri Oqtay \u018fs\u0259dov m\u00fcnasib\u0259tl\u0259rin m\u00f6hk\u0259ml\u0259ndirilm\u0259sind\u0259 d\u00f6vl\u0259t ba\u015f\u00e7\u0131lar\u0131n\u0131n y\u00fcks\u0259k s\u0259viyy\u0259li qar\u015f\u0131l\u0131ql\u0131\u00a0 s\u0259f\u0259rl\u0259ri v\u0259 g\u00f6r\u00fc\u015fl\u0259rinin m\u00fch\u00fcm rolunu qeyd etdi. Bildirdi ki, \u0259m\u0259kda\u015fl\u0131q \u00fc\u00e7\u00fcn yax\u015f\u0131 h\u00fcquqi baza da yarad\u0131l\u0131b. \u0130ndiy\u0259d\u0259k \u00f6lk\u0259l\u0259rimiz aras\u0131nda 44 s\u0259n\u0259d imzalan\u0131b. Bunlar\u0131n s\u0131ras\u0131nda 2014-c\u00fc ild\u0259 imzalanan Az\u0259rbaycanla \u0130taliya aras\u0131nda strateji t\u0259r\u0259fda\u015fl\u0131q haqq\u0131nda Birg\u0259 B\u0259y\u0259nnam\u0259 x\u00fcsusi \u0259h\u0259miyy\u0259t k\u0259sb edir. \u0130taliya Az\u0259rbaycan\u0131n Avropada \u0259n b\u00f6y\u00fck ticar\u0259t t\u0259r\u0259fda\u015f\u0131d\u0131r. Oqtay \u018fs\u0259dov parlamentl\u0259raras\u0131 \u0259m\u0259kda\u015fl\u0131\u011f\u0131 da y\u00fcks\u0259k qiym\u0259tl\u0259ndir\u0259r\u0259k \u00f6lk\u0259mizin s\u00fcr\u0259tli inki\u015faf\u0131ndan, Erm\u0259nistan\u0131n i\u015f\u011fal\u00e7\u0131l\u0131q siyas\u0259ti n\u0259tic\u0259sind\u0259 yaranm\u0131\u015f Da\u011fl\u0131q Qaraba\u011f m\u00fcnaqi\u015f\u0259sind\u0259n dan\u0131\u015fd\u0131. \u201cZ\u0259ngin m\u0259d\u0259niyy\u0259t\u0259 v\u0259 \u0259n\u0259n\u0259l\u0259r\u0259 sahib Az\u0259rbaycanda olmaqdan \u00e7ox m\u0259mnunam\u201d dey\u0259n, \u0130taliya Senat\u0131n\u0131n s\u0259dri Maria Elisabetta Alberti Kasellati Bak\u0131ya s\u0259f\u0259rinin tarixi \u0259h\u0259miyy\u0259t da\u015f\u0131d\u0131\u011f\u0131n\u0131 bildirdi. \u0130taliya Senat\u0131n\u0131n s\u0259dri \u00f6lk\u0259mizin sahib oldu\u011fu parlamentarizm \u0259n\u0259n\u0259l\u0259rind\u0259n d\u0259 m\u0259mnunluqla s\u00f6z a\u00e7araq dedi ki, Az\u0259rbaycan \u015e\u0259rqd\u0259 ilk demokratik respublika quran, bizd\u0259n \u00e7ox-\u00e7ox \u0259vv\u0259l qad\u0131nlara se\u00e7ki h\u00fcququ ver\u0259n \u00f6lk\u0259dir. Diqq\u0259t\u0259 \u00e7atd\u0131rd\u0131 ki, \u0130taliya Az\u0259rbaycana \u0259n sadiq t\u0259r\u0259fda\u015f \u00f6lk\u0259l\u0259rd\u0259ndir. Qonaq Az\u0259rbaycan\u0131n \u0130taliyan\u0131n enerji t\u0259chizat\u0131ndak\u0131 rolunu, \u00f6lk\u0259mizin bu sah\u0259d\u0259 realla\u015fd\u0131rd\u0131\u011f\u0131 iri neft-qaz layih\u0259l\u0259rini, h\u0259m\u00e7inin Heyd\u0259r \u018fliyev Fondunun \u0130taliya m\u0259d\u0259niyy\u0259tin\u0259 v\u0259 inc\u0259s\u0259n\u0259tin\u0259 g\u00f6st\u0259rdiyi diqq\u0259ti x\u00fcsusi qeyd etdi.<\/p>\n","protected":false},"excerpt":{"rendered":"<p>ARANTV.AZ x\u0259b\u0259r verir ki, \u201cAz\u0259rbaycan parlamentarizm \u0259n\u0259n\u0259l\u0259rin\u0259 sahib olan \u00f6lk\u0259dir. F\u0259r\u0259hli hald\u0131r ki, \u015e\u0259rqd\u0259 ilk d\u0259f\u0259 qad\u0131nlara se\u00e7ki h\u00fcququ Az\u0259rbaycan verib\u201d. Bu fikri \u00f6lk\u0259mizd\u0259 s\u0259f\u0259rd\u0259 olan \u0130taliya Senat\u0131n\u0131n s\u0259dri Maria Elisabetta Alberti Kasellati Milli M\u0259clisd\u0259 ke\u00e7irdiyi g\u00f6r\u00fc\u015fd\u0259 s\u0259sl\u0259ndirib. Qonaq Bak\u0131ya s\u0259f\u0259rinin b\u00f6y\u00fck tarixi \u0259h\u0259miyy\u0259t da\u015f\u0131d\u0131\u011f\u0131n\u0131 bildirib. \u201cAz\u0259rbaycanla \u0130taliya aras\u0131nda ikit\u0259r\u0259fli \u0259laq\u0259l\u0259r u\u011furla inki\u015faf edir\u201d. Bunu dey\u0259n Milli M\u0259clisin s\u0259dri Oqtay \u018fs\u0259dov m\u00fcnasib\u0259tl\u0259rin m\u00f6hk\u0259ml\u0259ndirilm\u0259sind\u0259 d\u00f6vl\u0259t ba\u015f\u00e7\u0131lar\u0131n\u0131n y\u00fcks\u0259k s\u0259viyy\u0259li qar\u015f\u0131l\u0131ql\u0131\u00a0 s\u0259f\u0259rl\u0259ri v\u0259 g\u00f6r\u00fc\u015fl\u0259rinin m\u00fch\u00fcm rolunu qeyd etdi. Bildirdi ki, \u0259m\u0259kda\u015fl\u0131q \u00fc\u00e7\u00fcn yax\u015f\u0131 h\u00fcquqi baza da yarad\u0131l\u0131b. \u0130ndiy\u0259d\u0259k \u00f6lk\u0259l\u0259rimiz aras\u0131nda 44 s\u0259n\u0259d imzalan\u0131b.&hellip;<\/p>\n","protected":false},"author":2,"featured_media":19954,"comment_status":"closed","ping_status":"closed","sticky":false,"template":"","format":"standard","meta":{"om_disable_all_campaigns":false,"_monsterinsights_skip_tracking":false,"_monsterinsights_sitenote_active":false,"_monsterinsights_sitenote_note":"","_monsterinsights_sitenote_category":0},"categories":[4],"tags":[],"aioseo_notices":[],"gutentor_comment":0,"rttpg_featured_image_url":{"full":["https:\/\/arantv.az\/wp-content\/uploads\/2018\/10\/2s6ubecl3uf7i1asl8th8651h3mm-1.jpg",1000,620,false],"landscape":["https:\/\/arantv.az\/wp-content\/uploads\/2018\/10\/2s6ubecl3uf7i1asl8th8651h3mm-1.jpg",1000,620,false],"portraits":["https:\/\/arantv.az\/wp-content\/uploads\/2018\/10\/2s6ubecl3uf7i1asl8th8651h3mm-1.jpg",1000,620,false],"thumbnail":["https:\/\/arantv.az\/wp-content\/uploads\/2018\/10\/2s6ubecl3uf7i1asl8th8651h3mm-1-150x150.jpg",150,150,true],"medium":["https:\/\/arantv.az\/wp-content\/uploads\/2018\/10\/2s6ubecl3uf7i1asl8th8651h3mm-1-300x186.jpg",300,186,true],"large":["https:\/\/arantv.az\/wp-content\/uploads\/2018\/10\/2s6ubecl3uf7i1asl8th8651h3mm-1.jpg",640,397,false],"1536x1536":["https:\/\/arantv.az\/wp-content\/uploads\/2018\/10\/2s6ubecl3uf7i1asl8th8651h3mm-1.jpg",1000,620,false],"2048x2048":["https:\/\/arantv.az\/wp-content\/uploads\/2018\/10\/2s6ubecl3uf7i1asl8th8651h3mm-1.jpg",1000,620,false],"post-thumbnail":["https:\/\/arantv.az\/wp-content\/uploads\/2018\/10\/2s6ubecl3uf7i1asl8th8651h3mm-1-240x172.jpg",240,172,true],"advps-thumb-one":["https:\/\/arantv.az\/wp-content\/uploads\/2018\/10\/2s6ubecl3uf7i1asl8th8651h3mm-1-1000x620.jpg",1000,620,true]},"rttpg_author":{"display_name":"V\u00fcsal Rafiqo\u011flu","author_link":"https:\/\/arantv.az\/?author=2"},"rttpg_comment":0,"rttpg_category":"<a href=\"https:\/\/arantv.az\/?cat=4\" rel=\"category\">Siyas\u0259t<\/a>","rttpg_excerpt":"ARANTV.AZ x\u0259b\u0259r verir ki, \u201cAz\u0259rbaycan parlamentarizm \u0259n\u0259n\u0259l\u0259rin\u0259 sahib olan \u00f6lk\u0259dir. F\u0259r\u0259hli hald\u0131r ki, \u015e\u0259rqd\u0259 ilk d\u0259f\u0259 qad\u0131nlara se\u00e7ki h\u00fcququ Az\u0259rbaycan verib\u201d. Bu fikri \u00f6lk\u0259mizd\u0259 s\u0259f\u0259rd\u0259 olan \u0130taliya Senat\u0131n\u0131n s\u0259dri Maria Elisabetta Alberti Kasellati Milli M\u0259clisd\u0259 ke\u00e7irdiyi g\u00f6r\u00fc\u015fd\u0259 s\u0259sl\u0259ndirib. Qonaq Bak\u0131ya s\u0259f\u0259rinin b\u00f6y\u00fck tarixi \u0259h\u0259miyy\u0259t da\u015f\u0131d\u0131\u011f\u0131n\u0131 bildirib. \u201cAz\u0259rbaycanla \u0130taliya aras\u0131nda ikit\u0259r\u0259fli \u0259laq\u0259l\u0259r u\u011furla inki\u015faf edir\u201d. Bunu&hellip;","_links":{"self":[{"href":"https:\/\/arantv.az\/index.php?rest_route=\/wp\/v2\/posts\/19953"}],"collection":[{"href":"https:\/\/arantv.az\/index.php?rest_route=\/wp\/v2\/posts"}],"about":[{"href":"https:\/\/arantv.az\/index.php?rest_route=\/wp\/v2\/types\/post"}],"author":[{"embeddable":true,"href":"https:\/\/arantv.az\/index.php?rest_route=\/wp\/v2\/users\/2"}],"replies":[{"embeddable":true,"href":"https:\/\/arantv.az\/index.php?rest_route=%2Fwp%2Fv2%2Fcomments&post=19953"}],"version-history":[{"count":0,"href":"https:\/\/arantv.az\/index.php?rest_route=\/wp\/v2\/posts\/19953\/revisions"}],"wp:featuredmedia":[{"embeddable":true,"href":"https:\/\/arantv.az\/index.php?rest_route=\/wp\/v2\/media\/19954"}],"wp:attachment":[{"href":"https:\/\/arantv.az\/index.php?rest_route=%2Fwp%2Fv2%2Fmedia&parent=19953"}],"wp:term":[{"taxonomy":"category","embeddable":true,"href":"https:\/\/arantv.az\/index.php?rest_route=%2Fwp%2Fv2%2Fcategories&post=19953"},{"taxonomy":"post_tag","embeddable":true,"href":"https:\/\/arantv.az\/index.php?rest_route=%2Fwp%2Fv2%2Ftags&post=19953"}],"curies":[{"name":"wp","href":"https:\/\/api.w.org\/{rel}","templated":true}]}}