{"id":19956,"date":"2018-10-19T10:00:01","date_gmt":"2018-10-19T07:00:01","guid":{"rendered":"http:\/\/arantv.az\/?p=19956"},"modified":"2018-10-19T10:00:01","modified_gmt":"2018-10-19T07:00:01","slug":"az%c9%99rbaycanin-birinci-vitse-prezidenti-mehriban-%c9%99liyeva-italiya-senatinin-s%c9%99dri-il%c9%99-gorusub-2","status":"publish","type":"post","link":"https:\/\/arantv.az\/?p=19956","title":{"rendered":"Az\u0259rbaycan\u0131n Birinci vitse-prezidenti Mehriban \u018fliyeva \u0130taliya Senat\u0131n\u0131n s\u0259dri il\u0259 g\u00f6r\u00fc\u015f\u00fcb"},"content":{"rendered":"<p>Az\u0259rbaycan Respublikas\u0131n\u0131n Birinci vitse-prezidenti Mehriban \u018fliyeva oktyabr\u0131n 18-d\u0259 \u0130taliya Respublikas\u0131 Senat\u0131n\u0131n s\u0259dri xan\u0131m Maria Elisabetta Alberti Kasellati il\u0259 g\u00f6r\u00fc\u015f\u00fcb.<\/p>\n<p><strong>ARANTV.AZ<\/strong> x\u0259b\u0259r verir ki, g\u00f6r\u00fc\u015f D\u0259nizk\u0259nar\u0131 Milli Park\u0131n \u0259razisind\u0259 yenid\u0259n qurulan Az\u0259rbaycan\u0131n \u201cMilan Ekspo 2015\u201d \u00dcmumd\u00fcnya s\u0259rgisind\u0259ki milli pavilyonunda ke\u00e7irilib.<\/p>\n<p>Az\u0259rbaycan\u0131n Birinci vitse-prezidenti Mehriban \u018fliyeva \u0130taliya Senat\u0131n\u0131n s\u0259dri Maria Elisabetta Alberti Kasellatini Bak\u0131da g\u00f6rm\u0259kd\u0259n \u015fad oldu\u011funu bildirdi. Mehriban \u018fliyeva qona\u011f\u0131n \u0130taliya Senat\u0131n\u0131n s\u0259dri kimi \u00f6lk\u0259miz\u0259 ilk d\u0259f\u0259 s\u0259f\u0259r etdiyini bildir\u0259r\u0259k, bu s\u0259f\u0259rin \u00f6lk\u0259l\u0259rimiz aras\u0131nda \u0259laq\u0259l\u0259rin m\u00f6hk\u0259ml\u0259nm\u0259sin\u0259 t\u00f6hf\u0259 ver\u0259c\u0259yin\u0259 \u0259minliyini ifad\u0259 etdi. Az\u0259rbaycan il\u0259 \u0130taliya aras\u0131nda m\u00fcnasib\u0259tl\u0259rin strateji t\u0259r\u0259fda\u015fl\u0131q xarakteri da\u015f\u0131d\u0131\u011f\u0131n\u0131 dey\u0259n Birinci vitse-prezident \u0259laq\u0259l\u0259rimizin bir \u00e7ox sah\u0259l\u0259ri \u0259hat\u0259 etdiyini vur\u011fulad\u0131.<\/p>\n<p>\u201c\u018fmin\u0259m ki, Bak\u0131ya s\u0259f\u0259riniz \u00e7\u0259r\u00e7iv\u0259sind\u0259 ke\u00e7ir\u0259c\u0259yiniz g\u00f6r\u00fc\u015fl\u0259r g\u0259l\u0259c\u0259kd\u0259 \u00f6lk\u0259l\u0259rimiz aras\u0131ndak\u0131 potensialdan daha s\u0259m\u0259r\u0259li istifad\u0259 etm\u0259y\u0259 imkan yaradacaq\u201d, &#8211; dey\u0259n Mehriban \u018fliyeva Maria Elisabetta Alberti Kasellatinin Az\u0259rbaycana s\u0259f\u0259rinin u\u011furlu ke\u00e7\u0259c\u0259yin\u0259 \u00fcmidvar oldu\u011funu vur\u011fulad\u0131.<\/p>\n<p>Qonaqp\u0259rv\u0259rliy\u0259 g\u00f6r\u0259 t\u0259\u015f\u0259kk\u00fcr\u00fcn\u00fc bildir\u0259n \u0130taliya Senat\u0131n\u0131n s\u0259dri bu s\u0259f\u0259rin ikit\u0259r\u0259fli m\u00fcnasib\u0259tl\u0259rin daha da m\u00f6hk\u0259ml\u0259nm\u0259sin\u0259 \u015f\u0259rait yaradaca\u011f\u0131n\u0131 s\u00f6yl\u0259di. \u0130taliya Senat\u0131n\u0131n s\u0259dri kimi \u00f6lk\u0259miz\u0259 ilk d\u0259f\u0259 g\u0259ldiyini bir daha qeyd ed\u0259n qonaq m\u00fcxt\u0259lif sah\u0259l\u0259rd\u0259 qurulan \u0259laq\u0259l\u0259rd\u0259n m\u0259mnunlu\u011funu ifad\u0259 etdi. Xan\u0131m Maria Elisabetta Alberti Kasellati Az\u0259rbaycana s\u0259f\u0259rinin x\u00fcsusil\u0259 siyasi, sosial v\u0259 m\u0259d\u0259ni sah\u0259l\u0259rd\u0259 \u0259laq\u0259l\u0259rin inki\u015faf\u0131na k\u00f6m\u0259k ed\u0259c\u0259yini diqq\u0259t\u0259 \u00e7atd\u0131rd\u0131. \u201cSizin \u0130taliyaya mara\u011f\u0131n\u0131z v\u0259 sevginiz bizi q\u00fcrurland\u0131r\u0131r\u201d, &#8211; dey\u0259n qonaq Mehriban \u018fliyevan\u0131n h\u0259m Birinci vitse-prezident, h\u0259m d\u0259 Heyd\u0259r \u018fliyev Fondunun r\u0259hb\u0259ri kimi f\u0259aliyy\u0259tini y\u00fcks\u0259k d\u0259y\u0259rl\u0259ndirdi.<\/p>\n<p>G\u00f6r\u00fc\u015f \u00e7ay s\u00fcfr\u0259si arxas\u0131nda davam etdirildi. Sonra Az\u0259rbaycan\u0131n Birinci vitse-prezidenti Mehriban \u018fliyeva v\u0259 \u0130taliya Senat\u0131n\u0131n s\u0259dri Maria Elisabetta Alberti Kasellati \u201cMilan Ekspo 2015\u201d \u00dcmumd\u00fcnya s\u0259rgisind\u0259 n\u00fcmayi\u015f etdiril\u0259n milli pavilyonumuza baxd\u0131lar.<\/p>\n<p>\u201cAz\u0259rbaycan: biom\u00fcxt\u0259lifliyin x\u0259zin\u0259si\u201d adland\u0131r\u0131lan d\u00f6rdm\u0259rt\u0259b\u0259li milli pavilyonda \u00f6lk\u0259mizin m\u0259tb\u0259xini, musiqisini v\u0259 m\u0259d\u0259niyy\u0259tini t\u0259bli\u011f ed\u0259n instalyasiyalar qura\u015fd\u0131r\u0131l\u0131b, m\u00fcxt\u0259lif ia\u015f\u0259 xidm\u0259ti g\u00f6st\u0259rm\u0259k \u00fc\u00e7\u00fcn binada m\u00fcvafiq \u015f\u0259rait yarad\u0131l\u0131b. Heyd\u0259r \u018fliyev Fondunun v\u0259 Heyd\u0259r \u018fliyev M\u0259rk\u0259zinin birg\u0259 t\u0259\u015fkilat\u00e7\u0131l\u0131\u011f\u0131 il\u0259 Az\u0259rbaycan ilk d\u0259f\u0259 \u201cMilan Ekspo 2015\u201d \u00dcmumd\u00fcnya s\u0259rgisind\u0259 milli pavilyonla i\u015ftirak edib. Bu layih\u0259 Az\u0259rbaycan\u0131n tarixinin v\u0259 m\u0259d\u0259ni irsinin, \u00f6lk\u0259nin z\u0259ngin ekoloji, enerji potensial\u0131n\u0131n v\u0259 nadir biom\u00fcxt\u0259lifliyinin beyn\u0259lxalq miqyasda tan\u0131d\u0131lmas\u0131 istiqam\u0259tind\u0259 b\u00f6y\u00fck rol oynay\u0131b. 2015-ci il may\u0131n 31-d\u0259n oktyabr\u0131n 31-d\u0259k davam ed\u0259n \u201cMilan Ekspo\u201d s\u0259rgisind\u0259 pavilyonumuzda 3 milyon 250 mind\u0259n \u00e7ox izl\u0259yici olub. Xarici m\u0259tbuat, o c\u00fcml\u0259d\u0259n \u0130taliyan\u0131n apar\u0131c\u0131 k\u00fctl\u0259vi informasiya vasit\u0259l\u0259ri milli pavilyonun tikinti v\u0259 dizayn i\u015fl\u0259rinin yekunla\u015fd\u0131r\u0131lmas\u0131na g\u00f6r\u0259 Az\u0259rbaycan\u0131n lider oldu\u011funu qeyd edibl\u0259r v\u0259 milli pavilyonumuz \u201cMilan Ekspo\u201d s\u0259rgisinin incisi adland\u0131r\u0131l\u0131b. S\u0259rginin ke\u00e7irildiyi m\u00fcdd\u0259td\u0259 Az\u0259rbaycan\u0131n milli pavilyonu \u201cMilan Ekspo 2015\u201din T\u0259\u015fkilat Komit\u0259si t\u0259r\u0259find\u0259n \u201cDizayn v\u0259 materiallar\u201d nominasiyas\u0131 \u00fczr\u0259 qalib elan olunub. Az\u0259rbaycan\u0131n milli pavilyonu \u015eimal v\u0259 C\u0259nub, \u015e\u0259rq v\u0259 Q\u0259rb aras\u0131nda k\u00f6rp\u00fc rolunu oynayan, q\u0259dim tarixi, z\u0259ngin m\u0259d\u0259niyy\u0259ti il\u0259 se\u00e7il\u0259n \u00f6lk\u0259mizin b\u0259nz\u0259rsiz t\u0259bii v\u0259 m\u0259d\u0259ni x\u0259zin\u0259sini \u0259ks etdirir. Milli pavilyonla tan\u0131\u015fl\u0131qdan m\u0259mnunlu\u011funu bildir\u0259n \u0130taliya Senat\u0131n\u0131n s\u0259dri onun \u015f\u0259h\u0259rimiz\u0259 x\u00fcsusi g\u00f6z\u0259llik verdiyini vur\u011fulad\u0131.az\u0259rtac<\/p>\n","protected":false},"excerpt":{"rendered":"<p>Az\u0259rbaycan Respublikas\u0131n\u0131n Birinci vitse-prezidenti Mehriban \u018fliyeva oktyabr\u0131n 18-d\u0259 \u0130taliya Respublikas\u0131 Senat\u0131n\u0131n s\u0259dri xan\u0131m Maria Elisabetta Alberti Kasellati il\u0259 g\u00f6r\u00fc\u015f\u00fcb. ARANTV.AZ x\u0259b\u0259r verir ki, g\u00f6r\u00fc\u015f D\u0259nizk\u0259nar\u0131 Milli Park\u0131n \u0259razisind\u0259 yenid\u0259n qurulan Az\u0259rbaycan\u0131n \u201cMilan Ekspo 2015\u201d \u00dcmumd\u00fcnya s\u0259rgisind\u0259ki milli pavilyonunda ke\u00e7irilib. Az\u0259rbaycan\u0131n Birinci vitse-prezidenti Mehriban \u018fliyeva \u0130taliya Senat\u0131n\u0131n s\u0259dri Maria Elisabetta Alberti Kasellatini Bak\u0131da g\u00f6rm\u0259kd\u0259n \u015fad oldu\u011funu bildirdi. Mehriban \u018fliyeva qona\u011f\u0131n \u0130taliya Senat\u0131n\u0131n s\u0259dri kimi \u00f6lk\u0259miz\u0259 ilk d\u0259f\u0259 s\u0259f\u0259r etdiyini bildir\u0259r\u0259k, bu s\u0259f\u0259rin \u00f6lk\u0259l\u0259rimiz aras\u0131nda \u0259laq\u0259l\u0259rin m\u00f6hk\u0259ml\u0259nm\u0259sin\u0259 t\u00f6hf\u0259 ver\u0259c\u0259yin\u0259 \u0259minliyini ifad\u0259 etdi. Az\u0259rbaycan il\u0259 \u0130taliya aras\u0131nda m\u00fcnasib\u0259tl\u0259rin strateji t\u0259r\u0259fda\u015fl\u0131q xarakteri da\u015f\u0131d\u0131\u011f\u0131n\u0131 dey\u0259n&hellip;<\/p>\n","protected":false},"author":2,"featured_media":19957,"comment_status":"closed","ping_status":"closed","sticky":false,"template":"","format":"standard","meta":{"om_disable_all_campaigns":false,"_monsterinsights_skip_tracking":false,"_monsterinsights_sitenote_active":false,"_monsterinsights_sitenote_note":"","_monsterinsights_sitenote_category":0},"categories":[8],"tags":[],"aioseo_notices":[],"gutentor_comment":0,"rttpg_featured_image_url":{"full":["https:\/\/arantv.az\/wp-content\/uploads\/2018\/10\/2s6ubecl3uf7i1asl8th8651h3meh-1.jpg",923,669,false],"landscape":["https:\/\/arantv.az\/wp-content\/uploads\/2018\/10\/2s6ubecl3uf7i1asl8th8651h3meh-1.jpg",923,669,false],"portraits":["https:\/\/arantv.az\/wp-content\/uploads\/2018\/10\/2s6ubecl3uf7i1asl8th8651h3meh-1.jpg",923,669,false],"thumbnail":["https:\/\/arantv.az\/wp-content\/uploads\/2018\/10\/2s6ubecl3uf7i1asl8th8651h3meh-1-150x150.jpg",150,150,true],"medium":["https:\/\/arantv.az\/wp-content\/uploads\/2018\/10\/2s6ubecl3uf7i1asl8th8651h3meh-1-300x217.jpg",300,217,true],"large":["https:\/\/arantv.az\/wp-content\/uploads\/2018\/10\/2s6ubecl3uf7i1asl8th8651h3meh-1.jpg",640,464,false],"1536x1536":["https:\/\/arantv.az\/wp-content\/uploads\/2018\/10\/2s6ubecl3uf7i1asl8th8651h3meh-1.jpg",923,669,false],"2048x2048":["https:\/\/arantv.az\/wp-content\/uploads\/2018\/10\/2s6ubecl3uf7i1asl8th8651h3meh-1.jpg",923,669,false],"post-thumbnail":["https:\/\/arantv.az\/wp-content\/uploads\/2018\/10\/2s6ubecl3uf7i1asl8th8651h3meh-1-240x172.jpg",240,172,true],"advps-thumb-one":["https:\/\/arantv.az\/wp-content\/uploads\/2018\/10\/2s6ubecl3uf7i1asl8th8651h3meh-1-923x620.jpg",923,620,true]},"rttpg_author":{"display_name":"V\u00fcsal Rafiqo\u011flu","author_link":"https:\/\/arantv.az\/?author=2"},"rttpg_comment":0,"rttpg_category":"<a href=\"https:\/\/arantv.az\/?cat=8\" rel=\"category\">\u018fsas s\u0259hif\u0259<\/a>","rttpg_excerpt":"Az\u0259rbaycan Respublikas\u0131n\u0131n Birinci vitse-prezidenti Mehriban \u018fliyeva oktyabr\u0131n 18-d\u0259 \u0130taliya Respublikas\u0131 Senat\u0131n\u0131n s\u0259dri xan\u0131m Maria Elisabetta Alberti Kasellati il\u0259 g\u00f6r\u00fc\u015f\u00fcb. ARANTV.AZ x\u0259b\u0259r verir ki, g\u00f6r\u00fc\u015f D\u0259nizk\u0259nar\u0131 Milli Park\u0131n \u0259razisind\u0259 yenid\u0259n qurulan Az\u0259rbaycan\u0131n \u201cMilan Ekspo 2015\u201d \u00dcmumd\u00fcnya s\u0259rgisind\u0259ki milli pavilyonunda ke\u00e7irilib. Az\u0259rbaycan\u0131n Birinci vitse-prezidenti Mehriban \u018fliyeva \u0130taliya Senat\u0131n\u0131n s\u0259dri Maria Elisabetta Alberti Kasellatini Bak\u0131da g\u00f6rm\u0259kd\u0259n \u015fad oldu\u011funu&hellip;","_links":{"self":[{"href":"https:\/\/arantv.az\/index.php?rest_route=\/wp\/v2\/posts\/19956"}],"collection":[{"href":"https:\/\/arantv.az\/index.php?rest_route=\/wp\/v2\/posts"}],"about":[{"href":"https:\/\/arantv.az\/index.php?rest_route=\/wp\/v2\/types\/post"}],"author":[{"embeddable":true,"href":"https:\/\/arantv.az\/index.php?rest_route=\/wp\/v2\/users\/2"}],"replies":[{"embeddable":true,"href":"https:\/\/arantv.az\/index.php?rest_route=%2Fwp%2Fv2%2Fcomments&post=19956"}],"version-history":[{"count":0,"href":"https:\/\/arantv.az\/index.php?rest_route=\/wp\/v2\/posts\/19956\/revisions"}],"wp:featuredmedia":[{"embeddable":true,"href":"https:\/\/arantv.az\/index.php?rest_route=\/wp\/v2\/media\/19957"}],"wp:attachment":[{"href":"https:\/\/arantv.az\/index.php?rest_route=%2Fwp%2Fv2%2Fmedia&parent=19956"}],"wp:term":[{"taxonomy":"category","embeddable":true,"href":"https:\/\/arantv.az\/index.php?rest_route=%2Fwp%2Fv2%2Fcategories&post=19956"},{"taxonomy":"post_tag","embeddable":true,"href":"https:\/\/arantv.az\/index.php?rest_route=%2Fwp%2Fv2%2Ftags&post=19956"}],"curies":[{"name":"wp","href":"https:\/\/api.w.org\/{rel}","templated":true}]}}