{"id":19959,"date":"2018-10-19T10:00:54","date_gmt":"2018-10-19T07:00:54","guid":{"rendered":"http:\/\/arantv.az\/?p=19959"},"modified":"2018-10-19T10:00:54","modified_gmt":"2018-10-19T07:00:54","slug":"az%c9%99rbaycanin-bas-naziri-turkm%c9%99nistanin-nazirl%c9%99r-kabineti-s%c9%99drinin-muavini-il%c9%99-gorusub","status":"publish","type":"post","link":"https:\/\/arantv.az\/?p=19959","title":{"rendered":"Az\u0259rbaycan\u0131n Ba\u015f naziri T\u00fcrkm\u0259nistan\u0131n Nazirl\u0259r Kabineti S\u0259drinin m\u00fcavini il\u0259 g\u00f6r\u00fc\u015f\u00fcb"},"content":{"rendered":"<p>Az\u0259rbaycan Respublikas\u0131n\u0131n Ba\u015f naziri Novruz M\u0259mm\u0259dov oktyabr\u0131n 18-d\u0259 T\u00fcrkm\u0259nistan\u0131n Nazirl\u0259r Kabineti S\u0259drinin m\u00fcavini, xarici i\u015fl\u0259r naziri R\u0259\u015fid Meredov il\u0259 g\u00f6r\u00fc\u015f\u00fcb.<\/p>\n<p><strong>ARANTV.AZ<\/strong> x\u0259b\u0259r verir ki, T\u00fcrkm\u0259nistan\u0131n qar\u015f\u0131dan g\u0259l\u0259n milli bayram\u0131 \u2013 M\u00fcst\u0259qillik G\u00fcn\u00fc m\u00fcnasib\u0259til\u0259 R\u0259\u015fid Meredovu t\u0259brik ed\u0259n Novruz M\u0259mm\u0259dov Az\u0259rbaycan il\u0259 T\u00fcrkm\u0259nistan aras\u0131nda m\u00fcxt\u0259lif sah\u0259l\u0259rd\u0259 \u0259laq\u0259l\u0259rin inki\u015faf etdiyini bildirib. Ba\u015f nazir Novruz M\u0259mm\u0259dov \u00f6lk\u0259l\u0259rimiz aras\u0131nda \u0259m\u0259kda\u015fl\u0131\u011f\u0131n daha da geni\u015fl\u0259ndirilm\u0259si \u00fc\u00e7\u00fcn yax\u015f\u0131 potensial\u0131n oldu\u011funu diqq\u0259t\u0259 \u00e7atd\u0131r\u0131b, R\u0259\u015fid Meredovun s\u0259f\u0259rinin \u0259laq\u0259l\u0259rimizin geni\u015fl\u0259ndirilm\u0259si bax\u0131m\u0131ndan \u00f6n\u0259mli oldu\u011funu vur\u011fulay\u0131b. \u201cSiyasi sah\u0259d\u0259 \u0259laq\u0259l\u0259rimiz inki\u015faf edir. Az\u0259rbaycan-T\u00fcrkm\u0259nistan h\u00f6kum\u0259tl\u0259raras\u0131 komissiyas\u0131n\u0131n, parlamentl\u0259raras\u0131 dostluq qruplar\u0131n\u0131n, s\u0259firlikl\u0259rimizin f\u0259aliyy\u0259ti il\u0259 yana\u015f\u0131, bu c\u00fcr s\u0259f\u0259rl\u0259r m\u00fcnasib\u0259tl\u0259rimizin d\u0259rinl\u0259\u015fm\u0259sin\u0259 t\u00f6hf\u0259 verir\u201d, &#8211; dey\u0259 Ba\u015f nazir Novruz M\u0259mm\u0259dov vur\u011fulay\u0131b.<\/p>\n<p>\u0130ki \u00f6lk\u0259 aras\u0131nda iqtisadi sah\u0259d\u0259 \u0259laq\u0259l\u0259ri birg\u0259 s\u0259yl\u0259rl\u0259 daha da inki\u015faf etdirm\u0259k \u00fc\u00e7\u00fcn yax\u015f\u0131 potensial\u0131n oldu\u011funu qeyd ed\u0259n Az\u0259rbaycan\u0131n Ba\u015f naziri d\u0259mir yolu v\u0259 d\u0259niz n\u0259qliyyat\u0131 vasit\u0259sil\u0259 y\u00fckda\u015f\u0131malar\u0131, energetika sah\u0259l\u0259rind\u0259 \u0259m\u0259kda\u015fl\u0131q \u00fc\u00e7\u00fcn yax\u015f\u0131 imkanlar\u0131n oldu\u011funu bildirib.<\/p>\n<p>Bak\u0131ya \u00f6lk\u0259l\u0259rimizin Xarici \u0130\u015fl\u0259r nazirlikl\u0259ri aras\u0131nda ikit\u0259r\u0259fli m\u0259sl\u0259h\u0259tl\u0259\u015fm\u0259l\u0259rin apar\u0131lmas\u0131 m\u0259qs\u0259dil\u0259 g\u0259ldiyini dey\u0259n R\u0259\u015fid Meredov qarda\u015f Az\u0259rbaycanda olmaqdan m\u0259mnunlu\u011funu ifad\u0259 edib, \u00f6lk\u0259mizin D\u00f6vl\u0259t M\u00fcst\u0259qilliyi G\u00fcn\u00fc m\u00fcnasib\u0259til\u0259 t\u0259brikl\u0259rini \u00e7atd\u0131r\u0131b.<\/p>\n<p>G\u00f6r\u00fc\u015fd\u0259 Az\u0259rbaycan il\u0259 T\u00fcrkm\u0259nistan\u0131n qar\u015f\u0131l\u0131ql\u0131 olaraq m\u0259d\u0259niyy\u0259t g\u00fcnl\u0259rinin v\u0259 birg\u0259 xal\u00e7a s\u0259rgil\u0259rinin ke\u00e7irilm\u0259si imkanlar\u0131 il\u0259 ba\u011fl\u0131, h\u0259m\u00e7inin maraq do\u011furan dig\u0259r m\u0259s\u0259l\u0259l\u0259r \u0259traf\u0131nda fikir m\u00fcbadil\u0259si apar\u0131l\u0131b.az\u0259rtac<\/p>\n","protected":false},"excerpt":{"rendered":"<p>Az\u0259rbaycan Respublikas\u0131n\u0131n Ba\u015f naziri Novruz M\u0259mm\u0259dov oktyabr\u0131n 18-d\u0259 T\u00fcrkm\u0259nistan\u0131n Nazirl\u0259r Kabineti S\u0259drinin m\u00fcavini, xarici i\u015fl\u0259r naziri R\u0259\u015fid Meredov il\u0259 g\u00f6r\u00fc\u015f\u00fcb. ARANTV.AZ x\u0259b\u0259r verir ki, T\u00fcrkm\u0259nistan\u0131n qar\u015f\u0131dan g\u0259l\u0259n milli bayram\u0131 \u2013 M\u00fcst\u0259qillik G\u00fcn\u00fc m\u00fcnasib\u0259til\u0259 R\u0259\u015fid Meredovu t\u0259brik ed\u0259n Novruz M\u0259mm\u0259dov Az\u0259rbaycan il\u0259 T\u00fcrkm\u0259nistan aras\u0131nda m\u00fcxt\u0259lif sah\u0259l\u0259rd\u0259 \u0259laq\u0259l\u0259rin inki\u015faf etdiyini bildirib. Ba\u015f nazir Novruz M\u0259mm\u0259dov \u00f6lk\u0259l\u0259rimiz aras\u0131nda \u0259m\u0259kda\u015fl\u0131\u011f\u0131n daha da geni\u015fl\u0259ndirilm\u0259si \u00fc\u00e7\u00fcn yax\u015f\u0131 potensial\u0131n oldu\u011funu diqq\u0259t\u0259 \u00e7atd\u0131r\u0131b, R\u0259\u015fid Meredovun s\u0259f\u0259rinin \u0259laq\u0259l\u0259rimizin geni\u015fl\u0259ndirilm\u0259si bax\u0131m\u0131ndan \u00f6n\u0259mli oldu\u011funu vur\u011fulay\u0131b. \u201cSiyasi sah\u0259d\u0259 \u0259laq\u0259l\u0259rimiz inki\u015faf edir. Az\u0259rbaycan-T\u00fcrkm\u0259nistan h\u00f6kum\u0259tl\u0259raras\u0131 komissiyas\u0131n\u0131n, parlamentl\u0259raras\u0131 dostluq qruplar\u0131n\u0131n, s\u0259firlikl\u0259rimizin f\u0259aliyy\u0259ti il\u0259 yana\u015f\u0131, bu&hellip;<\/p>\n","protected":false},"author":2,"featured_media":19960,"comment_status":"closed","ping_status":"closed","sticky":false,"template":"","format":"standard","meta":{"om_disable_all_campaigns":false,"_monsterinsights_skip_tracking":false,"_monsterinsights_sitenote_active":false,"_monsterinsights_sitenote_note":"","_monsterinsights_sitenote_category":0},"categories":[4],"tags":[],"aioseo_notices":[],"gutentor_comment":0,"rttpg_featured_image_url":{"full":["https:\/\/arantv.az\/wp-content\/uploads\/2018\/10\/2s6ubecl3uf7i1asl8th8651h3nk-1.jpg",1000,632,false],"landscape":["https:\/\/arantv.az\/wp-content\/uploads\/2018\/10\/2s6ubecl3uf7i1asl8th8651h3nk-1.jpg",1000,632,false],"portraits":["https:\/\/arantv.az\/wp-content\/uploads\/2018\/10\/2s6ubecl3uf7i1asl8th8651h3nk-1.jpg",1000,632,false],"thumbnail":["https:\/\/arantv.az\/wp-content\/uploads\/2018\/10\/2s6ubecl3uf7i1asl8th8651h3nk-1-150x150.jpg",150,150,true],"medium":["https:\/\/arantv.az\/wp-content\/uploads\/2018\/10\/2s6ubecl3uf7i1asl8th8651h3nk-1-300x190.jpg",300,190,true],"large":["https:\/\/arantv.az\/wp-content\/uploads\/2018\/10\/2s6ubecl3uf7i1asl8th8651h3nk-1.jpg",640,404,false],"1536x1536":["https:\/\/arantv.az\/wp-content\/uploads\/2018\/10\/2s6ubecl3uf7i1asl8th8651h3nk-1.jpg",1000,632,false],"2048x2048":["https:\/\/arantv.az\/wp-content\/uploads\/2018\/10\/2s6ubecl3uf7i1asl8th8651h3nk-1.jpg",1000,632,false],"post-thumbnail":["https:\/\/arantv.az\/wp-content\/uploads\/2018\/10\/2s6ubecl3uf7i1asl8th8651h3nk-1-240x172.jpg",240,172,true],"advps-thumb-one":["https:\/\/arantv.az\/wp-content\/uploads\/2018\/10\/2s6ubecl3uf7i1asl8th8651h3nk-1-1000x620.jpg",1000,620,true]},"rttpg_author":{"display_name":"V\u00fcsal Rafiqo\u011flu","author_link":"https:\/\/arantv.az\/?author=2"},"rttpg_comment":0,"rttpg_category":"<a href=\"https:\/\/arantv.az\/?cat=4\" rel=\"category\">Siyas\u0259t<\/a>","rttpg_excerpt":"Az\u0259rbaycan Respublikas\u0131n\u0131n Ba\u015f naziri Novruz M\u0259mm\u0259dov oktyabr\u0131n 18-d\u0259 T\u00fcrkm\u0259nistan\u0131n Nazirl\u0259r Kabineti S\u0259drinin m\u00fcavini, xarici i\u015fl\u0259r naziri R\u0259\u015fid Meredov il\u0259 g\u00f6r\u00fc\u015f\u00fcb. ARANTV.AZ x\u0259b\u0259r verir ki, T\u00fcrkm\u0259nistan\u0131n qar\u015f\u0131dan g\u0259l\u0259n milli bayram\u0131 \u2013 M\u00fcst\u0259qillik G\u00fcn\u00fc m\u00fcnasib\u0259til\u0259 R\u0259\u015fid Meredovu t\u0259brik ed\u0259n Novruz M\u0259mm\u0259dov Az\u0259rbaycan il\u0259 T\u00fcrkm\u0259nistan aras\u0131nda m\u00fcxt\u0259lif sah\u0259l\u0259rd\u0259 \u0259laq\u0259l\u0259rin inki\u015faf etdiyini bildirib. Ba\u015f nazir Novruz M\u0259mm\u0259dov \u00f6lk\u0259l\u0259rimiz aras\u0131nda&hellip;","_links":{"self":[{"href":"https:\/\/arantv.az\/index.php?rest_route=\/wp\/v2\/posts\/19959"}],"collection":[{"href":"https:\/\/arantv.az\/index.php?rest_route=\/wp\/v2\/posts"}],"about":[{"href":"https:\/\/arantv.az\/index.php?rest_route=\/wp\/v2\/types\/post"}],"author":[{"embeddable":true,"href":"https:\/\/arantv.az\/index.php?rest_route=\/wp\/v2\/users\/2"}],"replies":[{"embeddable":true,"href":"https:\/\/arantv.az\/index.php?rest_route=%2Fwp%2Fv2%2Fcomments&post=19959"}],"version-history":[{"count":0,"href":"https:\/\/arantv.az\/index.php?rest_route=\/wp\/v2\/posts\/19959\/revisions"}],"wp:featuredmedia":[{"embeddable":true,"href":"https:\/\/arantv.az\/index.php?rest_route=\/wp\/v2\/media\/19960"}],"wp:attachment":[{"href":"https:\/\/arantv.az\/index.php?rest_route=%2Fwp%2Fv2%2Fmedia&parent=19959"}],"wp:term":[{"taxonomy":"category","embeddable":true,"href":"https:\/\/arantv.az\/index.php?rest_route=%2Fwp%2Fv2%2Fcategories&post=19959"},{"taxonomy":"post_tag","embeddable":true,"href":"https:\/\/arantv.az\/index.php?rest_route=%2Fwp%2Fv2%2Ftags&post=19959"}],"curies":[{"name":"wp","href":"https:\/\/api.w.org\/{rel}","templated":true}]}}