{"id":19965,"date":"2018-10-19T10:06:03","date_gmt":"2018-10-19T07:06:03","guid":{"rendered":"http:\/\/arantv.az\/?p=19965"},"modified":"2018-10-19T10:06:03","modified_gmt":"2018-10-19T07:06:03","slug":"f%c9%99rid-babayev-olk%c9%99d%c9%99-zorakiligin-artmasi-kisil%c9%99rin-coxalmasi-il%c9%99-baglidir","status":"publish","type":"post","link":"https:\/\/arantv.az\/?p=19965","title":{"rendered":"F\u0259rid Babayev: \u00d6lk\u0259d\u0259 zorak\u0131l\u0131\u011f\u0131n artmas\u0131 ki\u015fil\u0259rin \u00e7oxalmas\u0131 il\u0259 ba\u011fl\u0131d\u0131r"},"content":{"rendered":"<p>U\u015faqlar\u0131n cins\u0259 g\u00f6r\u0259 se\u00e7imi problemi BMT-nin \u018fhali Fondu olaraq, bizi \u00e7ox narahat edir.<\/p>\n<p><strong>ARANTV.AZ<\/strong>-\u0131n m\u0259lumat\u0131na g\u00f6r\u0259, bunu BMT-nin \u018fhali Fondunun ba\u015f m\u00fc\u015faviri\u00a0<strong>F\u0259rid Babayev\u00a0<\/strong>gender \u0259sasl\u0131 cinsi se\u00e7imin qar\u015f\u0131s\u0131n\u0131n al\u0131nmas\u0131 v\u0259 aradan qald\u0131r\u0131lmas\u0131 \u00fczr\u0259 Milli F\u0259aliyy\u0259t Plan\u0131 layih\u0259sinin t\u0259qdimat\u0131nda \u00e7\u0131x\u0131\u015f\u0131 zaman\u0131 deyib.<\/p>\n<p>Onun s\u00f6zl\u0259rin\u0259 g\u00f6r\u0259, \u0259vv\u0259ll\u0259r yaln\u0131z C\u0259nub-\u015e\u0259rqi Asiyada m\u00fc\u015fahid\u0259 edil\u0259n bu fenomen art\u0131q \u00f6lk\u0259miz d\u0259 daxil olmaqla, b\u00fct\u00fcn C\u0259nubi Qafqaz v\u0259 \u015e\u0259rqi Avropan\u0131n bir s\u0131ra \u00f6lk\u0259l\u0259rind\u0259 d\u0259 \u00f6z\u00fcn\u00fc b\u00fcruz\u0259 verm\u0259kd\u0259dir:<\/p>\n<p>\u201cM\u00f6vzu \u00fczr\u0259 ke\u00e7irilmi\u015f t\u0259dqiqatlar g\u00f6st\u0259rir ki, d\u00f6l\u00fcn cinsini t\u0259yin etm\u0259y\u0259 imkan yaradan m\u00fcasir texnologiyalar\u0131n m\u00fcy\u0259ss\u0259rliyi v\u0259 \u00fcmumi fertlilik \u0259msal\u0131n\u0131n a\u015fa\u011f\u0131 d\u00fc\u015fm\u0259si prosesind\u0259 valideynl\u0259ri m\u00fctl\u0259q \u015f\u0259kild\u0259 o\u011ful \u00f6vlad\u0131na sahib olma\u011fa vadar edir. Bu fenomenl\u0259 ba\u011fl\u0131 apar\u0131lm\u0131\u015f \u0259n son ara\u015fd\u0131rmalar zaman\u0131 \u0259ld\u0259 edilmi\u015f m\u0259lumatlar g\u00f6st\u0259rir ki, bu v\u0259ziyy\u0259t g\u0259l\u0259c\u0259kd\u0259 \u0259halinin \u00fcmumi strukturu v\u0259 dinamikas\u0131 bax\u0131m\u0131ndan \u00e7ox xo\u015fag\u0259lm\u0259z n\u0259tic\u0259l\u0259r\u0259 g\u0259tirib \u00e7\u0131xara bil\u0259r.<\/p>\n<p>Bel\u0259 ki, ki\u015fil\u0259rin say\u0131n\u0131n h\u0259dd\u0259n art\u0131q \u00e7oxalmas\u0131 onlar\u0131n ail\u0259 qurmaq \u00fc\u00e7\u00fcn t\u0259r\u0259fda\u015f tapa bilm\u0259m\u0259si, eyni zamanda, \u00f6lk\u0259d\u0259 zorak\u0131 davran\u0131\u015f hallar\u0131n\u0131n geni\u015f yay\u0131lmas\u0131 n\u0259tic\u0259sind\u0259 \u00fcmumi kriminogen durumun daha da a\u011f\u0131rla\u015fmas\u0131, g\u0259lin qa\u00e7\u0131rma, erk\u0259n nikah, insan alveri v\u0259 s. bu kimi bir s\u0131ra m\u0259nfi hallarla s\u0131x \u015f\u0259kild\u0259 \u0259laq\u0259lidir\u201d.<\/p>\n<p>F\u0259rid Babayev qeyd edib ki, bu problem BMT-nin \u018fhali Fondu olaraq, bizi \u00e7ox narahat edir:<\/p>\n<p>\u201cBu istiqam\u0259td\u0259 biz Az\u0259rbaycan h\u00f6kum\u0259ti il\u0259 s\u0131x \u0259m\u0259kda\u015fl\u0131q \u015f\u0259raitind\u0259 m\u00fcxt\u0259lif layih\u0259l\u0259r h\u0259yata ke\u00e7iririk. Bel\u0259 layih\u0259l\u0259rd\u0259n biri d\u0259 Avropa \u0130ttifaq\u0131n\u0131n maliyy\u0259 d\u0259st\u0259yi il\u0259 h\u0259yata ke\u00e7irilir. \u00dcmid edirik ki, h\u0259yata ke\u00e7irdiyimiz birg\u0259 s\u0259yl\u0259rimiz n\u0259tic\u0259sind\u0259 bu g\u00fcn m\u00fczakir\u0259y\u0259 \u00e7\u0131xard\u0131\u011f\u0131m\u0131z Milli F\u0259aliyy\u0259t Plan\u0131n\u0131n q\u0259bulu v\u0259 u\u011furlu icras\u0131na nail ola bil\u0259c\u0259yik v\u0259 bel\u0259likl\u0259, \u00f6lk\u0259mizi \u201c\u00e7at\u0131\u015fmayan q\u0131zlar\u201d fenomeninin yay\u0131ld\u0131\u011f\u0131 \u00f6lk\u0259l\u0259rin siyah\u0131s\u0131ndan \u00e7\u0131xararaq C\u0259nubi Koreyadan sonra ikinci u\u011fur hekay\u0259sini yazma\u011fa m\u00fcv\u0259ff\u0259q olaca\u011f\u0131q\u201d.oxu.az<\/p>\n","protected":false},"excerpt":{"rendered":"<p>U\u015faqlar\u0131n cins\u0259 g\u00f6r\u0259 se\u00e7imi problemi BMT-nin \u018fhali Fondu olaraq, bizi \u00e7ox narahat edir. ARANTV.AZ-\u0131n m\u0259lumat\u0131na g\u00f6r\u0259, bunu BMT-nin \u018fhali Fondunun ba\u015f m\u00fc\u015faviri\u00a0F\u0259rid Babayev\u00a0gender \u0259sasl\u0131 cinsi se\u00e7imin qar\u015f\u0131s\u0131n\u0131n al\u0131nmas\u0131 v\u0259 aradan qald\u0131r\u0131lmas\u0131 \u00fczr\u0259 Milli F\u0259aliyy\u0259t Plan\u0131 layih\u0259sinin t\u0259qdimat\u0131nda \u00e7\u0131x\u0131\u015f\u0131 zaman\u0131 deyib. Onun s\u00f6zl\u0259rin\u0259 g\u00f6r\u0259, \u0259vv\u0259ll\u0259r yaln\u0131z C\u0259nub-\u015e\u0259rqi Asiyada m\u00fc\u015fahid\u0259 edil\u0259n bu fenomen art\u0131q \u00f6lk\u0259miz d\u0259 daxil olmaqla, b\u00fct\u00fcn C\u0259nubi Qafqaz v\u0259 \u015e\u0259rqi Avropan\u0131n bir s\u0131ra \u00f6lk\u0259l\u0259rind\u0259 d\u0259 \u00f6z\u00fcn\u00fc b\u00fcruz\u0259 verm\u0259kd\u0259dir: \u201cM\u00f6vzu \u00fczr\u0259 ke\u00e7irilmi\u015f t\u0259dqiqatlar g\u00f6st\u0259rir ki, d\u00f6l\u00fcn cinsini t\u0259yin etm\u0259y\u0259 imkan yaradan m\u00fcasir texnologiyalar\u0131n m\u00fcy\u0259ss\u0259rliyi v\u0259 \u00fcmumi fertlilik \u0259msal\u0131n\u0131n a\u015fa\u011f\u0131 d\u00fc\u015fm\u0259si&hellip;<\/p>\n","protected":false},"author":2,"featured_media":19966,"comment_status":"closed","ping_status":"closed","sticky":false,"template":"","format":"standard","meta":{"om_disable_all_campaigns":false,"_monsterinsights_skip_tracking":false,"_monsterinsights_sitenote_active":false,"_monsterinsights_sitenote_note":"","_monsterinsights_sitenote_category":0},"categories":[1],"tags":[],"aioseo_notices":[],"gutentor_comment":0,"rttpg_featured_image_url":{"full":["https:\/\/arantv.az\/wp-content\/uploads\/2018\/10\/44379817_338269140265416_7180935197196550144_n.jpg",620,395,false],"landscape":["https:\/\/arantv.az\/wp-content\/uploads\/2018\/10\/44379817_338269140265416_7180935197196550144_n.jpg",620,395,false],"portraits":["https:\/\/arantv.az\/wp-content\/uploads\/2018\/10\/44379817_338269140265416_7180935197196550144_n.jpg",620,395,false],"thumbnail":["https:\/\/arantv.az\/wp-content\/uploads\/2018\/10\/44379817_338269140265416_7180935197196550144_n-150x150.jpg",150,150,true],"medium":["https:\/\/arantv.az\/wp-content\/uploads\/2018\/10\/44379817_338269140265416_7180935197196550144_n-300x191.jpg",300,191,true],"large":["https:\/\/arantv.az\/wp-content\/uploads\/2018\/10\/44379817_338269140265416_7180935197196550144_n.jpg",620,395,false],"1536x1536":["https:\/\/arantv.az\/wp-content\/uploads\/2018\/10\/44379817_338269140265416_7180935197196550144_n.jpg",620,395,false],"2048x2048":["https:\/\/arantv.az\/wp-content\/uploads\/2018\/10\/44379817_338269140265416_7180935197196550144_n.jpg",620,395,false],"post-thumbnail":["https:\/\/arantv.az\/wp-content\/uploads\/2018\/10\/44379817_338269140265416_7180935197196550144_n-240x172.jpg",240,172,true],"advps-thumb-one":["https:\/\/arantv.az\/wp-content\/uploads\/2018\/10\/44379817_338269140265416_7180935197196550144_n.jpg",620,395,false]},"rttpg_author":{"display_name":"V\u00fcsal Rafiqo\u011flu","author_link":"https:\/\/arantv.az\/?author=2"},"rttpg_comment":0,"rttpg_category":"<a href=\"https:\/\/arantv.az\/?cat=1\" rel=\"category\">C\u0259miyy\u0259t<\/a>","rttpg_excerpt":"U\u015faqlar\u0131n cins\u0259 g\u00f6r\u0259 se\u00e7imi problemi BMT-nin \u018fhali Fondu olaraq, bizi \u00e7ox narahat edir. ARANTV.AZ-\u0131n m\u0259lumat\u0131na g\u00f6r\u0259, bunu BMT-nin \u018fhali Fondunun ba\u015f m\u00fc\u015faviri\u00a0F\u0259rid Babayev\u00a0gender \u0259sasl\u0131 cinsi se\u00e7imin qar\u015f\u0131s\u0131n\u0131n al\u0131nmas\u0131 v\u0259 aradan qald\u0131r\u0131lmas\u0131 \u00fczr\u0259 Milli F\u0259aliyy\u0259t Plan\u0131 layih\u0259sinin t\u0259qdimat\u0131nda \u00e7\u0131x\u0131\u015f\u0131 zaman\u0131 deyib. Onun s\u00f6zl\u0259rin\u0259 g\u00f6r\u0259, \u0259vv\u0259ll\u0259r yaln\u0131z C\u0259nub-\u015e\u0259rqi Asiyada m\u00fc\u015fahid\u0259 edil\u0259n bu fenomen art\u0131q \u00f6lk\u0259miz d\u0259 daxil&hellip;","_links":{"self":[{"href":"https:\/\/arantv.az\/index.php?rest_route=\/wp\/v2\/posts\/19965"}],"collection":[{"href":"https:\/\/arantv.az\/index.php?rest_route=\/wp\/v2\/posts"}],"about":[{"href":"https:\/\/arantv.az\/index.php?rest_route=\/wp\/v2\/types\/post"}],"author":[{"embeddable":true,"href":"https:\/\/arantv.az\/index.php?rest_route=\/wp\/v2\/users\/2"}],"replies":[{"embeddable":true,"href":"https:\/\/arantv.az\/index.php?rest_route=%2Fwp%2Fv2%2Fcomments&post=19965"}],"version-history":[{"count":0,"href":"https:\/\/arantv.az\/index.php?rest_route=\/wp\/v2\/posts\/19965\/revisions"}],"wp:featuredmedia":[{"embeddable":true,"href":"https:\/\/arantv.az\/index.php?rest_route=\/wp\/v2\/media\/19966"}],"wp:attachment":[{"href":"https:\/\/arantv.az\/index.php?rest_route=%2Fwp%2Fv2%2Fmedia&parent=19965"}],"wp:term":[{"taxonomy":"category","embeddable":true,"href":"https:\/\/arantv.az\/index.php?rest_route=%2Fwp%2Fv2%2Fcategories&post=19965"},{"taxonomy":"post_tag","embeddable":true,"href":"https:\/\/arantv.az\/index.php?rest_route=%2Fwp%2Fv2%2Ftags&post=19965"}],"curies":[{"name":"wp","href":"https:\/\/api.w.org\/{rel}","templated":true}]}}