{"id":19971,"date":"2018-10-19T10:07:54","date_gmt":"2018-10-19T07:07:54","guid":{"rendered":"http:\/\/arantv.az\/?p=19971"},"modified":"2018-10-19T10:07:54","modified_gmt":"2018-10-19T07:07:54","slug":"sahil-babayev-oglan-usaqlarinin-artimi-n%c9%99z%c9%99r%c9%99carpandir","status":"publish","type":"post","link":"https:\/\/arantv.az\/?p=19971","title":{"rendered":"Sahil Babayev: O\u011flan u\u015faqlar\u0131n\u0131n art\u0131m\u0131 n\u0259z\u0259r\u0259\u00e7arpand\u0131r"},"content":{"rendered":"<p>Do\u011fulanlar\u0131n cins strukturunda 1990-c\u0131 ill\u0259rin \u0259vv\u0259ll\u0259rind\u0259 do\u011fulanlar aras\u0131nda q\u0131z u\u015faqlar\u0131na nisb\u0259td\u0259 o\u011flan u\u015faqlar\u0131n\u0131n art\u0131m\u0131, cins nisb\u0259tinin pozulmas\u0131 m\u00fc\u015fahid\u0259 olunur.<\/p>\n<p><strong>ARANTV.AZ<\/strong>-\u0131n m\u0259lumat\u0131na g\u00f6r\u0259, bunu \u0259m\u0259k v\u0259 \u0259halinin sosial m\u00fcdafi\u0259si naziri\u00a0<strong>Sahil Babayev\u00a0<\/strong>gender \u0259sasl\u0131 cinsi se\u00e7imin qar\u015f\u0131s\u0131n\u0131n al\u0131nmas\u0131 v\u0259 aradan qald\u0131r\u0131lmas\u0131 \u00fczr\u0259 Milli F\u0259aliyy\u0259t Plan\u0131 layih\u0259sinin t\u0259qdimat\u0131nda \u00e7\u0131x\u0131\u015f\u0131 zaman\u0131 deyib.<\/p>\n<p>Onun s\u00f6zl\u0259rin\u0259 g\u00f6r\u0259, son ill\u0259rd\u0259 cins nisb\u0259tinin pozulmas\u0131 g\u00f6st\u0259ricisind\u0259 azalma meyli m\u00f6vcud olsa da, nisb\u0259t f\u0259rqi yen\u0259 n\u0259z\u0259r\u0259\u00e7arpan d\u0259r\u0259c\u0259d\u0259dir:<\/p>\n<p>\u201cDemoqrafiya v\u0259 \u0259hali sakinliyinin inki\u015faf\u0131 sah\u0259sind\u0259 yeni haz\u0131rlanan D\u00f6vl\u0259t Proqram\u0131 layih\u0259sind\u0259 d\u0259 do\u011fulanlar aras\u0131nda cins nisb\u0259tinin pozulmas\u0131n\u0131n aradan qald\u0131r\u0131lmas\u0131 m\u0259s\u0259l\u0259l\u0259rin\u0259 ayr\u0131ca b\u00f6lm\u0259 kimi yer ayr\u0131l\u0131b\u201d.<\/p>\n<p>Sahil Babayev qeyd edib ki, BMT \u018fhali Fondu il\u0259 bu sah\u0259d\u0259 d\u0259 birg\u0259 i\u015fl\u0259r apar\u0131l\u0131r:<\/p>\n<p>\u201cFondun d\u0259st\u0259yi il\u0259 \u201cAz\u0259rbaycanda gender \u0259sasl\u0131 cinsi se\u00e7imin qar\u015f\u0131s\u0131n\u0131n al\u0131nmas\u0131 v\u0259 aradan qald\u0131r\u0131lmas\u0131 \u00fczr\u0259 Milli F\u0259aliyy\u0259t Plan\u0131\u201dn\u0131n layih\u0259si haz\u0131rlan\u0131b. Layih\u0259d\u0259 gender nisb\u0259ti il\u0259 ba\u011fl\u0131 \u00fcmumi icmal, bu nisb\u0259tin ciddi \u015f\u0259kild\u0259 pozulmas\u0131n\u0131n bir s\u0131ra m\u0259nfi f\u0259sadlar\u0131 v\u0259 s. il\u0259 yana\u015f\u0131, gender \u0259sasl\u0131 cinsi se\u00e7imin qar\u015f\u0131s\u0131n\u0131n al\u0131nmas\u0131 m\u0259qs\u0259din\u0259 nail olunmas\u0131 \u00fc\u00e7\u00fcn konkret f\u0259aliyy\u0259t istiqam\u0259tl\u0259ri v\u0259 t\u00f6vsiy\u0259l\u0259r \u0259ksini tap\u0131r\u201d.oxu.az<\/p>\n","protected":false},"excerpt":{"rendered":"<p>Do\u011fulanlar\u0131n cins strukturunda 1990-c\u0131 ill\u0259rin \u0259vv\u0259ll\u0259rind\u0259 do\u011fulanlar aras\u0131nda q\u0131z u\u015faqlar\u0131na nisb\u0259td\u0259 o\u011flan u\u015faqlar\u0131n\u0131n art\u0131m\u0131, cins nisb\u0259tinin pozulmas\u0131 m\u00fc\u015fahid\u0259 olunur. ARANTV.AZ-\u0131n m\u0259lumat\u0131na g\u00f6r\u0259, bunu \u0259m\u0259k v\u0259 \u0259halinin sosial m\u00fcdafi\u0259si naziri\u00a0Sahil Babayev\u00a0gender \u0259sasl\u0131 cinsi se\u00e7imin qar\u015f\u0131s\u0131n\u0131n al\u0131nmas\u0131 v\u0259 aradan qald\u0131r\u0131lmas\u0131 \u00fczr\u0259 Milli F\u0259aliyy\u0259t Plan\u0131 layih\u0259sinin t\u0259qdimat\u0131nda \u00e7\u0131x\u0131\u015f\u0131 zaman\u0131 deyib. Onun s\u00f6zl\u0259rin\u0259 g\u00f6r\u0259, son ill\u0259rd\u0259 cins nisb\u0259tinin pozulmas\u0131 g\u00f6st\u0259ricisind\u0259 azalma meyli m\u00f6vcud olsa da, nisb\u0259t f\u0259rqi yen\u0259 n\u0259z\u0259r\u0259\u00e7arpan d\u0259r\u0259c\u0259d\u0259dir: \u201cDemoqrafiya v\u0259 \u0259hali sakinliyinin inki\u015faf\u0131 sah\u0259sind\u0259 yeni haz\u0131rlanan D\u00f6vl\u0259t Proqram\u0131 layih\u0259sind\u0259 d\u0259 do\u011fulanlar aras\u0131nda cins nisb\u0259tinin pozulmas\u0131n\u0131n aradan qald\u0131r\u0131lmas\u0131 m\u0259s\u0259l\u0259l\u0259rin\u0259 ayr\u0131ca b\u00f6lm\u0259 kimi yer&hellip;<\/p>\n","protected":false},"author":2,"featured_media":19972,"comment_status":"closed","ping_status":"closed","sticky":false,"template":"","format":"standard","meta":{"om_disable_all_campaigns":false,"_monsterinsights_skip_tracking":false,"_monsterinsights_sitenote_active":false,"_monsterinsights_sitenote_note":"","_monsterinsights_sitenote_category":0},"categories":[1],"tags":[],"aioseo_notices":[],"gutentor_comment":0,"rttpg_featured_image_url":{"full":["https:\/\/arantv.az\/wp-content\/uploads\/2018\/10\/sahil-yeni.jpg",620,411,false],"landscape":["https:\/\/arantv.az\/wp-content\/uploads\/2018\/10\/sahil-yeni.jpg",620,411,false],"portraits":["https:\/\/arantv.az\/wp-content\/uploads\/2018\/10\/sahil-yeni.jpg",620,411,false],"thumbnail":["https:\/\/arantv.az\/wp-content\/uploads\/2018\/10\/sahil-yeni-150x150.jpg",150,150,true],"medium":["https:\/\/arantv.az\/wp-content\/uploads\/2018\/10\/sahil-yeni-300x199.jpg",300,199,true],"large":["https:\/\/arantv.az\/wp-content\/uploads\/2018\/10\/sahil-yeni.jpg",620,411,false],"1536x1536":["https:\/\/arantv.az\/wp-content\/uploads\/2018\/10\/sahil-yeni.jpg",620,411,false],"2048x2048":["https:\/\/arantv.az\/wp-content\/uploads\/2018\/10\/sahil-yeni.jpg",620,411,false],"post-thumbnail":["https:\/\/arantv.az\/wp-content\/uploads\/2018\/10\/sahil-yeni-240x172.jpg",240,172,true],"advps-thumb-one":["https:\/\/arantv.az\/wp-content\/uploads\/2018\/10\/sahil-yeni.jpg",620,411,false]},"rttpg_author":{"display_name":"V\u00fcsal Rafiqo\u011flu","author_link":"https:\/\/arantv.az\/?author=2"},"rttpg_comment":0,"rttpg_category":"<a href=\"https:\/\/arantv.az\/?cat=1\" rel=\"category\">C\u0259miyy\u0259t<\/a>","rttpg_excerpt":"Do\u011fulanlar\u0131n cins strukturunda 1990-c\u0131 ill\u0259rin \u0259vv\u0259ll\u0259rind\u0259 do\u011fulanlar aras\u0131nda q\u0131z u\u015faqlar\u0131na nisb\u0259td\u0259 o\u011flan u\u015faqlar\u0131n\u0131n art\u0131m\u0131, cins nisb\u0259tinin pozulmas\u0131 m\u00fc\u015fahid\u0259 olunur. ARANTV.AZ-\u0131n m\u0259lumat\u0131na g\u00f6r\u0259, bunu \u0259m\u0259k v\u0259 \u0259halinin sosial m\u00fcdafi\u0259si naziri\u00a0Sahil Babayev\u00a0gender \u0259sasl\u0131 cinsi se\u00e7imin qar\u015f\u0131s\u0131n\u0131n al\u0131nmas\u0131 v\u0259 aradan qald\u0131r\u0131lmas\u0131 \u00fczr\u0259 Milli F\u0259aliyy\u0259t Plan\u0131 layih\u0259sinin t\u0259qdimat\u0131nda \u00e7\u0131x\u0131\u015f\u0131 zaman\u0131 deyib. Onun s\u00f6zl\u0259rin\u0259 g\u00f6r\u0259, son ill\u0259rd\u0259 cins nisb\u0259tinin pozulmas\u0131&hellip;","_links":{"self":[{"href":"https:\/\/arantv.az\/index.php?rest_route=\/wp\/v2\/posts\/19971"}],"collection":[{"href":"https:\/\/arantv.az\/index.php?rest_route=\/wp\/v2\/posts"}],"about":[{"href":"https:\/\/arantv.az\/index.php?rest_route=\/wp\/v2\/types\/post"}],"author":[{"embeddable":true,"href":"https:\/\/arantv.az\/index.php?rest_route=\/wp\/v2\/users\/2"}],"replies":[{"embeddable":true,"href":"https:\/\/arantv.az\/index.php?rest_route=%2Fwp%2Fv2%2Fcomments&post=19971"}],"version-history":[{"count":0,"href":"https:\/\/arantv.az\/index.php?rest_route=\/wp\/v2\/posts\/19971\/revisions"}],"wp:featuredmedia":[{"embeddable":true,"href":"https:\/\/arantv.az\/index.php?rest_route=\/wp\/v2\/media\/19972"}],"wp:attachment":[{"href":"https:\/\/arantv.az\/index.php?rest_route=%2Fwp%2Fv2%2Fmedia&parent=19971"}],"wp:term":[{"taxonomy":"category","embeddable":true,"href":"https:\/\/arantv.az\/index.php?rest_route=%2Fwp%2Fv2%2Fcategories&post=19971"},{"taxonomy":"post_tag","embeddable":true,"href":"https:\/\/arantv.az\/index.php?rest_route=%2Fwp%2Fv2%2Ftags&post=19971"}],"curies":[{"name":"wp","href":"https:\/\/api.w.org\/{rel}","templated":true}]}}