{"id":19974,"date":"2018-10-19T10:09:50","date_gmt":"2018-10-19T07:09:50","guid":{"rendered":"http:\/\/arantv.az\/?p=19974"},"modified":"2018-10-19T10:09:50","modified_gmt":"2018-10-19T07:09:50","slug":"bmt-az%c9%99rbaycanda-valideynl%c9%99rin-ogul-ovladina-sahib-olmaq-ist%c9%99yi-cox-xosag%c9%99lm%c9%99z-n%c9%99tic%c9%99l%c9%99r%c9%99-g%c9%99tirib-cixara-bil%c9%99r","status":"publish","type":"post","link":"https:\/\/arantv.az\/?p=19974","title":{"rendered":"BMT: &#8220;Az\u0259rbaycanda valideynl\u0259rin o\u011ful \u00f6vlad\u0131na sahib olmaq ist\u0259yi \u00e7ox xo\u015fag\u0259lm\u0259z n\u0259tic\u0259l\u0259r\u0259 g\u0259tirib \u00e7\u0131xara bil\u0259r&#8221;"},"content":{"rendered":"<blockquote><p><em><strong>Az\u0259rbaycanda valideynl\u0259rin m\u00fctl\u0259q \u015f\u0259kild\u0259 o\u011ful \u00f6vlad\u0131na sahib olmaq ist\u0259yi g\u0259l\u0259c\u0259kd\u0259 \u0259halinin \u00fcmumi strukturu v\u0259 dinamikas\u0131 bax\u0131m\u0131ndan \u00e7ox xo\u015fag\u0259lm\u0259z n\u0259tic\u0259l\u0259r\u0259 g\u0259tirib \u00e7\u0131xara bil\u0259r.<\/strong><\/em><\/p><\/blockquote>\n<p><strong>ARANTV.AZ<\/strong> trend-\u0259 istinad\u0259n x\u0259b\u0259r verir ki, bunu &#8220;Az\u0259rbaycanda gender \u0259sasl\u0131 cinsi se\u00e7imin (G\u018fCS) qar\u015f\u0131s\u0131n\u0131n al\u0131nmas\u0131 v\u0259 aidiyy\u0259ti cavab t\u0259dbirl\u0259rinin g\u00f6r\u00fclm\u0259sin\u0259 dair Milli F\u0259aliyy\u0259t Plan\u0131n\u0131n&#8221; layih\u0259 s\u0259n\u0259dinin t\u0259qdimat\u0131nda \u00e7\u0131x\u0131\u015f ed\u0259n BMT-nin \u018fhali Fondunun ba\u015f m\u00fc\u015faviri F\u0259rid Babayev deyib.<\/p>\n<p>Onun s\u00f6zl\u0259rin\u0259 g\u00f6r\u0259, u\u015faqlar\u0131n cinsin\u0259 g\u00f6r\u0259 se\u00e7imi problemi Fondu \u00e7ox narahat edir.<\/p>\n<p>F.Babayev \u0259lav\u0259 edib ki, \u0259vv\u0259ll\u0259r yaln\u0131z C\u0259nub-\u015e\u0259rqi Asiyada m\u00fc\u015fahid\u0259 edil\u0259n bu fenomen art\u0131q \u00f6lk\u0259miz d\u0259 daxil olmaqla b\u00fct\u00fcn C\u0259nubi Qafqaz v\u0259 \u015e\u0259rqi Avropan\u0131n bir s\u0131ra \u00f6lk\u0259l\u0259rind\u0259 d\u0259 \u00f6z\u00fcn\u00fc biruz\u0259 verm\u0259kd\u0259dir: &#8220;M\u00f6vzu \u00fczr\u0259 ke\u00e7irilmi\u015f t\u0259dqiqatlar g\u00f6st\u0259rir ki, ail\u0259 vahidinin sosial-iqtisadi v\u0259ziyy\u0259tind\u0259n as\u0131l\u0131 olmayaraq, m\u00f6vcud patriarxal m\u00fcnasib\u0259tl\u0259r sistemi, d\u00f6l\u00fcn cinsini t\u0259yin etm\u0259y\u0259 imkan yaradan m\u00fcasir texnologiyalar valideynl\u0259ri m\u00fctl\u0259q \u015f\u0259kild\u0259 o\u011ful \u00f6vlad\u0131na sahib olma\u011fa vadar edir. Bu fenomenl\u0259 ba\u011fl\u0131 apar\u0131lm\u0131\u015f \u0259n son ara\u015fd\u0131rmalar zaman\u0131 \u0259ld\u0259 edilmi\u015f m\u0259lumatlar g\u00f6st\u0259rir ki, bu v\u0259ziyy\u0259t g\u0259l\u0259c\u0259kd\u0259 \u0259halinin \u00fcmumi strukturu v\u0259 dinamikas\u0131 bax\u0131m\u0131ndan \u00e7ox xo\u015fag\u0259lm\u0259z n\u0259tic\u0259l\u0259r\u0259 g\u0259tirib \u00e7\u0131xara bil\u0259r&#8221;.<\/p>\n<p>F.Babayev qeyd edib ki, ki\u015fil\u0259rin say\u0131n\u0131n h\u0259dd\u0259n art\u0131q \u00e7oxalmas\u0131 onlar\u0131n ail\u0259 qurmaq \u00fc\u00e7\u00fcn partnyor tapa bilm\u0259m\u0259si, eyni zamanda \u00f6lk\u0259d\u0259 zorak\u0131 davran\u0131\u015f hallar\u0131n\u0131n geni\u015f yay\u0131lmas\u0131 n\u0259tic\u0259sind\u0259 \u00fcmumi kriminogen durumun daha da a\u011f\u0131rla\u015fmas\u0131, g\u0259linqa\u00e7\u0131rma, erk\u0259n nikah, insan alveri v\u0259 s. bu kimi bir s\u0131ra m\u0259nfi hallarla s\u0131x \u015f\u0259kild\u0259 \u0259laq\u0259lidir: &#8220;\u00dcmid edirik ki, birg\u0259 s\u0259yl\u0259rimiz n\u0259tic\u0259sind\u0259 bu g\u00fcn m\u00fczakir\u0259y\u0259 \u00e7\u0131xard\u0131\u011f\u0131m\u0131z Milli F\u0259aliyy\u0259t Plan\u0131n\u0131n q\u0259bulu v\u0259 u\u011furlu icras\u0131na nail ola bil\u0259c\u0259yik v\u0259 bel\u0259likl\u0259 d\u0259 \u00f6lk\u0259mizi &#8220;\u00e7at\u0131\u015fmayan q\u0131zlar&#8221; fenomeninin yay\u0131ld\u0131\u011f\u0131 \u00f6lk\u0259l\u0259rin siyah\u0131s\u0131ndan \u00e7\u0131xararaq C\u0259nubi Koreyadan sonra ikinci &#8220;u\u011fur hekay\u0259si&#8221;ni yazma\u011fa m\u00fcv\u0259ff\u0259q olaca\u011f\u0131q&#8221;.<\/p>\n","protected":false},"excerpt":{"rendered":"<p>Az\u0259rbaycanda valideynl\u0259rin m\u00fctl\u0259q \u015f\u0259kild\u0259 o\u011ful \u00f6vlad\u0131na sahib olmaq ist\u0259yi g\u0259l\u0259c\u0259kd\u0259 \u0259halinin \u00fcmumi strukturu v\u0259 dinamikas\u0131 bax\u0131m\u0131ndan \u00e7ox xo\u015fag\u0259lm\u0259z n\u0259tic\u0259l\u0259r\u0259 g\u0259tirib \u00e7\u0131xara bil\u0259r. ARANTV.AZ trend-\u0259 istinad\u0259n x\u0259b\u0259r verir ki, bunu &#8220;Az\u0259rbaycanda gender \u0259sasl\u0131 cinsi se\u00e7imin (G\u018fCS) qar\u015f\u0131s\u0131n\u0131n al\u0131nmas\u0131 v\u0259 aidiyy\u0259ti cavab t\u0259dbirl\u0259rinin g\u00f6r\u00fclm\u0259sin\u0259 dair Milli F\u0259aliyy\u0259t Plan\u0131n\u0131n&#8221; layih\u0259 s\u0259n\u0259dinin t\u0259qdimat\u0131nda \u00e7\u0131x\u0131\u015f ed\u0259n BMT-nin \u018fhali Fondunun ba\u015f m\u00fc\u015faviri F\u0259rid Babayev deyib. Onun s\u00f6zl\u0259rin\u0259 g\u00f6r\u0259, u\u015faqlar\u0131n cinsin\u0259 g\u00f6r\u0259 se\u00e7imi problemi Fondu \u00e7ox narahat edir. F.Babayev \u0259lav\u0259 edib ki, \u0259vv\u0259ll\u0259r yaln\u0131z C\u0259nub-\u015e\u0259rqi Asiyada m\u00fc\u015fahid\u0259 edil\u0259n bu fenomen art\u0131q \u00f6lk\u0259miz d\u0259 daxil olmaqla b\u00fct\u00fcn C\u0259nubi&hellip;<\/p>\n","protected":false},"author":2,"featured_media":19975,"comment_status":"closed","ping_status":"closed","sticky":false,"template":"","format":"standard","meta":{"om_disable_all_campaigns":false,"_monsterinsights_skip_tracking":false,"_monsterinsights_sitenote_active":false,"_monsterinsights_sitenote_note":"","_monsterinsights_sitenote_category":0},"categories":[4],"tags":[],"aioseo_notices":[],"gutentor_comment":0,"rttpg_featured_image_url":{"full":["https:\/\/arantv.az\/wp-content\/uploads\/2018\/10\/695966.jpg",800,600,false],"landscape":["https:\/\/arantv.az\/wp-content\/uploads\/2018\/10\/695966.jpg",800,600,false],"portraits":["https:\/\/arantv.az\/wp-content\/uploads\/2018\/10\/695966.jpg",800,600,false],"thumbnail":["https:\/\/arantv.az\/wp-content\/uploads\/2018\/10\/695966-150x150.jpg",150,150,true],"medium":["https:\/\/arantv.az\/wp-content\/uploads\/2018\/10\/695966-300x225.jpg",300,225,true],"large":["https:\/\/arantv.az\/wp-content\/uploads\/2018\/10\/695966.jpg",640,480,false],"1536x1536":["https:\/\/arantv.az\/wp-content\/uploads\/2018\/10\/695966.jpg",800,600,false],"2048x2048":["https:\/\/arantv.az\/wp-content\/uploads\/2018\/10\/695966.jpg",800,600,false],"post-thumbnail":["https:\/\/arantv.az\/wp-content\/uploads\/2018\/10\/695966-240x172.jpg",240,172,true],"advps-thumb-one":["https:\/\/arantv.az\/wp-content\/uploads\/2018\/10\/695966.jpg",800,600,false]},"rttpg_author":{"display_name":"V\u00fcsal Rafiqo\u011flu","author_link":"https:\/\/arantv.az\/?author=2"},"rttpg_comment":0,"rttpg_category":"<a href=\"https:\/\/arantv.az\/?cat=4\" rel=\"category\">Siyas\u0259t<\/a>","rttpg_excerpt":"Az\u0259rbaycanda valideynl\u0259rin m\u00fctl\u0259q \u015f\u0259kild\u0259 o\u011ful \u00f6vlad\u0131na sahib olmaq ist\u0259yi g\u0259l\u0259c\u0259kd\u0259 \u0259halinin \u00fcmumi strukturu v\u0259 dinamikas\u0131 bax\u0131m\u0131ndan \u00e7ox xo\u015fag\u0259lm\u0259z n\u0259tic\u0259l\u0259r\u0259 g\u0259tirib \u00e7\u0131xara bil\u0259r. ARANTV.AZ trend-\u0259 istinad\u0259n x\u0259b\u0259r verir ki, bunu &#8220;Az\u0259rbaycanda gender \u0259sasl\u0131 cinsi se\u00e7imin (G\u018fCS) qar\u015f\u0131s\u0131n\u0131n al\u0131nmas\u0131 v\u0259 aidiyy\u0259ti cavab t\u0259dbirl\u0259rinin g\u00f6r\u00fclm\u0259sin\u0259 dair Milli F\u0259aliyy\u0259t Plan\u0131n\u0131n&#8221; layih\u0259 s\u0259n\u0259dinin t\u0259qdimat\u0131nda \u00e7\u0131x\u0131\u015f ed\u0259n BMT-nin \u018fhali Fondunun ba\u015f&hellip;","_links":{"self":[{"href":"https:\/\/arantv.az\/index.php?rest_route=\/wp\/v2\/posts\/19974"}],"collection":[{"href":"https:\/\/arantv.az\/index.php?rest_route=\/wp\/v2\/posts"}],"about":[{"href":"https:\/\/arantv.az\/index.php?rest_route=\/wp\/v2\/types\/post"}],"author":[{"embeddable":true,"href":"https:\/\/arantv.az\/index.php?rest_route=\/wp\/v2\/users\/2"}],"replies":[{"embeddable":true,"href":"https:\/\/arantv.az\/index.php?rest_route=%2Fwp%2Fv2%2Fcomments&post=19974"}],"version-history":[{"count":0,"href":"https:\/\/arantv.az\/index.php?rest_route=\/wp\/v2\/posts\/19974\/revisions"}],"wp:featuredmedia":[{"embeddable":true,"href":"https:\/\/arantv.az\/index.php?rest_route=\/wp\/v2\/media\/19975"}],"wp:attachment":[{"href":"https:\/\/arantv.az\/index.php?rest_route=%2Fwp%2Fv2%2Fmedia&parent=19974"}],"wp:term":[{"taxonomy":"category","embeddable":true,"href":"https:\/\/arantv.az\/index.php?rest_route=%2Fwp%2Fv2%2Fcategories&post=19974"},{"taxonomy":"post_tag","embeddable":true,"href":"https:\/\/arantv.az\/index.php?rest_route=%2Fwp%2Fv2%2Ftags&post=19974"}],"curies":[{"name":"wp","href":"https:\/\/api.w.org\/{rel}","templated":true}]}}