{"id":199822,"date":"2020-08-03T17:48:40","date_gmt":"2020-08-03T14:48:40","guid":{"rendered":"http:\/\/arantv.az\/?p=199822"},"modified":"2020-08-03T17:48:40","modified_gmt":"2020-08-03T14:48:40","slug":"dovl%c9%99t-orqanlarinda-calisanlarin-is%c9%99-cixmasi-il%c9%99-bagli-aciqlama","status":"publish","type":"post","link":"https:\/\/arantv.az\/?p=199822","title":{"rendered":"D\u00f6vl\u0259t orqanlar\u0131nda \u00e7al\u0131\u015fanlar\u0131n i\u015f\u0259 \u00e7\u0131xmas\u0131 il\u0259 ba\u011fl\u0131 A\u00c7IQLAMA"},"content":{"rendered":"<p>\u201cEpidemioloji v\u0259ziyy\u0259t n\u0259z\u0259r\u0259 al\u0131nmaqla, d\u00f6vl\u0259t\u00a0orqanlar\u0131n\u0131n i\u015f\u00e7il\u0259rinin hans\u0131 say t\u0259rkibind\u0259 i\u015f\u0259 \u00e7\u0131xmas\u0131 m\u0259s\u0259l\u0259si m\u00fczakir\u0259 olunmaqdad\u0131r\u201d.<\/p>\n<p><strong>ARANTV.AZ<\/strong>-\u0131n m\u0259lumat\u0131na g\u00f6r\u0259, bunu Nazirl\u0259r Kabineti yan\u0131nda operativ q\u0259rargah\u0131n ke\u00e7irdiyi m\u0259tbuat konfrans\u0131nda Az\u0259rbaycan Prezidentinin k\u00f6m\u0259k\u00e7isi &#8211; Prezident Administrasiyas\u0131n\u0131n Xarici siyas\u0259t m\u0259s\u0259l\u0259l\u0259ri \u015f\u00f6b\u0259sinin m\u00fcdiri Hikm\u0259t Hac\u0131yev bildirib.<\/p>\n<div id=\"AdviadNativeVideo0\" class=\"AdviadNativeVideo\"><\/div>\n<p>Onun s\u00f6zl\u0259rin\u0259 g\u00f6r\u0259, haz\u0131rda yay m\u00f6vs\u00fcm\u00fc oldu\u011fu \u00fc\u00e7\u00fcn d\u00f6vl\u0259t orqanlar\u0131nda i\u015f y\u00fck\u00fc azal\u0131b:<\/p>\n<p>\u201cD\u00f6vl\u0259t orqanlar\u0131n\u0131n i\u015f\u00e7il\u0259rinin m\u0259hdudla\u015fd\u0131r\u0131c\u0131 v\u0259 ya n\u00f6vb\u0259li prinsipl\u0259rl\u0259 i\u015f\u0259 \u00e7\u0131xmas\u0131 m\u00fczakir\u0259 olunur. D\u00f6vl\u0259t qurumlar\u0131n\u0131n i\u015f y\u00fck\u00fc n\u0259z\u0259r\u0259 al\u0131nmaqla q\u0259rar veril\u0259c\u0259k\u201d.<\/p>\n","protected":false},"excerpt":{"rendered":"<p>\u201cEpidemioloji v\u0259ziyy\u0259t n\u0259z\u0259r\u0259 al\u0131nmaqla, d\u00f6vl\u0259t\u00a0orqanlar\u0131n\u0131n i\u015f\u00e7il\u0259rinin hans\u0131 say t\u0259rkibind\u0259 i\u015f\u0259 \u00e7\u0131xmas\u0131 m\u0259s\u0259l\u0259si m\u00fczakir\u0259 olunmaqdad\u0131r\u201d. ARANTV.AZ-\u0131n m\u0259lumat\u0131na g\u00f6r\u0259, bunu Nazirl\u0259r Kabineti yan\u0131nda operativ q\u0259rargah\u0131n ke\u00e7irdiyi m\u0259tbuat konfrans\u0131nda Az\u0259rbaycan Prezidentinin k\u00f6m\u0259k\u00e7isi &#8211; Prezident Administrasiyas\u0131n\u0131n Xarici siyas\u0259t m\u0259s\u0259l\u0259l\u0259ri \u015f\u00f6b\u0259sinin m\u00fcdiri Hikm\u0259t Hac\u0131yev bildirib. Onun s\u00f6zl\u0259rin\u0259 g\u00f6r\u0259, haz\u0131rda yay m\u00f6vs\u00fcm\u00fc oldu\u011fu \u00fc\u00e7\u00fcn d\u00f6vl\u0259t orqanlar\u0131nda i\u015f y\u00fck\u00fc azal\u0131b: \u201cD\u00f6vl\u0259t orqanlar\u0131n\u0131n i\u015f\u00e7il\u0259rinin m\u0259hdudla\u015fd\u0131r\u0131c\u0131 v\u0259 ya n\u00f6vb\u0259li prinsipl\u0259rl\u0259 i\u015f\u0259 \u00e7\u0131xmas\u0131 m\u00fczakir\u0259 olunur. D\u00f6vl\u0259t qurumlar\u0131n\u0131n i\u015f y\u00fck\u00fc n\u0259z\u0259r\u0259 al\u0131nmaqla q\u0259rar veril\u0259c\u0259k\u201d.<\/p>\n","protected":false},"author":2,"featured_media":199823,"comment_status":"closed","ping_status":"closed","sticky":false,"template":"","format":"standard","meta":{"om_disable_all_campaigns":false,"_monsterinsights_skip_tracking":false,"_monsterinsights_sitenote_active":false,"_monsterinsights_sitenote_note":"","_monsterinsights_sitenote_category":0},"categories":[26],"tags":[],"aioseo_notices":[],"gutentor_comment":0,"rttpg_featured_image_url":{"full":["https:\/\/arantv.az\/wp-content\/uploads\/2020\/08\/116718362_393846964928285_7023647784085141717_n-1.jpg",620,391,false],"landscape":["https:\/\/arantv.az\/wp-content\/uploads\/2020\/08\/116718362_393846964928285_7023647784085141717_n-1.jpg",620,391,false],"portraits":["https:\/\/arantv.az\/wp-content\/uploads\/2020\/08\/116718362_393846964928285_7023647784085141717_n-1.jpg",620,391,false],"thumbnail":["https:\/\/arantv.az\/wp-content\/uploads\/2020\/08\/116718362_393846964928285_7023647784085141717_n-1-150x150.jpg",150,150,true],"medium":["https:\/\/arantv.az\/wp-content\/uploads\/2020\/08\/116718362_393846964928285_7023647784085141717_n-1-300x189.jpg",300,189,true],"large":["https:\/\/arantv.az\/wp-content\/uploads\/2020\/08\/116718362_393846964928285_7023647784085141717_n-1.jpg",620,391,false],"1536x1536":["https:\/\/arantv.az\/wp-content\/uploads\/2020\/08\/116718362_393846964928285_7023647784085141717_n-1.jpg",620,391,false],"2048x2048":["https:\/\/arantv.az\/wp-content\/uploads\/2020\/08\/116718362_393846964928285_7023647784085141717_n-1.jpg",620,391,false],"post-thumbnail":["https:\/\/arantv.az\/wp-content\/uploads\/2020\/08\/116718362_393846964928285_7023647784085141717_n-1-240x172.jpg",240,172,true],"advps-thumb-one":["https:\/\/arantv.az\/wp-content\/uploads\/2020\/08\/116718362_393846964928285_7023647784085141717_n-1.jpg",620,391,false]},"rttpg_author":{"display_name":"V\u00fcsal Rafiqo\u011flu","author_link":"https:\/\/arantv.az\/?author=2"},"rttpg_comment":0,"rttpg_category":"<a href=\"https:\/\/arantv.az\/?cat=26\" rel=\"category\">Sosial<\/a>","rttpg_excerpt":"\u201cEpidemioloji v\u0259ziyy\u0259t n\u0259z\u0259r\u0259 al\u0131nmaqla, d\u00f6vl\u0259t\u00a0orqanlar\u0131n\u0131n i\u015f\u00e7il\u0259rinin hans\u0131 say t\u0259rkibind\u0259 i\u015f\u0259 \u00e7\u0131xmas\u0131 m\u0259s\u0259l\u0259si m\u00fczakir\u0259 olunmaqdad\u0131r\u201d. ARANTV.AZ-\u0131n m\u0259lumat\u0131na g\u00f6r\u0259, bunu Nazirl\u0259r Kabineti yan\u0131nda operativ q\u0259rargah\u0131n ke\u00e7irdiyi m\u0259tbuat konfrans\u0131nda Az\u0259rbaycan Prezidentinin k\u00f6m\u0259k\u00e7isi &#8211; Prezident Administrasiyas\u0131n\u0131n Xarici siyas\u0259t m\u0259s\u0259l\u0259l\u0259ri \u015f\u00f6b\u0259sinin m\u00fcdiri Hikm\u0259t Hac\u0131yev bildirib. Onun s\u00f6zl\u0259rin\u0259 g\u00f6r\u0259, haz\u0131rda yay m\u00f6vs\u00fcm\u00fc oldu\u011fu \u00fc\u00e7\u00fcn d\u00f6vl\u0259t orqanlar\u0131nda i\u015f y\u00fck\u00fc azal\u0131b: \u201cD\u00f6vl\u0259t orqanlar\u0131n\u0131n&hellip;","_links":{"self":[{"href":"https:\/\/arantv.az\/index.php?rest_route=\/wp\/v2\/posts\/199822"}],"collection":[{"href":"https:\/\/arantv.az\/index.php?rest_route=\/wp\/v2\/posts"}],"about":[{"href":"https:\/\/arantv.az\/index.php?rest_route=\/wp\/v2\/types\/post"}],"author":[{"embeddable":true,"href":"https:\/\/arantv.az\/index.php?rest_route=\/wp\/v2\/users\/2"}],"replies":[{"embeddable":true,"href":"https:\/\/arantv.az\/index.php?rest_route=%2Fwp%2Fv2%2Fcomments&post=199822"}],"version-history":[{"count":0,"href":"https:\/\/arantv.az\/index.php?rest_route=\/wp\/v2\/posts\/199822\/revisions"}],"wp:featuredmedia":[{"embeddable":true,"href":"https:\/\/arantv.az\/index.php?rest_route=\/wp\/v2\/media\/199823"}],"wp:attachment":[{"href":"https:\/\/arantv.az\/index.php?rest_route=%2Fwp%2Fv2%2Fmedia&parent=199822"}],"wp:term":[{"taxonomy":"category","embeddable":true,"href":"https:\/\/arantv.az\/index.php?rest_route=%2Fwp%2Fv2%2Fcategories&post=199822"},{"taxonomy":"post_tag","embeddable":true,"href":"https:\/\/arantv.az\/index.php?rest_route=%2Fwp%2Fv2%2Ftags&post=199822"}],"curies":[{"name":"wp","href":"https:\/\/api.w.org\/{rel}","templated":true}]}}