{"id":199826,"date":"2020-08-03T17:50:03","date_gmt":"2020-08-03T14:50:03","guid":{"rendered":"http:\/\/arantv.az\/?p=199826"},"modified":"2020-08-03T17:50:03","modified_gmt":"2020-08-03T14:50:03","slug":"prezidentin-kom%c9%99kcisind%c9%99n-190-manatliq-od%c9%99m%c9%99l%c9%99rl%c9%99-bagli-aciqlama","status":"publish","type":"post","link":"https:\/\/arantv.az\/?p=199826","title":{"rendered":"Prezidentin k\u00f6m\u0259k\u00e7isind\u0259n 190 manatl\u0131q \u00f6d\u0259m\u0259l\u0259rl\u0259 ba\u011fl\u0131 A\u00c7IQLAMA"},"content":{"rendered":"<p>\u201c\u0130qtisadi paketl\u0259 ba\u011fl\u0131 yeni t\u0259klifl\u0259r t\u0259qdim olunub\u00a0v\u0259 Nazirl\u0259r Kabineti t\u0259r\u0259find\u0259n t\u0259sdiq edilib\u201d.<\/p>\n<p><strong>ARANTV.AZ<\/strong>-\u0131n m\u0259lumat\u0131na g\u00f6r\u0259, bunu Nazirl\u0259r Kabineti yan\u0131nda operativ q\u0259rargah\u0131n ke\u00e7irdiyi m\u0259tbuat konfrans\u0131nda Az\u0259rbaycan Prezidentinin k\u00f6m\u0259k\u00e7isi &#8211; Prezident Administrasiyas\u0131n\u0131n Xarici siyas\u0259t m\u0259s\u0259l\u0259l\u0259ri \u015f\u00f6b\u0259sinin m\u00fcdiri Hikm\u0259t Hac\u0131yev bildirib.<\/p>\n<div id=\"AdviadNativeVideo0\" class=\"AdviadNativeVideo\"><\/div>\n<p>Onun s\u00f6zl\u0259rin\u0259 g\u00f6r\u0259, yax\u0131n g\u00fcnl\u0259rd\u0259 \u0130qtisadiyyat Nazirliyi, D\u00f6vl\u0259t Vergi Xidm\u0259ti v\u0259 aidiyy\u0259ti strukturlar vergi \u00f6d\u0259yicil\u0259rini\u00a0bu \u015f\u0259rtl\u0259rl\u0259 tan\u0131\u015f\u00a0ed\u0259c\u0259k.<\/p>\n<p>\u201c190 manatl\u0131q sosial paketl\u0259 ba\u011fl\u0131 m\u00fczakir\u0259l\u0259r davam etdirilir\u201d, &#8211; dey\u0259, H.Hac\u0131yev qeyd edib.<\/p>\n","protected":false},"excerpt":{"rendered":"<p>\u201c\u0130qtisadi paketl\u0259 ba\u011fl\u0131 yeni t\u0259klifl\u0259r t\u0259qdim olunub\u00a0v\u0259 Nazirl\u0259r Kabineti t\u0259r\u0259find\u0259n t\u0259sdiq edilib\u201d. ARANTV.AZ-\u0131n m\u0259lumat\u0131na g\u00f6r\u0259, bunu Nazirl\u0259r Kabineti yan\u0131nda operativ q\u0259rargah\u0131n ke\u00e7irdiyi m\u0259tbuat konfrans\u0131nda Az\u0259rbaycan Prezidentinin k\u00f6m\u0259k\u00e7isi &#8211; Prezident Administrasiyas\u0131n\u0131n Xarici siyas\u0259t m\u0259s\u0259l\u0259l\u0259ri \u015f\u00f6b\u0259sinin m\u00fcdiri Hikm\u0259t Hac\u0131yev bildirib. Onun s\u00f6zl\u0259rin\u0259 g\u00f6r\u0259, yax\u0131n g\u00fcnl\u0259rd\u0259 \u0130qtisadiyyat Nazirliyi, D\u00f6vl\u0259t Vergi Xidm\u0259ti v\u0259 aidiyy\u0259ti strukturlar vergi \u00f6d\u0259yicil\u0259rini\u00a0bu \u015f\u0259rtl\u0259rl\u0259 tan\u0131\u015f\u00a0ed\u0259c\u0259k. \u201c190 manatl\u0131q sosial paketl\u0259 ba\u011fl\u0131 m\u00fczakir\u0259l\u0259r davam etdirilir\u201d, &#8211; dey\u0259, H.Hac\u0131yev qeyd edib.<\/p>\n","protected":false},"author":2,"featured_media":199827,"comment_status":"closed","ping_status":"closed","sticky":false,"template":"","format":"standard","meta":{"om_disable_all_campaigns":false,"_monsterinsights_skip_tracking":false,"_monsterinsights_sitenote_active":false,"_monsterinsights_sitenote_note":"","_monsterinsights_sitenote_category":0},"categories":[26],"tags":[],"aioseo_notices":[],"gutentor_comment":0,"rttpg_featured_image_url":{"full":["https:\/\/arantv.az\/wp-content\/uploads\/2020\/08\/040400025473.jpg",620,415,false],"landscape":["https:\/\/arantv.az\/wp-content\/uploads\/2020\/08\/040400025473.jpg",620,415,false],"portraits":["https:\/\/arantv.az\/wp-content\/uploads\/2020\/08\/040400025473.jpg",620,415,false],"thumbnail":["https:\/\/arantv.az\/wp-content\/uploads\/2020\/08\/040400025473-150x150.jpg",150,150,true],"medium":["https:\/\/arantv.az\/wp-content\/uploads\/2020\/08\/040400025473-300x201.jpg",300,201,true],"large":["https:\/\/arantv.az\/wp-content\/uploads\/2020\/08\/040400025473.jpg",620,415,false],"1536x1536":["https:\/\/arantv.az\/wp-content\/uploads\/2020\/08\/040400025473.jpg",620,415,false],"2048x2048":["https:\/\/arantv.az\/wp-content\/uploads\/2020\/08\/040400025473.jpg",620,415,false],"post-thumbnail":["https:\/\/arantv.az\/wp-content\/uploads\/2020\/08\/040400025473-240x172.jpg",240,172,true],"advps-thumb-one":["https:\/\/arantv.az\/wp-content\/uploads\/2020\/08\/040400025473.jpg",620,415,false]},"rttpg_author":{"display_name":"V\u00fcsal Rafiqo\u011flu","author_link":"https:\/\/arantv.az\/?author=2"},"rttpg_comment":0,"rttpg_category":"<a href=\"https:\/\/arantv.az\/?cat=26\" rel=\"category\">Sosial<\/a>","rttpg_excerpt":"\u201c\u0130qtisadi paketl\u0259 ba\u011fl\u0131 yeni t\u0259klifl\u0259r t\u0259qdim olunub\u00a0v\u0259 Nazirl\u0259r Kabineti t\u0259r\u0259find\u0259n t\u0259sdiq edilib\u201d. ARANTV.AZ-\u0131n m\u0259lumat\u0131na g\u00f6r\u0259, bunu Nazirl\u0259r Kabineti yan\u0131nda operativ q\u0259rargah\u0131n ke\u00e7irdiyi m\u0259tbuat konfrans\u0131nda Az\u0259rbaycan Prezidentinin k\u00f6m\u0259k\u00e7isi &#8211; Prezident Administrasiyas\u0131n\u0131n Xarici siyas\u0259t m\u0259s\u0259l\u0259l\u0259ri \u015f\u00f6b\u0259sinin m\u00fcdiri Hikm\u0259t Hac\u0131yev bildirib. Onun s\u00f6zl\u0259rin\u0259 g\u00f6r\u0259, yax\u0131n g\u00fcnl\u0259rd\u0259 \u0130qtisadiyyat Nazirliyi, D\u00f6vl\u0259t Vergi Xidm\u0259ti v\u0259 aidiyy\u0259ti strukturlar vergi \u00f6d\u0259yicil\u0259rini\u00a0bu \u015f\u0259rtl\u0259rl\u0259 tan\u0131\u015f\u00a0ed\u0259c\u0259k.&hellip;","_links":{"self":[{"href":"https:\/\/arantv.az\/index.php?rest_route=\/wp\/v2\/posts\/199826"}],"collection":[{"href":"https:\/\/arantv.az\/index.php?rest_route=\/wp\/v2\/posts"}],"about":[{"href":"https:\/\/arantv.az\/index.php?rest_route=\/wp\/v2\/types\/post"}],"author":[{"embeddable":true,"href":"https:\/\/arantv.az\/index.php?rest_route=\/wp\/v2\/users\/2"}],"replies":[{"embeddable":true,"href":"https:\/\/arantv.az\/index.php?rest_route=%2Fwp%2Fv2%2Fcomments&post=199826"}],"version-history":[{"count":0,"href":"https:\/\/arantv.az\/index.php?rest_route=\/wp\/v2\/posts\/199826\/revisions"}],"wp:featuredmedia":[{"embeddable":true,"href":"https:\/\/arantv.az\/index.php?rest_route=\/wp\/v2\/media\/199827"}],"wp:attachment":[{"href":"https:\/\/arantv.az\/index.php?rest_route=%2Fwp%2Fv2%2Fmedia&parent=199826"}],"wp:term":[{"taxonomy":"category","embeddable":true,"href":"https:\/\/arantv.az\/index.php?rest_route=%2Fwp%2Fv2%2Fcategories&post=199826"},{"taxonomy":"post_tag","embeddable":true,"href":"https:\/\/arantv.az\/index.php?rest_route=%2Fwp%2Fv2%2Ftags&post=199826"}],"curies":[{"name":"wp","href":"https:\/\/api.w.org\/{rel}","templated":true}]}}