{"id":199900,"date":"2020-08-04T08:38:04","date_gmt":"2020-08-04T05:38:04","guid":{"rendered":"http:\/\/arantv.az\/?p=199900"},"modified":"2020-08-04T08:38:04","modified_gmt":"2020-08-04T05:38:04","slug":"polis-xususi-karantin-rejimi-elan-edil%c9%99n-rayonlarda-reydl%c9%99r-kecirib-foto","status":"publish","type":"post","link":"https:\/\/arantv.az\/?p=199900","title":{"rendered":"Polis x\u00fcsusi karantin rejimi elan edil\u0259n rayonlarda reydl\u0259r ke\u00e7irib &#8211; FOTO"},"content":{"rendered":"<p>Polis x\u00fcsusi karantin rejimi elan edil\u0259n rayonlarda reydl\u0259r ke\u00e7irib.<\/p>\n<p>Bununla ba\u011fl\u0131 Daxili \u0130\u015fl\u0259r Nazirliyinin M\u0259tbuat xidm\u0259tinin G\u0259nc\u0259 regional qrupu m\u0259lumat yay\u0131b.<\/p>\n<p>Bildirilib ki, x\u00fcsusi karantin rejiminin q\u00fcvv\u0259d\u0259 oldu\u011fu G\u00f6yg\u00f6l v\u0259 Goranboy rayonlar\u0131nda polis \u0259m\u0259kda\u015flar\u0131 t\u0259r\u0259find\u0259n koronavirusun ku\u0308tl\u0259vi yay\u0131lmas\u0131n\u0131n qars\u0327\u0131s\u0131n\u0131n al\u0131nmas\u0131 m\u0259qs\u0259dil\u0259 qapal\u0131 m\u0259kanlarda, o c\u00fcml\u0259d\u0259n, iri supermarketl\u0259rd\u0259 gu\u0308cl\u0259ndirilmis\u0327 ku\u0308tl\u0259vi n\u0259zar\u0259t-profilaktik t\u0259dbirl\u0259ri davam etdirilir.<\/p>\n<p>Superm\u0259rketl\u0259rd\u0259 sosial m\u0259saf\u0259ni go\u0308zl\u0259m\u0259y\u0259n, t\u0259n\u0259ffu\u0308s yollar\u0131n\u0131 qoruyan f\u0259rdi vasit\u0259l\u0259rd\u0259n istifad\u0259 etm\u0259y\u0259n \u015f\u0259xsl\u0259r qanunvericiliy\u0259 uyg\u0306un olaraq, inzibati m\u0259suliyy\u0259t\u0259 c\u0259lb olunublar.<\/p>\n<p>V\u0259t\u0259nda\u015flarla apar\u0131lan s\u00f6hb\u0259tl\u0259r zaman\u0131 koronavirus infeksiyas\u0131n\u0131n f\u0259sadlar\u0131 diqq\u0259t\u0259 \u00e7atd\u0131r\u0131l\u0131b v\u0259 f\u0259rdi t\u0259n\u0259ff\u00fcs yollar\u0131n\u0131 qoruyan vasit\u0259l\u0259rd\u0259n istifad\u0259nin z\u0259ruriliyi bildirilib.<\/p>\n<p>Polis \u0259m\u0259kda\u015flar\u0131 t\u0259r\u0259find\u0259n h\u0259min \u015f\u0259xsl\u0259r\u0259 m\u00f6vcud sanitar-gigiyenik qayda v\u0259 t\u0259l\u0259bl\u0259r\u0259 riay\u0259t etm\u0259l\u0259rinin vacibliyi izah olunub.<\/p>\n<p>Edil\u0259n x\u0259b\u0259rdarl\u0131qlara baxmayaraq, qaydalar\u0131 pozmaqda davam ed\u0259n \u015f\u0259xsl\u0259r bar\u0259sind\u0259 protokol t\u0259rtib edilib, onlar c\u0259rim\u0259l\u0259nibl\u0259r.<\/p>\n","protected":false},"excerpt":{"rendered":"<p>Polis x\u00fcsusi karantin rejimi elan edil\u0259n rayonlarda reydl\u0259r ke\u00e7irib. Bununla ba\u011fl\u0131 Daxili \u0130\u015fl\u0259r Nazirliyinin M\u0259tbuat xidm\u0259tinin G\u0259nc\u0259 regional qrupu m\u0259lumat yay\u0131b. Bildirilib ki, x\u00fcsusi karantin rejiminin q\u00fcvv\u0259d\u0259 oldu\u011fu G\u00f6yg\u00f6l v\u0259 Goranboy rayonlar\u0131nda polis \u0259m\u0259kda\u015flar\u0131 t\u0259r\u0259find\u0259n koronavirusun ku\u0308tl\u0259vi yay\u0131lmas\u0131n\u0131n qars\u0327\u0131s\u0131n\u0131n al\u0131nmas\u0131 m\u0259qs\u0259dil\u0259 qapal\u0131 m\u0259kanlarda, o c\u00fcml\u0259d\u0259n, iri supermarketl\u0259rd\u0259 gu\u0308cl\u0259ndirilmis\u0327 ku\u0308tl\u0259vi n\u0259zar\u0259t-profilaktik t\u0259dbirl\u0259ri davam etdirilir. Superm\u0259rketl\u0259rd\u0259 sosial m\u0259saf\u0259ni go\u0308zl\u0259m\u0259y\u0259n, t\u0259n\u0259ffu\u0308s yollar\u0131n\u0131 qoruyan f\u0259rdi vasit\u0259l\u0259rd\u0259n istifad\u0259 etm\u0259y\u0259n \u015f\u0259xsl\u0259r qanunvericiliy\u0259 uyg\u0306un olaraq, inzibati m\u0259suliyy\u0259t\u0259 c\u0259lb olunublar. V\u0259t\u0259nda\u015flarla apar\u0131lan s\u00f6hb\u0259tl\u0259r zaman\u0131 koronavirus infeksiyas\u0131n\u0131n f\u0259sadlar\u0131 diqq\u0259t\u0259 \u00e7atd\u0131r\u0131l\u0131b v\u0259 f\u0259rdi t\u0259n\u0259ff\u00fcs yollar\u0131n\u0131 qoruyan vasit\u0259l\u0259rd\u0259n istifad\u0259nin z\u0259ruriliyi bildirilib.&hellip;<\/p>\n","protected":false},"author":2,"featured_media":199901,"comment_status":"closed","ping_status":"closed","sticky":false,"template":"","format":"standard","meta":{"om_disable_all_campaigns":false,"_monsterinsights_skip_tracking":false,"_monsterinsights_sitenote_active":false,"_monsterinsights_sitenote_note":"","_monsterinsights_sitenote_category":0},"categories":[26],"tags":[],"aioseo_notices":[],"gutentor_comment":0,"rttpg_featured_image_url":{"full":["https:\/\/arantv.az\/wp-content\/uploads\/2020\/08\/2020-08-04_081853.jpg",620,349,false],"landscape":["https:\/\/arantv.az\/wp-content\/uploads\/2020\/08\/2020-08-04_081853.jpg",620,349,false],"portraits":["https:\/\/arantv.az\/wp-content\/uploads\/2020\/08\/2020-08-04_081853.jpg",620,349,false],"thumbnail":["https:\/\/arantv.az\/wp-content\/uploads\/2020\/08\/2020-08-04_081853-150x150.jpg",150,150,true],"medium":["https:\/\/arantv.az\/wp-content\/uploads\/2020\/08\/2020-08-04_081853-300x169.jpg",300,169,true],"large":["https:\/\/arantv.az\/wp-content\/uploads\/2020\/08\/2020-08-04_081853.jpg",620,349,false],"1536x1536":["https:\/\/arantv.az\/wp-content\/uploads\/2020\/08\/2020-08-04_081853.jpg",620,349,false],"2048x2048":["https:\/\/arantv.az\/wp-content\/uploads\/2020\/08\/2020-08-04_081853.jpg",620,349,false],"post-thumbnail":["https:\/\/arantv.az\/wp-content\/uploads\/2020\/08\/2020-08-04_081853-240x172.jpg",240,172,true],"advps-thumb-one":["https:\/\/arantv.az\/wp-content\/uploads\/2020\/08\/2020-08-04_081853.jpg",620,349,false]},"rttpg_author":{"display_name":"V\u00fcsal Rafiqo\u011flu","author_link":"https:\/\/arantv.az\/?author=2"},"rttpg_comment":0,"rttpg_category":"<a href=\"https:\/\/arantv.az\/?cat=26\" rel=\"category\">Sosial<\/a>","rttpg_excerpt":"Polis x\u00fcsusi karantin rejimi elan edil\u0259n rayonlarda reydl\u0259r ke\u00e7irib. Bununla ba\u011fl\u0131 Daxili \u0130\u015fl\u0259r Nazirliyinin M\u0259tbuat xidm\u0259tinin G\u0259nc\u0259 regional qrupu m\u0259lumat yay\u0131b. Bildirilib ki, x\u00fcsusi karantin rejiminin q\u00fcvv\u0259d\u0259 oldu\u011fu G\u00f6yg\u00f6l v\u0259 Goranboy rayonlar\u0131nda polis \u0259m\u0259kda\u015flar\u0131 t\u0259r\u0259find\u0259n koronavirusun ku\u0308tl\u0259vi yay\u0131lmas\u0131n\u0131n qars\u0327\u0131s\u0131n\u0131n al\u0131nmas\u0131 m\u0259qs\u0259dil\u0259 qapal\u0131 m\u0259kanlarda, o c\u00fcml\u0259d\u0259n, iri supermarketl\u0259rd\u0259 gu\u0308cl\u0259ndirilmis\u0327 ku\u0308tl\u0259vi n\u0259zar\u0259t-profilaktik t\u0259dbirl\u0259ri davam etdirilir. Superm\u0259rketl\u0259rd\u0259 sosial&hellip;","_links":{"self":[{"href":"https:\/\/arantv.az\/index.php?rest_route=\/wp\/v2\/posts\/199900"}],"collection":[{"href":"https:\/\/arantv.az\/index.php?rest_route=\/wp\/v2\/posts"}],"about":[{"href":"https:\/\/arantv.az\/index.php?rest_route=\/wp\/v2\/types\/post"}],"author":[{"embeddable":true,"href":"https:\/\/arantv.az\/index.php?rest_route=\/wp\/v2\/users\/2"}],"replies":[{"embeddable":true,"href":"https:\/\/arantv.az\/index.php?rest_route=%2Fwp%2Fv2%2Fcomments&post=199900"}],"version-history":[{"count":0,"href":"https:\/\/arantv.az\/index.php?rest_route=\/wp\/v2\/posts\/199900\/revisions"}],"wp:featuredmedia":[{"embeddable":true,"href":"https:\/\/arantv.az\/index.php?rest_route=\/wp\/v2\/media\/199901"}],"wp:attachment":[{"href":"https:\/\/arantv.az\/index.php?rest_route=%2Fwp%2Fv2%2Fmedia&parent=199900"}],"wp:term":[{"taxonomy":"category","embeddable":true,"href":"https:\/\/arantv.az\/index.php?rest_route=%2Fwp%2Fv2%2Fcategories&post=199900"},{"taxonomy":"post_tag","embeddable":true,"href":"https:\/\/arantv.az\/index.php?rest_route=%2Fwp%2Fv2%2Ftags&post=199900"}],"curies":[{"name":"wp","href":"https:\/\/api.w.org\/{rel}","templated":true}]}}