{"id":199912,"date":"2020-08-04T08:50:19","date_gmt":"2020-08-04T05:50:19","guid":{"rendered":"http:\/\/arantv.az\/?p=199912"},"modified":"2020-08-04T08:50:19","modified_gmt":"2020-08-04T05:50:19","slug":"metro-bu-tarix%c9%99d%c9%99k-bagli-qalacaq","status":"publish","type":"post","link":"https:\/\/arantv.az\/?p=199912","title":{"rendered":"Metro bu tarix\u0259d\u0259k ba\u011fl\u0131 qalacaq"},"content":{"rendered":"<p>\u201cX\u00fcsusi karantin rejiminin t\u0259tbiqi il\u0259 \u0259laq\u0259dar 31 avqust tarixin\u0259 q\u0259d\u0259r metronun ba\u011fl\u0131 qalmas\u0131 q\u00fcvv\u0259d\u0259 saxlan\u0131l\u0131r\u201d.<\/p>\n<p>ARANTV.AZ x\u0259b\u0259r verir ki, bunu bu g\u00fcn ke\u00e7iril\u0259n brifinqd\u0259 Prezidentin k\u00f6m\u0259k\u00e7isi Hikm\u0259t Hac\u0131yev deyib:<\/p>\n<p>\u201cBurada s\u0131rf texniki-epidemioloji, o c\u00fcml\u0259d\u0259n d\u0259 metronun bilavasit\u0259 ventilyasiya sistemi il\u0259 \u0259laq\u0259dar olan m\u0259qamlar var. Ekspertl\u0259r r\u0259yi ondan ibar\u0259tdir ki, yeralt\u0131, dar v\u0259 m\u0259rk\u0259zl\u0259\u015fmi\u015f ventilyasiya sistemi olan bir \u015f\u0259raitd\u0259 virusun t\u0259krar\u0259n h\u0259r\u0259k\u0259t etm\u0259si v\u0259 n\u0259tic\u0259 etibari il\u0259 yoluxma miqyas\u0131n\u0131n artmas\u0131 \u00fczr\u0259 prosesl\u0259r ba\u015f ver\u0259 bil\u0259r ki, bu halda metronun i\u015f\u0259 sal\u0131nmas\u0131 m\u0259qs\u0259d\u0259uy\u011fun hesab olunmur. Ona g\u00f6r\u0259 Bak\u0131 N\u0259qliyyat Agentliyi qar\u015f\u0131s\u0131nda bu tap\u015f\u0131r\u0131lqar qoyulub ki, avtobus x\u0259tl\u0259rind\u0259 saylar art\u0131r\u0131ls\u0131n, pik saatlarda s\u0131xl\u0131q yaranarsa, bunun qar\u015f\u0131s\u0131n\u0131n al\u0131nmas\u0131 \u00fc\u00e7\u00fcn \u0259lav\u0259 t\u0259dbirl\u0259r g\u00f6r\u00fcls\u00fcn\u201d.Ax\u015fam.az<\/p>\n","protected":false},"excerpt":{"rendered":"<p>\u201cX\u00fcsusi karantin rejiminin t\u0259tbiqi il\u0259 \u0259laq\u0259dar 31 avqust tarixin\u0259 q\u0259d\u0259r metronun ba\u011fl\u0131 qalmas\u0131 q\u00fcvv\u0259d\u0259 saxlan\u0131l\u0131r\u201d. ARANTV.AZ x\u0259b\u0259r verir ki, bunu bu g\u00fcn ke\u00e7iril\u0259n brifinqd\u0259 Prezidentin k\u00f6m\u0259k\u00e7isi Hikm\u0259t Hac\u0131yev deyib: \u201cBurada s\u0131rf texniki-epidemioloji, o c\u00fcml\u0259d\u0259n d\u0259 metronun bilavasit\u0259 ventilyasiya sistemi il\u0259 \u0259laq\u0259dar olan m\u0259qamlar var. Ekspertl\u0259r r\u0259yi ondan ibar\u0259tdir ki, yeralt\u0131, dar v\u0259 m\u0259rk\u0259zl\u0259\u015fmi\u015f ventilyasiya sistemi olan bir \u015f\u0259raitd\u0259 virusun t\u0259krar\u0259n h\u0259r\u0259k\u0259t etm\u0259si v\u0259 n\u0259tic\u0259 etibari il\u0259 yoluxma miqyas\u0131n\u0131n artmas\u0131 \u00fczr\u0259 prosesl\u0259r ba\u015f ver\u0259 bil\u0259r ki, bu halda metronun i\u015f\u0259 sal\u0131nmas\u0131 m\u0259qs\u0259d\u0259uy\u011fun hesab olunmur. Ona g\u00f6r\u0259 Bak\u0131 N\u0259qliyyat Agentliyi qar\u015f\u0131s\u0131nda bu&hellip;<\/p>\n","protected":false},"author":2,"featured_media":199913,"comment_status":"closed","ping_status":"closed","sticky":false,"template":"","format":"standard","meta":{"om_disable_all_campaigns":false,"_monsterinsights_skip_tracking":false,"_monsterinsights_sitenote_active":false,"_monsterinsights_sitenote_note":"","_monsterinsights_sitenote_category":0},"categories":[26],"tags":[],"aioseo_notices":[],"gutentor_comment":0,"rttpg_featured_image_url":{"full":["https:\/\/arantv.az\/wp-content\/uploads\/2020\/08\/204253_poy6mxop6y.jpg",1000,625,false],"landscape":["https:\/\/arantv.az\/wp-content\/uploads\/2020\/08\/204253_poy6mxop6y.jpg",1000,625,false],"portraits":["https:\/\/arantv.az\/wp-content\/uploads\/2020\/08\/204253_poy6mxop6y.jpg",1000,625,false],"thumbnail":["https:\/\/arantv.az\/wp-content\/uploads\/2020\/08\/204253_poy6mxop6y-150x150.jpg",150,150,true],"medium":["https:\/\/arantv.az\/wp-content\/uploads\/2020\/08\/204253_poy6mxop6y-300x188.jpg",300,188,true],"large":["https:\/\/arantv.az\/wp-content\/uploads\/2020\/08\/204253_poy6mxop6y.jpg",640,400,false],"1536x1536":["https:\/\/arantv.az\/wp-content\/uploads\/2020\/08\/204253_poy6mxop6y.jpg",1000,625,false],"2048x2048":["https:\/\/arantv.az\/wp-content\/uploads\/2020\/08\/204253_poy6mxop6y.jpg",1000,625,false],"post-thumbnail":["https:\/\/arantv.az\/wp-content\/uploads\/2020\/08\/204253_poy6mxop6y-240x172.jpg",240,172,true],"advps-thumb-one":["https:\/\/arantv.az\/wp-content\/uploads\/2020\/08\/204253_poy6mxop6y-1000x620.jpg",1000,620,true]},"rttpg_author":{"display_name":"V\u00fcsal Rafiqo\u011flu","author_link":"https:\/\/arantv.az\/?author=2"},"rttpg_comment":0,"rttpg_category":"<a href=\"https:\/\/arantv.az\/?cat=26\" rel=\"category\">Sosial<\/a>","rttpg_excerpt":"\u201cX\u00fcsusi karantin rejiminin t\u0259tbiqi il\u0259 \u0259laq\u0259dar 31 avqust tarixin\u0259 q\u0259d\u0259r metronun ba\u011fl\u0131 qalmas\u0131 q\u00fcvv\u0259d\u0259 saxlan\u0131l\u0131r\u201d. ARANTV.AZ x\u0259b\u0259r verir ki, bunu bu g\u00fcn ke\u00e7iril\u0259n brifinqd\u0259 Prezidentin k\u00f6m\u0259k\u00e7isi Hikm\u0259t Hac\u0131yev deyib: \u201cBurada s\u0131rf texniki-epidemioloji, o c\u00fcml\u0259d\u0259n d\u0259 metronun bilavasit\u0259 ventilyasiya sistemi il\u0259 \u0259laq\u0259dar olan m\u0259qamlar var. Ekspertl\u0259r r\u0259yi ondan ibar\u0259tdir ki, yeralt\u0131, dar v\u0259 m\u0259rk\u0259zl\u0259\u015fmi\u015f ventilyasiya sistemi&hellip;","_links":{"self":[{"href":"https:\/\/arantv.az\/index.php?rest_route=\/wp\/v2\/posts\/199912"}],"collection":[{"href":"https:\/\/arantv.az\/index.php?rest_route=\/wp\/v2\/posts"}],"about":[{"href":"https:\/\/arantv.az\/index.php?rest_route=\/wp\/v2\/types\/post"}],"author":[{"embeddable":true,"href":"https:\/\/arantv.az\/index.php?rest_route=\/wp\/v2\/users\/2"}],"replies":[{"embeddable":true,"href":"https:\/\/arantv.az\/index.php?rest_route=%2Fwp%2Fv2%2Fcomments&post=199912"}],"version-history":[{"count":0,"href":"https:\/\/arantv.az\/index.php?rest_route=\/wp\/v2\/posts\/199912\/revisions"}],"wp:featuredmedia":[{"embeddable":true,"href":"https:\/\/arantv.az\/index.php?rest_route=\/wp\/v2\/media\/199913"}],"wp:attachment":[{"href":"https:\/\/arantv.az\/index.php?rest_route=%2Fwp%2Fv2%2Fmedia&parent=199912"}],"wp:term":[{"taxonomy":"category","embeddable":true,"href":"https:\/\/arantv.az\/index.php?rest_route=%2Fwp%2Fv2%2Fcategories&post=199912"},{"taxonomy":"post_tag","embeddable":true,"href":"https:\/\/arantv.az\/index.php?rest_route=%2Fwp%2Fv2%2Ftags&post=199912"}],"curies":[{"name":"wp","href":"https:\/\/api.w.org\/{rel}","templated":true}]}}