{"id":199920,"date":"2020-08-04T09:01:39","date_gmt":"2020-08-04T06:01:39","guid":{"rendered":"http:\/\/arantv.az\/?p=199920"},"modified":"2020-08-04T09:01:39","modified_gmt":"2020-08-04T06:01:39","slug":"bakida-28-yasli-g%c9%99nc-q%c9%99tl%c9%99-yetirildi","status":"publish","type":"post","link":"https:\/\/arantv.az\/?p=199920","title":{"rendered":"Bak\u0131da 28 ya\u015fl\u0131 g\u0259nc q\u0259tl\u0259 yetirildi"},"content":{"rendered":"<p>Avqustun 3-d\u0259 saat 18 rad\u0259l\u0259rind\u0259 Bak\u0131n\u0131n N\u0259rimanov rayonunun \u0259razisind\u0259 1992-ci il t\u0259v\u0259ll\u00fcdl\u00fc R\u0259\u015fad Sad\u0131qovun b\u0131\u00e7aqlanmas\u0131 v\u0259 ald\u0131\u011f\u0131 x\u0259sar\u0259tl\u0259rd\u0259n x\u0259st\u0259xanada \u00f6lm\u0259si bar\u0259d\u0259 m\u0259lumat daxil olub.<\/p>\n<p>N\u0259rimanov Rayon Prokurorlu\u011fundan veril\u0259n x\u0259b\u0259r\u0259 g\u00f6r\u0259, d\u0259rhal prokurorluq \u0259m\u0259kda\u015flar\u0131 t\u0259r\u0259find\u0259n m\u0259hk\u0259m\u0259-tibb ekspertinin i\u015ftirak\u0131 il\u0259 hadis\u0259 yerin\u0259 v\u0259 meyit\u0259 bax\u0131\u015f ke\u00e7irilib, dig\u0259r prosessual h\u0259r\u0259k\u0259tl\u0259r yerin\u0259 yetirilib.<\/p>\n<p>Faktla ba\u011fl\u0131 N\u0259rimanov Rayon Prokurorlu\u011funda Cinay\u0259t M\u0259c\u0259ll\u0259sinin 120.1-ci (q\u0259sd\u0259n adam \u00f6ld\u00fcrm\u0259) madd\u0259si il\u0259 cinay\u0259t i\u015fin\u0259 ba\u015flan\u0131l\u0131b, m\u00fcvafiq ekspertizalar t\u0259yin edilib.<\/p>\n<p>\u0130stintaqla hadis\u0259nin z\u0259r\u0259r\u00e7\u0259kmi\u015fin tan\u0131\u015f\u0131 &#8211; 1992-ci il t\u0259v\u0259ll\u00fcdl\u00fc \u0130mam\u0259li X\u0131d\u0131rov t\u0259r\u0259find\u0259n \u015f\u0259xsi m\u00fcnasib\u0259tl\u0259r z\u0259minind\u0259 aralar\u0131nda yaranm\u0131\u015f m\u00fcnaqi\u015f\u0259 zaman\u0131 t\u00f6r\u0259dilm\u0259sin\u0259 \u0259sasl\u0131 \u015f\u00fcbh\u0259l\u0259r m\u00fc\u0259yy\u0259n edildiyind\u0259n o, \u015f\u00fcbh\u0259li \u015f\u0259xs qismind\u0259 tutularaq istintaqa c\u0259lb edilib.<\/p>\n<p>Haz\u0131rda i\u015f \u00fczr\u0259 z\u0259ruri istintaq t\u0259dbirl\u0259ri h\u0259yata ke\u00e7irilir.<\/p>\n","protected":false},"excerpt":{"rendered":"<p>Avqustun 3-d\u0259 saat 18 rad\u0259l\u0259rind\u0259 Bak\u0131n\u0131n N\u0259rimanov rayonunun \u0259razisind\u0259 1992-ci il t\u0259v\u0259ll\u00fcdl\u00fc R\u0259\u015fad Sad\u0131qovun b\u0131\u00e7aqlanmas\u0131 v\u0259 ald\u0131\u011f\u0131 x\u0259sar\u0259tl\u0259rd\u0259n x\u0259st\u0259xanada \u00f6lm\u0259si bar\u0259d\u0259 m\u0259lumat daxil olub. N\u0259rimanov Rayon Prokurorlu\u011fundan veril\u0259n x\u0259b\u0259r\u0259 g\u00f6r\u0259, d\u0259rhal prokurorluq \u0259m\u0259kda\u015flar\u0131 t\u0259r\u0259find\u0259n m\u0259hk\u0259m\u0259-tibb ekspertinin i\u015ftirak\u0131 il\u0259 hadis\u0259 yerin\u0259 v\u0259 meyit\u0259 bax\u0131\u015f ke\u00e7irilib, dig\u0259r prosessual h\u0259r\u0259k\u0259tl\u0259r yerin\u0259 yetirilib. Faktla ba\u011fl\u0131 N\u0259rimanov Rayon Prokurorlu\u011funda Cinay\u0259t M\u0259c\u0259ll\u0259sinin 120.1-ci (q\u0259sd\u0259n adam \u00f6ld\u00fcrm\u0259) madd\u0259si il\u0259 cinay\u0259t i\u015fin\u0259 ba\u015flan\u0131l\u0131b, m\u00fcvafiq ekspertizalar t\u0259yin edilib. \u0130stintaqla hadis\u0259nin z\u0259r\u0259r\u00e7\u0259kmi\u015fin tan\u0131\u015f\u0131 &#8211; 1992-ci il t\u0259v\u0259ll\u00fcdl\u00fc \u0130mam\u0259li X\u0131d\u0131rov t\u0259r\u0259find\u0259n \u015f\u0259xsi m\u00fcnasib\u0259tl\u0259r z\u0259minind\u0259 aralar\u0131nda yaranm\u0131\u015f m\u00fcnaqi\u015f\u0259 zaman\u0131 t\u00f6r\u0259dilm\u0259sin\u0259 \u0259sasl\u0131 \u015f\u00fcbh\u0259l\u0259r&hellip;<\/p>\n","protected":false},"author":2,"featured_media":199921,"comment_status":"closed","ping_status":"closed","sticky":false,"template":"","format":"standard","meta":{"om_disable_all_campaigns":false,"_monsterinsights_skip_tracking":false,"_monsterinsights_sitenote_active":false,"_monsterinsights_sitenote_note":"","_monsterinsights_sitenote_category":0},"categories":[3],"tags":[],"aioseo_notices":[],"gutentor_comment":0,"rttpg_featured_image_url":{"full":["https:\/\/arantv.az\/wp-content\/uploads\/2020\/08\/meyit.jpg",620,335,false],"landscape":["https:\/\/arantv.az\/wp-content\/uploads\/2020\/08\/meyit.jpg",620,335,false],"portraits":["https:\/\/arantv.az\/wp-content\/uploads\/2020\/08\/meyit.jpg",620,335,false],"thumbnail":["https:\/\/arantv.az\/wp-content\/uploads\/2020\/08\/meyit-150x150.jpg",150,150,true],"medium":["https:\/\/arantv.az\/wp-content\/uploads\/2020\/08\/meyit-300x162.jpg",300,162,true],"large":["https:\/\/arantv.az\/wp-content\/uploads\/2020\/08\/meyit.jpg",620,335,false],"1536x1536":["https:\/\/arantv.az\/wp-content\/uploads\/2020\/08\/meyit.jpg",620,335,false],"2048x2048":["https:\/\/arantv.az\/wp-content\/uploads\/2020\/08\/meyit.jpg",620,335,false],"post-thumbnail":["https:\/\/arantv.az\/wp-content\/uploads\/2020\/08\/meyit-240x172.jpg",240,172,true],"advps-thumb-one":["https:\/\/arantv.az\/wp-content\/uploads\/2020\/08\/meyit.jpg",620,335,false]},"rttpg_author":{"display_name":"V\u00fcsal Rafiqo\u011flu","author_link":"https:\/\/arantv.az\/?author=2"},"rttpg_comment":0,"rttpg_category":"<a href=\"https:\/\/arantv.az\/?cat=3\" rel=\"category\">Kriminal<\/a>","rttpg_excerpt":"Avqustun 3-d\u0259 saat 18 rad\u0259l\u0259rind\u0259 Bak\u0131n\u0131n N\u0259rimanov rayonunun \u0259razisind\u0259 1992-ci il t\u0259v\u0259ll\u00fcdl\u00fc R\u0259\u015fad Sad\u0131qovun b\u0131\u00e7aqlanmas\u0131 v\u0259 ald\u0131\u011f\u0131 x\u0259sar\u0259tl\u0259rd\u0259n x\u0259st\u0259xanada \u00f6lm\u0259si bar\u0259d\u0259 m\u0259lumat daxil olub. N\u0259rimanov Rayon Prokurorlu\u011fundan veril\u0259n x\u0259b\u0259r\u0259 g\u00f6r\u0259, d\u0259rhal prokurorluq \u0259m\u0259kda\u015flar\u0131 t\u0259r\u0259find\u0259n m\u0259hk\u0259m\u0259-tibb ekspertinin i\u015ftirak\u0131 il\u0259 hadis\u0259 yerin\u0259 v\u0259 meyit\u0259 bax\u0131\u015f ke\u00e7irilib, dig\u0259r prosessual h\u0259r\u0259k\u0259tl\u0259r yerin\u0259 yetirilib. Faktla ba\u011fl\u0131 N\u0259rimanov Rayon Prokurorlu\u011funda Cinay\u0259t&hellip;","_links":{"self":[{"href":"https:\/\/arantv.az\/index.php?rest_route=\/wp\/v2\/posts\/199920"}],"collection":[{"href":"https:\/\/arantv.az\/index.php?rest_route=\/wp\/v2\/posts"}],"about":[{"href":"https:\/\/arantv.az\/index.php?rest_route=\/wp\/v2\/types\/post"}],"author":[{"embeddable":true,"href":"https:\/\/arantv.az\/index.php?rest_route=\/wp\/v2\/users\/2"}],"replies":[{"embeddable":true,"href":"https:\/\/arantv.az\/index.php?rest_route=%2Fwp%2Fv2%2Fcomments&post=199920"}],"version-history":[{"count":0,"href":"https:\/\/arantv.az\/index.php?rest_route=\/wp\/v2\/posts\/199920\/revisions"}],"wp:featuredmedia":[{"embeddable":true,"href":"https:\/\/arantv.az\/index.php?rest_route=\/wp\/v2\/media\/199921"}],"wp:attachment":[{"href":"https:\/\/arantv.az\/index.php?rest_route=%2Fwp%2Fv2%2Fmedia&parent=199920"}],"wp:term":[{"taxonomy":"category","embeddable":true,"href":"https:\/\/arantv.az\/index.php?rest_route=%2Fwp%2Fv2%2Fcategories&post=199920"},{"taxonomy":"post_tag","embeddable":true,"href":"https:\/\/arantv.az\/index.php?rest_route=%2Fwp%2Fv2%2Ftags&post=199920"}],"curies":[{"name":"wp","href":"https:\/\/api.w.org\/{rel}","templated":true}]}}