{"id":199930,"date":"2020-08-04T09:09:57","date_gmt":"2020-08-04T06:09:57","guid":{"rendered":"http:\/\/arantv.az\/?p=199930"},"modified":"2020-08-04T09:09:57","modified_gmt":"2020-08-04T06:09:57","slug":"%c9%99haliy%c9%99-pulsuz-maska-paylanildi-foto","status":"publish","type":"post","link":"https:\/\/arantv.az\/?p=199930","title":{"rendered":"\u018fhaliy\u0259 pulsuz maska paylan\u0131ld\u0131 &#8211; FOTO"},"content":{"rendered":"<p>Koronavirus (COVID-19) pandemiyas\u0131 il\u0259 m\u00fcbariz\u0259 t\u0259dbirl\u0259rin\u0259 d\u0259st\u0259k m\u0259qs\u0259dil\u0259 d\u00f6vl\u0259t-biznes \u0259m\u0259kda\u015fl\u0131\u011f\u0131 \u00e7\u0259r\u00e7iv\u0259sind\u0259 sosial aksiyaya start verilib.<\/p>\n<p>\u0130qtisadiyyat Nazirliyinin t\u0259\u015f\u0259bb\u00fcs\u00fc, Ki\u00e7ik v\u0259 Orta Biznesin \u0130nki\u015faf\u0131 Agentliyinin (KOB\u0130A) t\u0259\u015fkilat\u00e7\u0131l\u0131\u011f\u0131, \u201cM\u0259tan\u0259t A\u201d\u00a0\u015firk\u0259tinin d\u0259st\u0259yi il\u0259 paytaxt Bak\u0131da v\u0259 \u00f6lk\u0259 regionlar\u0131nda h\u0259yata ke\u00e7irilmi\u015f maarifl\u0259ndirici aksiya \u00e7\u0259r\u00e7iv\u0259sind\u0259 v\u0259t\u0259nda\u015flara koronavirus infeksiyas\u0131ndan qorunmaq \u00fc\u00e7\u00fcn tibbi maska paylan\u0131l\u0131b, x\u00fcsusi karantin rejimi qaydalar\u0131na dair maarifl\u0259ndirici s\u00f6hb\u0259tl\u0259r apar\u0131l\u0131b.<\/p>\n<p>\u0130yulun 21-d\u0259n start g\u00f6t\u00fcr\u0259n aksiya Bak\u0131 \u015f\u0259h\u0259rind\u0259, Ab\u015feron v\u0259 Qazax rayonlar\u0131nda ba\u015f tutub. \u201cM\u0259tan\u0259t A\u201d \u015firk\u0259tinin \u0259m\u0259kda\u015flar\u0131 v\u0259 KOB k\u00f6n\u00fcll\u00fcl\u0259ri\u00a0v\u0259t\u0259nda\u015flar\u0131n daha \u00e7ox oldu\u011fu xidm\u0259t, ticar\u0259t v\u0259 ictimai ia\u015f\u0259 obyektl\u0259rin\u0259 yax\u0131n yerl\u0259rd\u0259 tibbi maska paylay\u0131b, koronavirus infeksiyas\u0131n\u0131n profilaktikas\u0131na dair \u0259trafl\u0131 m\u0259lumat veribl\u0259r.<\/p>\n<div id=\"AdviadNativeVideo0\" class=\"AdviadNativeVideo\"><\/div>\n<p>Qeyd etm\u0259k laz\u0131md\u0131r ki, pandemiya m\u00fcdd\u0259tind\u0259 \u201cM\u0259tan\u0259t A\u201d \u015firk\u0259tind\u0259 korporativ m\u0259suliyy\u0259t v\u0259 virusla m\u00fcbariz\u0259 \u0259n y\u00fcks\u0259k s\u0259viyy\u0259d\u0259 olub.\u00a0H\u0259l\u0259 virusun ilk yaranma vaxtlar\u0131ndan etibar\u0259n \u015firk\u0259tin b\u00fct\u00fcn inzibati binalar\u0131nda, zavodlar\u0131nda x\u00fcsusi qabaqlay\u0131c\u0131 t\u0259dbirl\u0259r\u0259 start verilib. Bel\u0259 ki, h\u0259r bir \u0259m\u0259kda\u015f i\u015f\u0259 g\u0259ldiyi vaxt onun temperaturu \u00f6l\u00e7\u00fcl\u00fcr, x\u00fcsusi dezinfeksiya madd\u0259l\u0259rind\u0259n istifad\u0259 etm\u0259kl\u0259, maska v\u0259 baxill\u0259 t\u0259min edilir v\u0259 daha sonra i\u015f prosesin\u0259 daxil olur. Bundan ba\u015fqa, h\u0259r h\u0259ft\u0259 b\u00fct\u00fcn zavod v\u0259 inzibati binalar dezinfeksiya edilir.<\/p>\n<p>X\u00fcsusi h\u0259kim biriqadas\u0131 v\u0259 m\u0259lumatland\u0131r\u0131c\u0131 l\u00f6vh\u0259l\u0259r vasit\u0259sil\u0259 \u0259m\u0259kda\u015flar aras\u0131nda maarifl\u0259ndirm\u0259 i\u015fl\u0259ri apar\u0131l\u0131r v\u0259 bununla da pandemiyayla m\u00fcbariz\u0259d\u0259 d\u00f6vl\u0259tin h\u0259yata ke\u00e7irdiyi maarifl\u0259ndirm\u0259 i\u015fl\u0259rin\u0259 d\u0259st\u0259k g\u00f6st\u0259rilir. M\u0259hz bu tip t\u0259dbirl\u0259rin davam\u0131 olaraq \u201cM\u0259tan\u0259t A\u201d \u015firk\u0259tinin zavod v\u0259 istehsal m\u00fc\u0259ssis\u0259l\u0259rinin c\u0259ml\u0259ndiyi \u00fc\u00e7\u00a0\u015f\u0259h\u0259rd\u0259 ke\u00e7iril\u0259n aksiya zaman\u0131 5000-d\u0259n \u00e7ox tibbi maska paylan\u0131l\u0131b\u00a0v\u0259 geni\u015f ictimaiyy\u0259t infeksiyan\u0131n profilaktikas\u0131 haqq\u0131nda \u0259lav\u0259 m\u0259lumat \u0259ld\u0259 edib.<\/p>\n<div class=\"gallery\">\n<div class=\"gallery-i\"><img src=\"https:\/\/cdn.oxu.az\/uploads\/W1siZiIsIjIwMjAvMDgvMDQvMDkvMzQvMjgvY2M0NGI4ZDAtZGUxYS00YTk2LWI0ZTktYWQxZmY5NTBjNmUzLzEuSlBHIl0sWyJwIiwiZW5jb2RlIiwianBnIiwiLXF1YWxpdHkgODAiXSxbInAiLCJ0aHVtYiIsIjU5MHg1OTBcdTAwM2UiXV0?sha=493f07f2777619f5\" \/><\/p>\n<div class=\"gallery-i-caption\"><\/div>\n<\/div>\n<div class=\"gallery-i\"><img src=\"https:\/\/cdn.oxu.az\/uploads\/W1siZiIsIjIwMjAvMDgvMDQvMDkvMzYvMjEvMzg2ZDBhMjktZDVjNC00NWM1LWFiNTYtNGE1OTMzZGIyYWY2LzUuSlBHIl0sWyJwIiwiZW5jb2RlIiwianBnIiwiLXF1YWxpdHkgODAiXSxbInAiLCJ0aHVtYiIsIjU5MHg1OTBcdTAwM2UiXV0?sha=580e1fd321559178\" \/><\/p>\n<div class=\"gallery-i-caption\"><\/div>\n<\/div>\n<div class=\"gallery-i\"><img src=\"https:\/\/cdn.oxu.az\/uploads\/W1siZiIsIjIwMjAvMDgvMDQvMDkvMzcvNDYvNmQ4ZWU3YzctOTE2Yy00OTg2LWFjYTUtMjZmMWQ3ZDM4MTE1LzIgKDIpLkpQRyJdLFsicCIsImVuY29kZSIsImpwZyIsIi1xdWFsaXR5IDgwIl0sWyJwIiwidGh1bWIiLCI1OTB4NTkwXHUwMDNlIl1d?sha=128813df9cf4f9e8\" \/><\/p>\n<div class=\"gallery-i-caption\"><\/div>\n<\/div>\n<div class=\"gallery-i\"><img src=\"https:\/\/cdn.oxu.az\/uploads\/W1siZiIsIjIwMjAvMDgvMDQvMDkvMzgvNDQvZDE3M2ZiOWQtZmU5NS00OTg3LTgyMTItMDVkMjg5N2MzZjNlLzYuSlBHIl0sWyJwIiwiZW5jb2RlIiwianBnIiwiLXF1YWxpdHkgODAiXSxbInAiLCJ0aHVtYiIsIjU5MHg1OTBcdTAwM2UiXV0?sha=843f9f03e6aba80d\" \/><\/p>\n<div class=\"gallery-i-caption\"><\/div>\n<\/div>\n<div class=\"gallery-i\"><img src=\"https:\/\/cdn.oxu.az\/uploads\/W1siZiIsIjIwMjAvMDgvMDQvMDkvMzkvMjkvYTczMDYzYjQtM2Y0NC00ZTMzLWJlOGYtZTNjNzFmZjk3ODgwLzcuSlBHIl0sWyJwIiwiZW5jb2RlIiwianBnIiwiLXF1YWxpdHkgODAiXSxbInAiLCJ0aHVtYiIsIjU5MHg1OTBcdTAwM2UiXV0?sha=e9eeafbe518aa7e2\" \/><\/div>\n<\/div>\n","protected":false},"excerpt":{"rendered":"<p>Koronavirus (COVID-19) pandemiyas\u0131 il\u0259 m\u00fcbariz\u0259 t\u0259dbirl\u0259rin\u0259 d\u0259st\u0259k m\u0259qs\u0259dil\u0259 d\u00f6vl\u0259t-biznes \u0259m\u0259kda\u015fl\u0131\u011f\u0131 \u00e7\u0259r\u00e7iv\u0259sind\u0259 sosial aksiyaya start verilib. \u0130qtisadiyyat Nazirliyinin t\u0259\u015f\u0259bb\u00fcs\u00fc, Ki\u00e7ik v\u0259 Orta Biznesin \u0130nki\u015faf\u0131 Agentliyinin (KOB\u0130A) t\u0259\u015fkilat\u00e7\u0131l\u0131\u011f\u0131, \u201cM\u0259tan\u0259t A\u201d\u00a0\u015firk\u0259tinin d\u0259st\u0259yi il\u0259 paytaxt Bak\u0131da v\u0259 \u00f6lk\u0259 regionlar\u0131nda h\u0259yata ke\u00e7irilmi\u015f maarifl\u0259ndirici aksiya \u00e7\u0259r\u00e7iv\u0259sind\u0259 v\u0259t\u0259nda\u015flara koronavirus infeksiyas\u0131ndan qorunmaq \u00fc\u00e7\u00fcn tibbi maska paylan\u0131l\u0131b, x\u00fcsusi karantin rejimi qaydalar\u0131na dair maarifl\u0259ndirici s\u00f6hb\u0259tl\u0259r apar\u0131l\u0131b. \u0130yulun 21-d\u0259n start g\u00f6t\u00fcr\u0259n aksiya Bak\u0131 \u015f\u0259h\u0259rind\u0259, Ab\u015feron v\u0259 Qazax rayonlar\u0131nda ba\u015f tutub. \u201cM\u0259tan\u0259t A\u201d \u015firk\u0259tinin \u0259m\u0259kda\u015flar\u0131 v\u0259 KOB k\u00f6n\u00fcll\u00fcl\u0259ri\u00a0v\u0259t\u0259nda\u015flar\u0131n daha \u00e7ox oldu\u011fu xidm\u0259t, ticar\u0259t v\u0259 ictimai ia\u015f\u0259 obyektl\u0259rin\u0259 yax\u0131n yerl\u0259rd\u0259 tibbi maska paylay\u0131b,&hellip;<\/p>\n","protected":false},"author":2,"featured_media":199931,"comment_status":"closed","ping_status":"closed","sticky":false,"template":"","format":"standard","meta":{"om_disable_all_campaigns":false,"_monsterinsights_skip_tracking":false,"_monsterinsights_sitenote_active":false,"_monsterinsights_sitenote_note":"","_monsterinsights_sitenote_category":0},"categories":[26],"tags":[],"aioseo_notices":[],"gutentor_comment":0,"rttpg_featured_image_url":{"full":["https:\/\/arantv.az\/wp-content\/uploads\/2020\/08\/600x400-\u00c9_sas-\u00c5_\u00c9_kil-1.jpg",600,400,false],"landscape":["https:\/\/arantv.az\/wp-content\/uploads\/2020\/08\/600x400-\u00c9_sas-\u00c5_\u00c9_kil-1.jpg",600,400,false],"portraits":["https:\/\/arantv.az\/wp-content\/uploads\/2020\/08\/600x400-\u00c9_sas-\u00c5_\u00c9_kil-1.jpg",600,400,false],"thumbnail":["https:\/\/arantv.az\/wp-content\/uploads\/2020\/08\/600x400-\u00c9_sas-\u00c5_\u00c9_kil-1-150x150.jpg",150,150,true],"medium":["https:\/\/arantv.az\/wp-content\/uploads\/2020\/08\/600x400-\u00c9_sas-\u00c5_\u00c9_kil-1-300x200.jpg",300,200,true],"large":["https:\/\/arantv.az\/wp-content\/uploads\/2020\/08\/600x400-\u00c9_sas-\u00c5_\u00c9_kil-1.jpg",600,400,false],"1536x1536":["https:\/\/arantv.az\/wp-content\/uploads\/2020\/08\/600x400-\u00c9_sas-\u00c5_\u00c9_kil-1.jpg",600,400,false],"2048x2048":["https:\/\/arantv.az\/wp-content\/uploads\/2020\/08\/600x400-\u00c9_sas-\u00c5_\u00c9_kil-1.jpg",600,400,false],"post-thumbnail":["https:\/\/arantv.az\/wp-content\/uploads\/2020\/08\/600x400-\u00c9_sas-\u00c5_\u00c9_kil-1-240x172.jpg",240,172,true],"advps-thumb-one":["https:\/\/arantv.az\/wp-content\/uploads\/2020\/08\/600x400-\u00c9_sas-\u00c5_\u00c9_kil-1.jpg",600,400,false]},"rttpg_author":{"display_name":"V\u00fcsal Rafiqo\u011flu","author_link":"https:\/\/arantv.az\/?author=2"},"rttpg_comment":0,"rttpg_category":"<a href=\"https:\/\/arantv.az\/?cat=26\" rel=\"category\">Sosial<\/a>","rttpg_excerpt":"Koronavirus (COVID-19) pandemiyas\u0131 il\u0259 m\u00fcbariz\u0259 t\u0259dbirl\u0259rin\u0259 d\u0259st\u0259k m\u0259qs\u0259dil\u0259 d\u00f6vl\u0259t-biznes \u0259m\u0259kda\u015fl\u0131\u011f\u0131 \u00e7\u0259r\u00e7iv\u0259sind\u0259 sosial aksiyaya start verilib. \u0130qtisadiyyat Nazirliyinin t\u0259\u015f\u0259bb\u00fcs\u00fc, Ki\u00e7ik v\u0259 Orta Biznesin \u0130nki\u015faf\u0131 Agentliyinin (KOB\u0130A) t\u0259\u015fkilat\u00e7\u0131l\u0131\u011f\u0131, \u201cM\u0259tan\u0259t A\u201d\u00a0\u015firk\u0259tinin d\u0259st\u0259yi il\u0259 paytaxt Bak\u0131da v\u0259 \u00f6lk\u0259 regionlar\u0131nda h\u0259yata ke\u00e7irilmi\u015f maarifl\u0259ndirici aksiya \u00e7\u0259r\u00e7iv\u0259sind\u0259 v\u0259t\u0259nda\u015flara koronavirus infeksiyas\u0131ndan qorunmaq \u00fc\u00e7\u00fcn tibbi maska paylan\u0131l\u0131b, x\u00fcsusi karantin rejimi qaydalar\u0131na dair maarifl\u0259ndirici s\u00f6hb\u0259tl\u0259r&hellip;","_links":{"self":[{"href":"https:\/\/arantv.az\/index.php?rest_route=\/wp\/v2\/posts\/199930"}],"collection":[{"href":"https:\/\/arantv.az\/index.php?rest_route=\/wp\/v2\/posts"}],"about":[{"href":"https:\/\/arantv.az\/index.php?rest_route=\/wp\/v2\/types\/post"}],"author":[{"embeddable":true,"href":"https:\/\/arantv.az\/index.php?rest_route=\/wp\/v2\/users\/2"}],"replies":[{"embeddable":true,"href":"https:\/\/arantv.az\/index.php?rest_route=%2Fwp%2Fv2%2Fcomments&post=199930"}],"version-history":[{"count":0,"href":"https:\/\/arantv.az\/index.php?rest_route=\/wp\/v2\/posts\/199930\/revisions"}],"wp:featuredmedia":[{"embeddable":true,"href":"https:\/\/arantv.az\/index.php?rest_route=\/wp\/v2\/media\/199931"}],"wp:attachment":[{"href":"https:\/\/arantv.az\/index.php?rest_route=%2Fwp%2Fv2%2Fmedia&parent=199930"}],"wp:term":[{"taxonomy":"category","embeddable":true,"href":"https:\/\/arantv.az\/index.php?rest_route=%2Fwp%2Fv2%2Fcategories&post=199930"},{"taxonomy":"post_tag","embeddable":true,"href":"https:\/\/arantv.az\/index.php?rest_route=%2Fwp%2Fv2%2Ftags&post=199930"}],"curies":[{"name":"wp","href":"https:\/\/api.w.org\/{rel}","templated":true}]}}