{"id":199934,"date":"2020-08-04T09:11:10","date_gmt":"2020-08-04T06:11:10","guid":{"rendered":"http:\/\/arantv.az\/?p=199934"},"modified":"2020-08-04T09:11:10","modified_gmt":"2020-08-04T06:11:10","slug":"f%c9%99ttah-heyd%c9%99rov-v%c9%99fat-etdi-yenil%c9%99nib-video","status":"publish","type":"post","link":"https:\/\/arantv.az\/?p=199934","title":{"rendered":"F\u0259ttah Heyd\u0259rov v\u0259fat etdi &#8211; YEN\u0130L\u018fN\u0130B + V\u0130DEO"},"content":{"rendered":"<p>Az\u0259rbaycan A\u011fsaqqallar \u015euras\u0131n\u0131n s\u0259dri, Milli M\u0259clisin deputat\u0131, parlamentin Hesablay\u0131c\u0131 Komissiyas\u0131n\u0131n s\u0259dri F\u0259ttah Heyd\u0259rovun n\u0259\u015finin d\u0259fn olunaca\u011f\u0131 m\u0259kan a\u00e7\u0131qlan\u0131b.<\/p>\n<p><b>ARANTV.AZ<\/b>-\u0131n m\u0259luamt\u0131na g\u00f6r\u0259, m\u0259rhum Birinci F\u0259xri xiyabanda d\u0259fn olunacaq.<\/p>\n<div><iframe loading=\"lazy\" src=\"https:\/\/www.youtube.com\/embed\/q1AqAyQWyuE\" width=\"560\" height=\"315\" frameborder=\"0\" allowfullscreen=\"allowfullscreen\" data-mce-fragment=\"1\"><\/iframe><\/div>\n<p><strong>09:29<\/strong><\/p>\n<p>Az\u0259rbaycan A\u011fsaqqallar \u015euras\u0131n\u0131n s\u0259dri, deputat, Parlamentin Hesablay\u0131c\u0131 komissiyas\u0131n\u0131n s\u0259dri F\u0259ttah Heyd\u0259rov v\u0259fat edib.<\/p>\n<p>BakuPost-un m\u0259lumat\u0131na g\u00f6r\u0259, o, bu g\u00fcn s\u0259h\u0259r\u0259 yax\u0131n h\u0259yata g\u00f6zl\u0259rini yumub.<\/p>\n<p>Qeyd ed\u0259k ki, F.Heyd\u0259rov F\u00f6vq\u0259lad\u0259 Hallar naziri, general-polkovnik K\u0259mal\u0259ddin Heyd\u0259rovun atas\u0131d\u0131r.<\/p>\n","protected":false},"excerpt":{"rendered":"<p>Az\u0259rbaycan A\u011fsaqqallar \u015euras\u0131n\u0131n s\u0259dri, Milli M\u0259clisin deputat\u0131, parlamentin Hesablay\u0131c\u0131 Komissiyas\u0131n\u0131n s\u0259dri F\u0259ttah Heyd\u0259rovun n\u0259\u015finin d\u0259fn olunaca\u011f\u0131 m\u0259kan a\u00e7\u0131qlan\u0131b. ARANTV.AZ-\u0131n m\u0259luamt\u0131na g\u00f6r\u0259, m\u0259rhum Birinci F\u0259xri xiyabanda d\u0259fn olunacaq. 09:29 Az\u0259rbaycan A\u011fsaqqallar \u015euras\u0131n\u0131n s\u0259dri, deputat, Parlamentin Hesablay\u0131c\u0131 komissiyas\u0131n\u0131n s\u0259dri F\u0259ttah Heyd\u0259rov v\u0259fat edib. BakuPost-un m\u0259lumat\u0131na g\u00f6r\u0259, o, bu g\u00fcn s\u0259h\u0259r\u0259 yax\u0131n h\u0259yata g\u00f6zl\u0259rini yumub. Qeyd ed\u0259k ki, F.Heyd\u0259rov F\u00f6vq\u0259lad\u0259 Hallar naziri, general-polkovnik K\u0259mal\u0259ddin Heyd\u0259rovun atas\u0131d\u0131r.<\/p>\n","protected":false},"author":2,"featured_media":199935,"comment_status":"closed","ping_status":"closed","sticky":false,"template":"","format":"standard","meta":{"om_disable_all_campaigns":false,"_monsterinsights_skip_tracking":false,"_monsterinsights_sitenote_active":false,"_monsterinsights_sitenote_note":"","_monsterinsights_sitenote_category":0},"categories":[5],"tags":[],"aioseo_notices":[],"gutentor_comment":0,"rttpg_featured_image_url":{"full":["https:\/\/arantv.az\/wp-content\/uploads\/2020\/08\/1591630770430_05L6FFP7-1.jpg",620,412,false],"landscape":["https:\/\/arantv.az\/wp-content\/uploads\/2020\/08\/1591630770430_05L6FFP7-1.jpg",620,412,false],"portraits":["https:\/\/arantv.az\/wp-content\/uploads\/2020\/08\/1591630770430_05L6FFP7-1.jpg",620,412,false],"thumbnail":["https:\/\/arantv.az\/wp-content\/uploads\/2020\/08\/1591630770430_05L6FFP7-1-150x150.jpg",150,150,true],"medium":["https:\/\/arantv.az\/wp-content\/uploads\/2020\/08\/1591630770430_05L6FFP7-1-300x199.jpg",300,199,true],"large":["https:\/\/arantv.az\/wp-content\/uploads\/2020\/08\/1591630770430_05L6FFP7-1.jpg",620,412,false],"1536x1536":["https:\/\/arantv.az\/wp-content\/uploads\/2020\/08\/1591630770430_05L6FFP7-1.jpg",620,412,false],"2048x2048":["https:\/\/arantv.az\/wp-content\/uploads\/2020\/08\/1591630770430_05L6FFP7-1.jpg",620,412,false],"post-thumbnail":["https:\/\/arantv.az\/wp-content\/uploads\/2020\/08\/1591630770430_05L6FFP7-1-240x172.jpg",240,172,true],"advps-thumb-one":["https:\/\/arantv.az\/wp-content\/uploads\/2020\/08\/1591630770430_05L6FFP7-1.jpg",620,412,false]},"rttpg_author":{"display_name":"V\u00fcsal Rafiqo\u011flu","author_link":"https:\/\/arantv.az\/?author=2"},"rttpg_comment":0,"rttpg_category":"<a href=\"https:\/\/arantv.az\/?cat=5\" rel=\"category\">Hadis\u0259<\/a>","rttpg_excerpt":"Az\u0259rbaycan A\u011fsaqqallar \u015euras\u0131n\u0131n s\u0259dri, Milli M\u0259clisin deputat\u0131, parlamentin Hesablay\u0131c\u0131 Komissiyas\u0131n\u0131n s\u0259dri F\u0259ttah Heyd\u0259rovun n\u0259\u015finin d\u0259fn olunaca\u011f\u0131 m\u0259kan a\u00e7\u0131qlan\u0131b. ARANTV.AZ-\u0131n m\u0259luamt\u0131na g\u00f6r\u0259, m\u0259rhum Birinci F\u0259xri xiyabanda d\u0259fn olunacaq. 09:29 Az\u0259rbaycan A\u011fsaqqallar \u015euras\u0131n\u0131n s\u0259dri, deputat, Parlamentin Hesablay\u0131c\u0131 komissiyas\u0131n\u0131n s\u0259dri F\u0259ttah Heyd\u0259rov v\u0259fat edib. BakuPost-un m\u0259lumat\u0131na g\u00f6r\u0259, o, bu g\u00fcn s\u0259h\u0259r\u0259 yax\u0131n h\u0259yata g\u00f6zl\u0259rini yumub. Qeyd ed\u0259k ki,&hellip;","_links":{"self":[{"href":"https:\/\/arantv.az\/index.php?rest_route=\/wp\/v2\/posts\/199934"}],"collection":[{"href":"https:\/\/arantv.az\/index.php?rest_route=\/wp\/v2\/posts"}],"about":[{"href":"https:\/\/arantv.az\/index.php?rest_route=\/wp\/v2\/types\/post"}],"author":[{"embeddable":true,"href":"https:\/\/arantv.az\/index.php?rest_route=\/wp\/v2\/users\/2"}],"replies":[{"embeddable":true,"href":"https:\/\/arantv.az\/index.php?rest_route=%2Fwp%2Fv2%2Fcomments&post=199934"}],"version-history":[{"count":0,"href":"https:\/\/arantv.az\/index.php?rest_route=\/wp\/v2\/posts\/199934\/revisions"}],"wp:featuredmedia":[{"embeddable":true,"href":"https:\/\/arantv.az\/index.php?rest_route=\/wp\/v2\/media\/199935"}],"wp:attachment":[{"href":"https:\/\/arantv.az\/index.php?rest_route=%2Fwp%2Fv2%2Fmedia&parent=199934"}],"wp:term":[{"taxonomy":"category","embeddable":true,"href":"https:\/\/arantv.az\/index.php?rest_route=%2Fwp%2Fv2%2Fcategories&post=199934"},{"taxonomy":"post_tag","embeddable":true,"href":"https:\/\/arantv.az\/index.php?rest_route=%2Fwp%2Fv2%2Ftags&post=199934"}],"curies":[{"name":"wp","href":"https:\/\/api.w.org\/{rel}","templated":true}]}}