{"id":199938,"date":"2020-08-04T09:12:59","date_gmt":"2020-08-04T06:12:59","guid":{"rendered":"http:\/\/arantv.az\/?p=199938"},"modified":"2020-08-04T09:12:59","modified_gmt":"2020-08-04T06:12:59","slug":"erm%c9%99nistan-az%c9%99rbaycan-h%c9%99rbi-munaqis%c9%99sinin-alovlanmasi-erm%c9%99nil%c9%99rin-fasist-xisl%c9%99tini-bir-daha-gost%c9%99rdi-deputat","status":"publish","type":"post","link":"https:\/\/arantv.az\/?p=199938","title":{"rendered":"&#8220;Erm\u0259nistan-Az\u0259rbaycan h\u0259rbi m\u00fcnaqi\u015f\u0259sinin alovlanmas\u0131 erm\u0259nil\u0259rin fa\u015fist xisl\u0259tini bir daha g\u00f6st\u0259rdi&#8221; &#8211; Deputat"},"content":{"rendered":"<blockquote><p><em><strong>Son d\u00f6vrl\u0259rd\u0259 Erm\u0259nistan-Az\u0259rbaycan aras\u0131nda olan h\u0259rbi m\u00fcnaqi\u015f\u0259nin alovlanmas\u0131 erm\u0259nil\u0259rin fa\u015fist v\u0259 qorxaq xisl\u0259tini bir daha g\u00f6st\u0259rdi. \u0130ki y\u00fcz ild\u0259n art\u0131qd\u0131r ki, erm\u0259ni-da\u015fnak quldur birl\u0259\u015fm\u0259l\u0259ri Az\u0259rbaycanl\u0131lara qar\u015f\u0131 q\u0259tliamlar h\u0259yata ke\u00e7irir, dinc \u0259haliy\u0259 divan tutur, &#8220;B\u00f6y\u00fck Erm\u0259nistan&#8221; yaratmaq x\u00fclyalar\u0131yla ya\u015fayaraq \u0259sl simalar\u0131n\u0131 ortaya qoyur. Dem\u0259k olar ki, son 100 il h\u0259myerlil\u0259rimizin taleyin\u0259 qa\u00e7q\u0131n v\u0259 m\u0259cburi k\u00f6\u00e7k\u00fcn h\u0259yat\u0131 ya\u015famaq yaz\u0131l\u0131b. Tarix d\u0259f\u0259l\u0259rl\u0259 erm\u0259nil\u0259rin dinc \u0259haliy\u0259 qar\u015f\u0131 m\u00fcharib\u0259sinin, soyq\u0131r\u0131m\u0131n \u015fahidi olub.<\/strong><\/em><\/p><\/blockquote>\n<p><strong>ARANTV.AZ<\/strong> x\u0259b\u0259r verir ki, bunu\u00a0<a href=\"https:\/\/az.trend.az\/\" target=\"_blank\" rel=\"noopener\">Trend<\/a>-\u0259 deputat Ceyhun M\u0259mm\u0259dov deyib.<\/p>\n<p>Deputat\u0131n s\u00f6zl\u0259rin\u0259 g\u00f6r\u0259, son hadis\u0259l\u0259rd\u0259 d\u0259 t\u0259cav\u00fczkar Erm\u0259nistan beyn\u0259lxalq h\u00fcququn \u0259sas norma v\u0259 prinsipl\u0259rini kobud \u015f\u0259kild\u0259 pozaraq dinc \u0259halinin s\u0131x ya\u015fad\u0131\u011f\u0131 \u0259razil\u0259ri at\u0259\u015f\u0259 tutmaqla m\u00fclki \u0259haliy\u0259 qar\u015f\u0131 m\u00fcxt\u0259lif cinay\u0259tl\u0259r h\u0259yata ke\u00e7irdi:<\/p>\n<p>&#8220;Bu t\u0259xribatlar n\u0259tic\u0259sind\u0259 Tovuz rayonu, A\u011fdam k\u0259nd sakini 76 ya\u015fl\u0131 \u018fzizov \u018fziz \u0130zz\u0259t o\u011flu ya\u015fad\u0131\u011f\u0131 evd\u0259 odlu silah m\u0259rmisinin at\u0131lmas\u0131 s\u0259b\u0259bi il\u0259 h\u0259lak oldu. Bu erm\u0259nil\u0259rin ilk bu c\u00fcr \u0259m\u0259li deyil. 2016-c\u0131 il aprel d\u00f6y\u00fc\u015fl\u0259rind\u0259 d\u0259 biz eyni prosesl\u0259rin \u015fahidi olmu\u015fduq. O zaman da erm\u0259ni h\u0259rbi birl\u0259\u015fm\u0259l\u0259ri dinc \u0259halini, ya\u015fay\u0131\u015f m\u0259sk\u0259nl\u0259rini,k\u0259ndl\u0259ri m\u00fcnt\u0259z\u0259m olaraq at\u0259\u015f\u0259 tuturdular.<\/p>\n<p>Lakin o zaman da Az\u0259rbaycan\u0131n q\u0259tiyy\u0259tli v\u0259 g\u00fccl\u00fc m\u00fcqavim\u0259ti qar\u015f\u0131s\u0131nda aciz qald\u0131lar.Onlar\u0131n m\u0259qs\u0259di b\u0259lli idi: B\u00f6lg\u0259d\u0259 asayi\u015fi pozmaq, m\u00fcnaqi\u015f\u0259 yaratmaq v\u0259 daha sonra z\u0259r\u0259r\u00e7\u0259k\u0259n t\u0259r\u0259f kimi Kollektiv T\u0259hl\u00fck\u0259sizlik M\u00fcqavil\u0259si T\u0259\u015fkilat\u0131 (KTMT) -y\u0259 m\u00fcraci\u0259t edib h\u0259rbi yard\u0131m ist\u0259m\u0259k. Erm\u0259nistan\u0131n h\u0259m ke\u00e7mi\u015f, h\u0259m indiki hakimiyy\u0259ti, h\u0259m\u00e7inin erm\u0259ni ictimaiyy\u0259tinin KTMT-y\u0259 \u00fczvl\u00fcy\u00fcnd\u0259n g\u00f6zl\u0259ntil\u0259ri \u0259sas\u0259n h\u0259rbil\u0259\u015fdirilmi\u015f g\u00f6zl\u0259ntil\u0259rdir. Erm\u0259nil\u0259rin \u0259ks\u0259riyy\u0259tinin g\u00f6zl\u0259dikl\u0259ri odur ki, Az\u0259rbaycan-Erm\u0259nistan s\u0259rh\u0259ddind\u0259ki h\u0259r bir m\u00fcnaqi\u015f\u0259d\u0259n sonra KTMT Az\u0259rbaycana qar\u015f\u0131 m\u00fc\u0259yy\u0259n t\u0259zyiql\u0259r etm\u0259lidir. Lakin KTMT \u00fczvl\u00fcy\u00fcnd\u0259 olan \u00f6lk\u0259l\u0259rin h\u0259r birinin Az\u0259rbaycanla yax\u015f\u0131 m\u00fcnasib\u0259tl\u0259ri v\u0259 h\u0259m\u00e7inin iqtisadi, siyas\u0131 maraqlar\u0131 var. T\u0259bii ki, bel\u0259 oldu\u011fu t\u0259qdird\u0259 bu \u00f6lk\u0259l\u0259rd\u0259n he\u00e7 biri Erm\u0259nistana g\u00f6r\u0259 Az\u0259rbaycanla m\u00fcnasib\u0259ti pozmaq ist\u0259m\u0259z. Buna g\u00f6r\u0259 d\u0259 , onlar\u0131n bura m\u00fcraci\u0259ti n\u0259tic\u0259siz qal\u0131r, Erm\u0259nistan g\u00f6zl\u0259diyi cavab\u0131 ala bilmir.<br \/>\nAz\u0259rbaycan bu g\u00fcn d\u00fcnyada beyn\u0259lxalq al\u0259m\u0259 s\u00fcr\u0259tli inteqrasiya ed\u0259n, \u00f6z d\u0259sti-x\u0259tti il\u0259 se\u00e7il\u0259n, iqtisadi v\u0259 siyasi sabitliyini qoruyub saxlaya bil\u0259n bir \u00f6lk\u0259dir. D\u00fcnya \u00f6lk\u0259l\u0259ri il\u0259 g\u00f6z\u0259l m\u00fcnasib\u0259tl\u0259ri var. Bu m\u00fcnaqi\u015f\u0259l\u0259r zaman\u0131 Az\u0259rbaycan\u0131 \u0130slam \u018fm\u0259kda\u015fl\u0131q T\u0259\u015fkilat\u0131, T\u00fckdilli D\u00f6vl\u0259tl\u0259rin \u018fm\u0259kda\u015fl\u0131q \u015euras\u0131, Qo\u015fulmama h\u0259r\u0259kat\u0131 yax\u0131ndan d\u0259st\u0259kl\u0259di.<\/p>\n<p>Qarda\u015f \u00f6lk\u0259 T\u00fcrkiy\u0259 n\u00f6vb\u0259ti d\u0259f\u0259 d\u0259 \u00f6z prinsipial, d\u0259yi\u015fm\u0259z m\u00f6vqeyini ortaya qoyub Az\u0259rbaycana yax\u0131ndan d\u0259st\u0259k oldu. T\u0259bii ki, b\u00fct\u00fcn bunlar \u00f6lk\u0259mizin son ill\u0259rd\u0259 artan iqtisadi, siyasi g\u00fcc\u00fcn\u00fcn, beyn\u0259lxalq al\u0259md\u0259ki n\u00fcfuzunun n\u0259tic\u0259sind\u0259dir. Erm\u0259nistan\u0131n beyn\u0259lxalq ictimaiyy\u0259t qar\u015f\u0131s\u0131ndak\u0131 d\u00fc\u015fd\u00fcy\u00fc aciz durum onlar\u0131n haqs\u0131z v\u0259 \u0259dal\u0259tsiz ist\u0259kl\u0259rinin yekunudur. \u018flb\u0259tt\u0259, bir g\u00fcn Az\u0259rbaycan bayra\u011f\u0131 onun tarixi torpaqlar\u0131nda dal\u011falanacqd\u0131r&#8221;.<\/p>\n","protected":false},"excerpt":{"rendered":"<p>Son d\u00f6vrl\u0259rd\u0259 Erm\u0259nistan-Az\u0259rbaycan aras\u0131nda olan h\u0259rbi m\u00fcnaqi\u015f\u0259nin alovlanmas\u0131 erm\u0259nil\u0259rin fa\u015fist v\u0259 qorxaq xisl\u0259tini bir daha g\u00f6st\u0259rdi. \u0130ki y\u00fcz ild\u0259n art\u0131qd\u0131r ki, erm\u0259ni-da\u015fnak quldur birl\u0259\u015fm\u0259l\u0259ri Az\u0259rbaycanl\u0131lara qar\u015f\u0131 q\u0259tliamlar h\u0259yata ke\u00e7irir, dinc \u0259haliy\u0259 divan tutur, &#8220;B\u00f6y\u00fck Erm\u0259nistan&#8221; yaratmaq x\u00fclyalar\u0131yla ya\u015fayaraq \u0259sl simalar\u0131n\u0131 ortaya qoyur. Dem\u0259k olar ki, son 100 il h\u0259myerlil\u0259rimizin taleyin\u0259 qa\u00e7q\u0131n v\u0259 m\u0259cburi k\u00f6\u00e7k\u00fcn h\u0259yat\u0131 ya\u015famaq yaz\u0131l\u0131b. Tarix d\u0259f\u0259l\u0259rl\u0259 erm\u0259nil\u0259rin dinc \u0259haliy\u0259 qar\u015f\u0131 m\u00fcharib\u0259sinin, soyq\u0131r\u0131m\u0131n \u015fahidi olub. ARANTV.AZ x\u0259b\u0259r verir ki, bunu\u00a0Trend-\u0259 deputat Ceyhun M\u0259mm\u0259dov deyib. Deputat\u0131n s\u00f6zl\u0259rin\u0259 g\u00f6r\u0259, son hadis\u0259l\u0259rd\u0259 d\u0259 t\u0259cav\u00fczkar Erm\u0259nistan beyn\u0259lxalq h\u00fcququn \u0259sas norma v\u0259 prinsipl\u0259rini&hellip;<\/p>\n","protected":false},"author":2,"featured_media":199939,"comment_status":"closed","ping_status":"closed","sticky":false,"template":"","format":"standard","meta":{"om_disable_all_campaigns":false,"_monsterinsights_skip_tracking":false,"_monsterinsights_sitenote_active":false,"_monsterinsights_sitenote_note":"","_monsterinsights_sitenote_category":0},"categories":[4],"tags":[],"aioseo_notices":[],"gutentor_comment":0,"rttpg_featured_image_url":{"full":["https:\/\/arantv.az\/wp-content\/uploads\/2020\/08\/870561.jpg",600,450,false],"landscape":["https:\/\/arantv.az\/wp-content\/uploads\/2020\/08\/870561.jpg",600,450,false],"portraits":["https:\/\/arantv.az\/wp-content\/uploads\/2020\/08\/870561.jpg",600,450,false],"thumbnail":["https:\/\/arantv.az\/wp-content\/uploads\/2020\/08\/870561-150x150.jpg",150,150,true],"medium":["https:\/\/arantv.az\/wp-content\/uploads\/2020\/08\/870561-300x225.jpg",300,225,true],"large":["https:\/\/arantv.az\/wp-content\/uploads\/2020\/08\/870561.jpg",600,450,false],"1536x1536":["https:\/\/arantv.az\/wp-content\/uploads\/2020\/08\/870561.jpg",600,450,false],"2048x2048":["https:\/\/arantv.az\/wp-content\/uploads\/2020\/08\/870561.jpg",600,450,false],"post-thumbnail":["https:\/\/arantv.az\/wp-content\/uploads\/2020\/08\/870561-240x172.jpg",240,172,true],"advps-thumb-one":["https:\/\/arantv.az\/wp-content\/uploads\/2020\/08\/870561.jpg",600,450,false]},"rttpg_author":{"display_name":"V\u00fcsal Rafiqo\u011flu","author_link":"https:\/\/arantv.az\/?author=2"},"rttpg_comment":0,"rttpg_category":"<a href=\"https:\/\/arantv.az\/?cat=4\" rel=\"category\">Siyas\u0259t<\/a>","rttpg_excerpt":"Son d\u00f6vrl\u0259rd\u0259 Erm\u0259nistan-Az\u0259rbaycan aras\u0131nda olan h\u0259rbi m\u00fcnaqi\u015f\u0259nin alovlanmas\u0131 erm\u0259nil\u0259rin fa\u015fist v\u0259 qorxaq xisl\u0259tini bir daha g\u00f6st\u0259rdi. \u0130ki y\u00fcz ild\u0259n art\u0131qd\u0131r ki, erm\u0259ni-da\u015fnak quldur birl\u0259\u015fm\u0259l\u0259ri Az\u0259rbaycanl\u0131lara qar\u015f\u0131 q\u0259tliamlar h\u0259yata ke\u00e7irir, dinc \u0259haliy\u0259 divan tutur, &#8220;B\u00f6y\u00fck Erm\u0259nistan&#8221; yaratmaq x\u00fclyalar\u0131yla ya\u015fayaraq \u0259sl simalar\u0131n\u0131 ortaya qoyur. Dem\u0259k olar ki, son 100 il h\u0259myerlil\u0259rimizin taleyin\u0259 qa\u00e7q\u0131n v\u0259 m\u0259cburi k\u00f6\u00e7k\u00fcn h\u0259yat\u0131&hellip;","_links":{"self":[{"href":"https:\/\/arantv.az\/index.php?rest_route=\/wp\/v2\/posts\/199938"}],"collection":[{"href":"https:\/\/arantv.az\/index.php?rest_route=\/wp\/v2\/posts"}],"about":[{"href":"https:\/\/arantv.az\/index.php?rest_route=\/wp\/v2\/types\/post"}],"author":[{"embeddable":true,"href":"https:\/\/arantv.az\/index.php?rest_route=\/wp\/v2\/users\/2"}],"replies":[{"embeddable":true,"href":"https:\/\/arantv.az\/index.php?rest_route=%2Fwp%2Fv2%2Fcomments&post=199938"}],"version-history":[{"count":0,"href":"https:\/\/arantv.az\/index.php?rest_route=\/wp\/v2\/posts\/199938\/revisions"}],"wp:featuredmedia":[{"embeddable":true,"href":"https:\/\/arantv.az\/index.php?rest_route=\/wp\/v2\/media\/199939"}],"wp:attachment":[{"href":"https:\/\/arantv.az\/index.php?rest_route=%2Fwp%2Fv2%2Fmedia&parent=199938"}],"wp:term":[{"taxonomy":"category","embeddable":true,"href":"https:\/\/arantv.az\/index.php?rest_route=%2Fwp%2Fv2%2Fcategories&post=199938"},{"taxonomy":"post_tag","embeddable":true,"href":"https:\/\/arantv.az\/index.php?rest_route=%2Fwp%2Fv2%2Ftags&post=199938"}],"curies":[{"name":"wp","href":"https:\/\/api.w.org\/{rel}","templated":true}]}}