{"id":199948,"date":"2020-08-04T09:19:24","date_gmt":"2020-08-04T06:19:24","guid":{"rendered":"http:\/\/arantv.az\/?p=199948"},"modified":"2020-08-04T09:19:24","modified_gmt":"2020-08-04T06:19:24","slug":"parlamentd%c9%99-dovl%c9%99t-budc%c9%99sin%c9%99-d%c9%99yisiklikl%c9%99r-layih%c9%99sinin-muzakir%c9%99si-basladi","status":"publish","type":"post","link":"https:\/\/arantv.az\/?p=199948","title":{"rendered":"Parlamentd\u0259 d\u00f6vl\u0259t b\u00fcdc\u0259sin\u0259 d\u0259yi\u015fiklikl\u0259r layih\u0259sinin m\u00fczakir\u0259si ba\u015flad\u0131"},"content":{"rendered":"<p><strong>Milli M\u0259clisin n\u00f6vb\u0259d\u0259nk\u0259nar sessiyas\u0131n\u0131n ilk komit\u0259 iclas\u0131 ke\u00e7irilir.<\/strong><\/p>\n<p><strong>ARANTV.AZ\u00a0\u00a0<\/strong>x\u0259b\u0259r verir ki, parlamentin \u018fm\u0259k v\u0259 sosial siyas\u0259t komit\u0259sinin bug\u00fcnk\u00fc iclas\u0131n\u0131n g\u00fcnd\u0259liyin\u0259 4 m\u0259s\u0259l\u0259 daxil edilib.<\/p>\n<div id=\"AdviadNativeVideo0\" class=\"AdviadNativeVideo\"><\/div>\n<p>Bunlar a\u015fa\u011f\u0131dak\u0131lard\u0131r:<\/p>\n<p>1.\u201cSosial t\u0259minat\u0131 v\u0259 m\u00fcdafi\u0259ni h\u0259yata ke\u00e7ir\u0259n m\u00fcvafiq icra hakimiyy\u0259ti orqan\u0131n\u0131n 2020-ci il b\u00fcdc\u0259si haqq\u0131nda\u201d Az\u0259rbaycan Respublikas\u0131n\u0131n Qanununda d\u0259yi\u015fiklik edilm\u0259si bar\u0259d\u0259 Az\u0259rbaycan Respublikas\u0131 qanununun layih\u0259si (birinci oxunu\u015f)<\/p>\n<p>2.\u201c\u0130\u015fsizlikd\u0259n s\u0131\u011forta fondunun 2020-ci il b\u00fcdc\u0259si haqq\u0131nda\u201d Az\u0259rbaycan Respublikas\u0131n\u0131n Qanununda d\u0259yi\u015fiklik edilm\u0259si bar\u0259d\u0259 Az\u0259rbaycan Respublikas\u0131 qanununun layih\u0259si (birinci oxunu\u015f)<\/p>\n<p>3.\u201cM\u0259\u015f\u011fulluq haqq\u0131nda\u201d Az\u0259rbaycan Respublikas\u0131n\u0131n Qanununda d\u0259yi\u015fiklik edilm\u0259si bar\u0259d\u0259 Az\u0259rbaycan Respublikas\u0131 qanununun layih\u0259si (birinci oxunu\u015f)<\/p>\n<p>4.\u201c\u0130\u015fsizlikd\u0259n s\u0131\u011forta haqq\u0131nda\u201d Az\u0259rbaycan Respublikas\u0131n\u0131n Qanununda d\u0259yi\u015fiklik edilm\u0259si bar\u0259d\u0259 Az\u0259rbaycan Respublikas\u0131 qanununun layih\u0259si (birinci oxunu\u015f)Unikal.org<\/p>\n","protected":false},"excerpt":{"rendered":"<p>Milli M\u0259clisin n\u00f6vb\u0259d\u0259nk\u0259nar sessiyas\u0131n\u0131n ilk komit\u0259 iclas\u0131 ke\u00e7irilir. ARANTV.AZ\u00a0\u00a0x\u0259b\u0259r verir ki, parlamentin \u018fm\u0259k v\u0259 sosial siyas\u0259t komit\u0259sinin bug\u00fcnk\u00fc iclas\u0131n\u0131n g\u00fcnd\u0259liyin\u0259 4 m\u0259s\u0259l\u0259 daxil edilib. Bunlar a\u015fa\u011f\u0131dak\u0131lard\u0131r: 1.\u201cSosial t\u0259minat\u0131 v\u0259 m\u00fcdafi\u0259ni h\u0259yata ke\u00e7ir\u0259n m\u00fcvafiq icra hakimiyy\u0259ti orqan\u0131n\u0131n 2020-ci il b\u00fcdc\u0259si haqq\u0131nda\u201d Az\u0259rbaycan Respublikas\u0131n\u0131n Qanununda d\u0259yi\u015fiklik edilm\u0259si bar\u0259d\u0259 Az\u0259rbaycan Respublikas\u0131 qanununun layih\u0259si (birinci oxunu\u015f) 2.\u201c\u0130\u015fsizlikd\u0259n s\u0131\u011forta fondunun 2020-ci il b\u00fcdc\u0259si haqq\u0131nda\u201d Az\u0259rbaycan Respublikas\u0131n\u0131n Qanununda d\u0259yi\u015fiklik edilm\u0259si bar\u0259d\u0259 Az\u0259rbaycan Respublikas\u0131 qanununun layih\u0259si (birinci oxunu\u015f) 3.\u201cM\u0259\u015f\u011fulluq haqq\u0131nda\u201d Az\u0259rbaycan Respublikas\u0131n\u0131n Qanununda d\u0259yi\u015fiklik edilm\u0259si bar\u0259d\u0259 Az\u0259rbaycan Respublikas\u0131 qanununun layih\u0259si (birinci oxunu\u015f) 4.\u201c\u0130\u015fsizlikd\u0259n s\u0131\u011forta haqq\u0131nda\u201d Az\u0259rbaycan Respublikas\u0131n\u0131n&hellip;<\/p>\n","protected":false},"author":2,"featured_media":199949,"comment_status":"closed","ping_status":"closed","sticky":false,"template":"","format":"standard","meta":{"om_disable_all_campaigns":false,"_monsterinsights_skip_tracking":false,"_monsterinsights_sitenote_active":false,"_monsterinsights_sitenote_note":"","_monsterinsights_sitenote_category":0},"categories":[19],"tags":[],"aioseo_notices":[],"gutentor_comment":0,"rttpg_featured_image_url":{"full":["https:\/\/arantv.az\/wp-content\/uploads\/2020\/08\/59e9d5c3e694a_Milli-meclis-1.jpg",600,400,false],"landscape":["https:\/\/arantv.az\/wp-content\/uploads\/2020\/08\/59e9d5c3e694a_Milli-meclis-1.jpg",600,400,false],"portraits":["https:\/\/arantv.az\/wp-content\/uploads\/2020\/08\/59e9d5c3e694a_Milli-meclis-1.jpg",600,400,false],"thumbnail":["https:\/\/arantv.az\/wp-content\/uploads\/2020\/08\/59e9d5c3e694a_Milli-meclis-1-150x150.jpg",150,150,true],"medium":["https:\/\/arantv.az\/wp-content\/uploads\/2020\/08\/59e9d5c3e694a_Milli-meclis-1-300x200.jpg",300,200,true],"large":["https:\/\/arantv.az\/wp-content\/uploads\/2020\/08\/59e9d5c3e694a_Milli-meclis-1.jpg",600,400,false],"1536x1536":["https:\/\/arantv.az\/wp-content\/uploads\/2020\/08\/59e9d5c3e694a_Milli-meclis-1.jpg",600,400,false],"2048x2048":["https:\/\/arantv.az\/wp-content\/uploads\/2020\/08\/59e9d5c3e694a_Milli-meclis-1.jpg",600,400,false],"post-thumbnail":["https:\/\/arantv.az\/wp-content\/uploads\/2020\/08\/59e9d5c3e694a_Milli-meclis-1-240x172.jpg",240,172,true],"advps-thumb-one":["https:\/\/arantv.az\/wp-content\/uploads\/2020\/08\/59e9d5c3e694a_Milli-meclis-1.jpg",600,400,false]},"rttpg_author":{"display_name":"V\u00fcsal Rafiqo\u011flu","author_link":"https:\/\/arantv.az\/?author=2"},"rttpg_comment":0,"rttpg_category":"<a href=\"https:\/\/arantv.az\/?cat=19\" rel=\"category\">G\u00fcnd\u0259m<\/a>","rttpg_excerpt":"Milli M\u0259clisin n\u00f6vb\u0259d\u0259nk\u0259nar sessiyas\u0131n\u0131n ilk komit\u0259 iclas\u0131 ke\u00e7irilir. ARANTV.AZ\u00a0\u00a0x\u0259b\u0259r verir ki, parlamentin \u018fm\u0259k v\u0259 sosial siyas\u0259t komit\u0259sinin bug\u00fcnk\u00fc iclas\u0131n\u0131n g\u00fcnd\u0259liyin\u0259 4 m\u0259s\u0259l\u0259 daxil edilib. Bunlar a\u015fa\u011f\u0131dak\u0131lard\u0131r: 1.\u201cSosial t\u0259minat\u0131 v\u0259 m\u00fcdafi\u0259ni h\u0259yata ke\u00e7ir\u0259n m\u00fcvafiq icra hakimiyy\u0259ti orqan\u0131n\u0131n 2020-ci il b\u00fcdc\u0259si haqq\u0131nda\u201d Az\u0259rbaycan Respublikas\u0131n\u0131n Qanununda d\u0259yi\u015fiklik edilm\u0259si bar\u0259d\u0259 Az\u0259rbaycan Respublikas\u0131 qanununun layih\u0259si (birinci oxunu\u015f) 2.\u201c\u0130\u015fsizlikd\u0259n s\u0131\u011forta fondunun&hellip;","_links":{"self":[{"href":"https:\/\/arantv.az\/index.php?rest_route=\/wp\/v2\/posts\/199948"}],"collection":[{"href":"https:\/\/arantv.az\/index.php?rest_route=\/wp\/v2\/posts"}],"about":[{"href":"https:\/\/arantv.az\/index.php?rest_route=\/wp\/v2\/types\/post"}],"author":[{"embeddable":true,"href":"https:\/\/arantv.az\/index.php?rest_route=\/wp\/v2\/users\/2"}],"replies":[{"embeddable":true,"href":"https:\/\/arantv.az\/index.php?rest_route=%2Fwp%2Fv2%2Fcomments&post=199948"}],"version-history":[{"count":0,"href":"https:\/\/arantv.az\/index.php?rest_route=\/wp\/v2\/posts\/199948\/revisions"}],"wp:featuredmedia":[{"embeddable":true,"href":"https:\/\/arantv.az\/index.php?rest_route=\/wp\/v2\/media\/199949"}],"wp:attachment":[{"href":"https:\/\/arantv.az\/index.php?rest_route=%2Fwp%2Fv2%2Fmedia&parent=199948"}],"wp:term":[{"taxonomy":"category","embeddable":true,"href":"https:\/\/arantv.az\/index.php?rest_route=%2Fwp%2Fv2%2Fcategories&post=199948"},{"taxonomy":"post_tag","embeddable":true,"href":"https:\/\/arantv.az\/index.php?rest_route=%2Fwp%2Fv2%2Ftags&post=199948"}],"curies":[{"name":"wp","href":"https:\/\/api.w.org\/{rel}","templated":true}]}}