{"id":20062,"date":"2018-10-19T14:15:03","date_gmt":"2018-10-19T11:15:03","guid":{"rendered":"http:\/\/arantv.az\/?p=20062"},"modified":"2018-10-19T14:15:03","modified_gmt":"2018-10-19T11:15:03","slug":"the-guardian-xinaliq-k%c9%99ndi-avropanin-10-%c9%99n-yaxsi-turizm-m%c9%99nt%c9%99q%c9%99sind%c9%99n-biridir","status":"publish","type":"post","link":"https:\/\/arantv.az\/?p=20062","title":{"rendered":"&#8220;The Guardian: \u201cX\u0131nal\u0131q k\u0259ndi Avropan\u0131n 10 \u0259n yax\u015f\u0131 turizm m\u0259nt\u0259q\u0259sind\u0259n biridir\u201d"},"content":{"rendered":"<p><strong>ARANTV.AZ<\/strong> x\u0259b\u0259r verir ki, Quban\u0131n d\u0259niz s\u0259viyy\u0259sind\u0259n 2300 metr y\u00fcks\u0259klikd\u0259 yerl\u0259\u015f\u0259n X\u0131nal\u0131q k\u0259ndi Avropan\u0131n 10 \u0259n yax\u015f\u0131 turizm m\u0259nt\u0259q\u0259sind\u0259n biridir. Bu fikir \u0130ngilt\u0259r\u0259nin m\u0259\u015fhur &#8220;The Guardian&#8221; n\u0259\u015frind\u0259 d\u0259rc olunan m\u0259qal\u0259d\u0259 yer al\u0131b. Qeyri-adi mac\u0259ra ya\u015famaq ist\u0259y\u0259nl\u0259r \u00fc\u00e7\u00fcn Avropan\u0131n 10 \u0259n yax\u015f\u0131 m\u0259nt\u0259q\u0259sinin siyah\u0131s\u0131n\u0131 t\u0259rtib ed\u0259n &#8220;The Guardian&#8221; h\u0259r bir m\u0259kan haqq\u0131nda m\u0259lumat v\u0259 foto\u015f\u0259kil d\u0259 d\u0259rc edib. X\u0131nal\u0131q haqq\u0131nda m\u0259lumatda bildirilir ki, Az\u0259rbaycan\u0131n \u0259n y\u00fcks\u0259k k\u0259ndi Qafqaz da\u011flar\u0131n\u0131n zirv\u0259sind\u0259 yerl\u0259\u015fir, \u0259halisi heyvandarl\u0131qla m\u0259\u015f\u011ful olur. M\u0259qal\u0259d\u0259 s\u0131ld\u0131r\u0131m qayalar aras\u0131ndan, d\u0259rin d\u0259r\u0259l\u0259rd\u0259n ke\u00e7\u0259n X\u0131nal\u0131q yolunun turistl\u0259r\u0259 ekstrim ya\u015fatd\u0131\u011f\u0131 vur\u011fulan\u0131r. Diqq\u0259t\u0259 \u00e7atd\u0131r\u0131l\u0131r ki, bu k\u0259nd UNESCO-nun D\u00fcnya \u0130rsi Siyah\u0131s\u0131na daxil edilib. K\u0259nd \u0259razisi d\u00f6vl\u0259t tarix-memarl\u0131q v\u0259 etnoqrafik qoruq elan olunub.<\/p>\n","protected":false},"excerpt":{"rendered":"<p>ARANTV.AZ x\u0259b\u0259r verir ki, Quban\u0131n d\u0259niz s\u0259viyy\u0259sind\u0259n 2300 metr y\u00fcks\u0259klikd\u0259 yerl\u0259\u015f\u0259n X\u0131nal\u0131q k\u0259ndi Avropan\u0131n 10 \u0259n yax\u015f\u0131 turizm m\u0259nt\u0259q\u0259sind\u0259n biridir. Bu fikir \u0130ngilt\u0259r\u0259nin m\u0259\u015fhur &#8220;The Guardian&#8221; n\u0259\u015frind\u0259 d\u0259rc olunan m\u0259qal\u0259d\u0259 yer al\u0131b. Qeyri-adi mac\u0259ra ya\u015famaq ist\u0259y\u0259nl\u0259r \u00fc\u00e7\u00fcn Avropan\u0131n 10 \u0259n yax\u015f\u0131 m\u0259nt\u0259q\u0259sinin siyah\u0131s\u0131n\u0131 t\u0259rtib ed\u0259n &#8220;The Guardian&#8221; h\u0259r bir m\u0259kan haqq\u0131nda m\u0259lumat v\u0259 foto\u015f\u0259kil d\u0259 d\u0259rc edib. X\u0131nal\u0131q haqq\u0131nda m\u0259lumatda bildirilir ki, Az\u0259rbaycan\u0131n \u0259n y\u00fcks\u0259k k\u0259ndi Qafqaz da\u011flar\u0131n\u0131n zirv\u0259sind\u0259 yerl\u0259\u015fir, \u0259halisi heyvandarl\u0131qla m\u0259\u015f\u011ful olur. M\u0259qal\u0259d\u0259 s\u0131ld\u0131r\u0131m qayalar aras\u0131ndan, d\u0259rin d\u0259r\u0259l\u0259rd\u0259n ke\u00e7\u0259n X\u0131nal\u0131q yolunun turistl\u0259r\u0259 ekstrim ya\u015fatd\u0131\u011f\u0131 vur\u011fulan\u0131r. Diqq\u0259t\u0259 \u00e7atd\u0131r\u0131l\u0131r ki,&hellip;<\/p>\n","protected":false},"author":2,"featured_media":20063,"comment_status":"closed","ping_status":"closed","sticky":false,"template":"","format":"standard","meta":{"om_disable_all_campaigns":false,"_monsterinsights_skip_tracking":false,"_monsterinsights_sitenote_active":false,"_monsterinsights_sitenote_note":"","_monsterinsights_sitenote_category":0},"categories":[1],"tags":[],"aioseo_notices":[],"gutentor_comment":0,"rttpg_featured_image_url":{"full":["https:\/\/arantv.az\/wp-content\/uploads\/2018\/10\/2s6ubecl3uf7i1asl8th8651h3xina.jpg",1600,1067,false],"landscape":["https:\/\/arantv.az\/wp-content\/uploads\/2018\/10\/2s6ubecl3uf7i1asl8th8651h3xina.jpg",1600,1067,false],"portraits":["https:\/\/arantv.az\/wp-content\/uploads\/2018\/10\/2s6ubecl3uf7i1asl8th8651h3xina.jpg",1600,1067,false],"thumbnail":["https:\/\/arantv.az\/wp-content\/uploads\/2018\/10\/2s6ubecl3uf7i1asl8th8651h3xina-150x150.jpg",150,150,true],"medium":["https:\/\/arantv.az\/wp-content\/uploads\/2018\/10\/2s6ubecl3uf7i1asl8th8651h3xina-300x200.jpg",300,200,true],"large":["https:\/\/arantv.az\/wp-content\/uploads\/2018\/10\/2s6ubecl3uf7i1asl8th8651h3xina-1024x683.jpg",640,427,true],"1536x1536":["https:\/\/arantv.az\/wp-content\/uploads\/2018\/10\/2s6ubecl3uf7i1asl8th8651h3xina.jpg",1536,1024,false],"2048x2048":["https:\/\/arantv.az\/wp-content\/uploads\/2018\/10\/2s6ubecl3uf7i1asl8th8651h3xina.jpg",1600,1067,false],"post-thumbnail":["https:\/\/arantv.az\/wp-content\/uploads\/2018\/10\/2s6ubecl3uf7i1asl8th8651h3xina-240x172.jpg",240,172,true],"advps-thumb-one":["https:\/\/arantv.az\/wp-content\/uploads\/2018\/10\/2s6ubecl3uf7i1asl8th8651h3xina-1200x620.jpg",1200,620,true]},"rttpg_author":{"display_name":"V\u00fcsal Rafiqo\u011flu","author_link":"https:\/\/arantv.az\/?author=2"},"rttpg_comment":0,"rttpg_category":"<a href=\"https:\/\/arantv.az\/?cat=1\" rel=\"category\">C\u0259miyy\u0259t<\/a>","rttpg_excerpt":"ARANTV.AZ x\u0259b\u0259r verir ki, Quban\u0131n d\u0259niz s\u0259viyy\u0259sind\u0259n 2300 metr y\u00fcks\u0259klikd\u0259 yerl\u0259\u015f\u0259n X\u0131nal\u0131q k\u0259ndi Avropan\u0131n 10 \u0259n yax\u015f\u0131 turizm m\u0259nt\u0259q\u0259sind\u0259n biridir. Bu fikir \u0130ngilt\u0259r\u0259nin m\u0259\u015fhur &#8220;The Guardian&#8221; n\u0259\u015frind\u0259 d\u0259rc olunan m\u0259qal\u0259d\u0259 yer al\u0131b. Qeyri-adi mac\u0259ra ya\u015famaq ist\u0259y\u0259nl\u0259r \u00fc\u00e7\u00fcn Avropan\u0131n 10 \u0259n yax\u015f\u0131 m\u0259nt\u0259q\u0259sinin siyah\u0131s\u0131n\u0131 t\u0259rtib ed\u0259n &#8220;The Guardian&#8221; h\u0259r bir m\u0259kan haqq\u0131nda m\u0259lumat v\u0259 foto\u015f\u0259kil d\u0259&hellip;","_links":{"self":[{"href":"https:\/\/arantv.az\/index.php?rest_route=\/wp\/v2\/posts\/20062"}],"collection":[{"href":"https:\/\/arantv.az\/index.php?rest_route=\/wp\/v2\/posts"}],"about":[{"href":"https:\/\/arantv.az\/index.php?rest_route=\/wp\/v2\/types\/post"}],"author":[{"embeddable":true,"href":"https:\/\/arantv.az\/index.php?rest_route=\/wp\/v2\/users\/2"}],"replies":[{"embeddable":true,"href":"https:\/\/arantv.az\/index.php?rest_route=%2Fwp%2Fv2%2Fcomments&post=20062"}],"version-history":[{"count":0,"href":"https:\/\/arantv.az\/index.php?rest_route=\/wp\/v2\/posts\/20062\/revisions"}],"wp:featuredmedia":[{"embeddable":true,"href":"https:\/\/arantv.az\/index.php?rest_route=\/wp\/v2\/media\/20063"}],"wp:attachment":[{"href":"https:\/\/arantv.az\/index.php?rest_route=%2Fwp%2Fv2%2Fmedia&parent=20062"}],"wp:term":[{"taxonomy":"category","embeddable":true,"href":"https:\/\/arantv.az\/index.php?rest_route=%2Fwp%2Fv2%2Fcategories&post=20062"},{"taxonomy":"post_tag","embeddable":true,"href":"https:\/\/arantv.az\/index.php?rest_route=%2Fwp%2Fv2%2Ftags&post=20062"}],"curies":[{"name":"wp","href":"https:\/\/api.w.org\/{rel}","templated":true}]}}