{"id":20065,"date":"2018-10-19T14:16:06","date_gmt":"2018-10-19T11:16:06","guid":{"rendered":"http:\/\/arantv.az\/?p=20065"},"modified":"2018-10-19T14:16:06","modified_gmt":"2018-10-19T11:16:06","slug":"dini-radikalizm-v%c9%99-ona-qarsi-mubariz%c9%99nin-huquqi-%c9%99saslari-movzusunda-musavir%c9%99-kecirilib","status":"publish","type":"post","link":"https:\/\/arantv.az\/?p=20065","title":{"rendered":"\u201cDini radikalizm v\u0259 ona qar\u015f\u0131 m\u00fcbariz\u0259nin h\u00fcquqi \u0259saslar\u0131\u201d m\u00f6vzusunda m\u00fc\u015favir\u0259 ke\u00e7irilib"},"content":{"rendered":"<p><strong>ARANTV.AZ<\/strong> x\u0259b\u0259r verir ki, Milli v\u0259 dini tolerantl\u0131q, el\u0259c\u0259 d\u0259 multikulturalizm m\u00fchitinin qorunmas\u0131 v\u0259 m\u00f6hk\u0259ml\u0259ndirilm\u0259si d\u00f6vl\u0259t siyas\u0259tinin prioritet istiqam\u0259tl\u0259rind\u0259n biridir. Bu bar\u0259d\u0259 Dini Qurumlarla \u0130\u015f \u00fczr\u0259 D\u00f6vl\u0259t Komit\u0259sinin \u201cDini radikalizmin mahiyy\u0259ti, yaranma s\u0259b\u0259bl\u0259ri v\u0259 ona qar\u015f\u0131 m\u00fcbariz\u0259nin h\u00fcquqi \u0259saslar\u0131\u201d m\u00f6vzusunda A\u011fsuda ke\u00e7irdiyi regional m\u00fc\u015favir\u0259d\u0259 \u0259trafl\u0131 dan\u0131\u015f\u0131l\u0131b. Komit\u0259nin s\u0259dr m\u00fcavini S\u0259yavu\u015f Heyd\u0259rov bildirib ki, \u0259sas\u0131 \u00fcmummilli lider Heyd\u0259r \u018fliyev t\u0259r\u0259find\u0259n qoyulan milli t\u0259hl\u00fck\u0259sizlik konsepsiyas\u0131n\u0131n ba\u015fl\u0131ca komponentl\u0259rind\u0259n biri m\u0259hz dini t\u0259hl\u00fck\u0259sizlikdir. Yax\u0131n \u015e\u0259rq t\u0259cr\u00fcb\u0259si v\u0259 orada haz\u0131rda davam ed\u0259n prosesl\u0259r bir daha g\u00f6st\u0259rir ki, dini t\u0259hl\u00fck\u0259sizlik t\u0259min edilm\u0259d\u0259n milli t\u0259hl\u00fck\u0259sizliy\u0259 nail olmaq m\u00fcmk\u00fcn deyil. \u00d6lk\u0259mizd\u0259 is\u0259 g\u00fccl\u00fc siyasi irad\u0259 n\u00fcmayi\u015f etdir\u0259r\u0259k dini v\u0259 milli t\u0259hl\u00fck\u0259sizlik t\u0259min olunub. Haz\u0131rk\u0131 m\u0259rh\u0259l\u0259d\u0259 dini radikalizm\u0259 qar\u015f\u0131 m\u00fcbariz\u0259 \u00f6lk\u0259mizd\u0259 milli t\u0259hl\u00fck\u0259sizliyin qorunmas\u0131 bax\u0131m\u0131ndan \u00e7ox \u0259h\u0259miyy\u0259tlidir. \u00c7\u0131x\u0131\u015flarda d\u00f6vl\u0259t orqanlar\u0131 v\u0259 c\u0259miyy\u0259tin dini radikalizm\u0259 qar\u015f\u0131 birg\u0259 m\u00fcbariz\u0259 aparmal\u0131 oldu\u011fu qeyd edilib.<\/p>\n","protected":false},"excerpt":{"rendered":"<p>ARANTV.AZ x\u0259b\u0259r verir ki, Milli v\u0259 dini tolerantl\u0131q, el\u0259c\u0259 d\u0259 multikulturalizm m\u00fchitinin qorunmas\u0131 v\u0259 m\u00f6hk\u0259ml\u0259ndirilm\u0259si d\u00f6vl\u0259t siyas\u0259tinin prioritet istiqam\u0259tl\u0259rind\u0259n biridir. Bu bar\u0259d\u0259 Dini Qurumlarla \u0130\u015f \u00fczr\u0259 D\u00f6vl\u0259t Komit\u0259sinin \u201cDini radikalizmin mahiyy\u0259ti, yaranma s\u0259b\u0259bl\u0259ri v\u0259 ona qar\u015f\u0131 m\u00fcbariz\u0259nin h\u00fcquqi \u0259saslar\u0131\u201d m\u00f6vzusunda A\u011fsuda ke\u00e7irdiyi regional m\u00fc\u015favir\u0259d\u0259 \u0259trafl\u0131 dan\u0131\u015f\u0131l\u0131b. Komit\u0259nin s\u0259dr m\u00fcavini S\u0259yavu\u015f Heyd\u0259rov bildirib ki, \u0259sas\u0131 \u00fcmummilli lider Heyd\u0259r \u018fliyev t\u0259r\u0259find\u0259n qoyulan milli t\u0259hl\u00fck\u0259sizlik konsepsiyas\u0131n\u0131n ba\u015fl\u0131ca komponentl\u0259rind\u0259n biri m\u0259hz dini t\u0259hl\u00fck\u0259sizlikdir. Yax\u0131n \u015e\u0259rq t\u0259cr\u00fcb\u0259si v\u0259 orada haz\u0131rda davam ed\u0259n prosesl\u0259r bir daha g\u00f6st\u0259rir ki, dini t\u0259hl\u00fck\u0259sizlik t\u0259min edilm\u0259d\u0259n milli t\u0259hl\u00fck\u0259sizliy\u0259 nail olmaq&hellip;<\/p>\n","protected":false},"author":2,"featured_media":20066,"comment_status":"closed","ping_status":"closed","sticky":false,"template":"","format":"standard","meta":{"om_disable_all_campaigns":false,"_monsterinsights_skip_tracking":false,"_monsterinsights_sitenote_active":false,"_monsterinsights_sitenote_note":"","_monsterinsights_sitenote_category":0},"categories":[2],"tags":[],"aioseo_notices":[],"gutentor_comment":0,"rttpg_featured_image_url":{"full":["https:\/\/arantv.az\/wp-content\/uploads\/2018\/10\/2s6ubecl3uf7i1asl8th8651h3aqsu.jpg",1000,664,false],"landscape":["https:\/\/arantv.az\/wp-content\/uploads\/2018\/10\/2s6ubecl3uf7i1asl8th8651h3aqsu.jpg",1000,664,false],"portraits":["https:\/\/arantv.az\/wp-content\/uploads\/2018\/10\/2s6ubecl3uf7i1asl8th8651h3aqsu.jpg",1000,664,false],"thumbnail":["https:\/\/arantv.az\/wp-content\/uploads\/2018\/10\/2s6ubecl3uf7i1asl8th8651h3aqsu-150x150.jpg",150,150,true],"medium":["https:\/\/arantv.az\/wp-content\/uploads\/2018\/10\/2s6ubecl3uf7i1asl8th8651h3aqsu-300x199.jpg",300,199,true],"large":["https:\/\/arantv.az\/wp-content\/uploads\/2018\/10\/2s6ubecl3uf7i1asl8th8651h3aqsu.jpg",640,425,false],"1536x1536":["https:\/\/arantv.az\/wp-content\/uploads\/2018\/10\/2s6ubecl3uf7i1asl8th8651h3aqsu.jpg",1000,664,false],"2048x2048":["https:\/\/arantv.az\/wp-content\/uploads\/2018\/10\/2s6ubecl3uf7i1asl8th8651h3aqsu.jpg",1000,664,false],"post-thumbnail":["https:\/\/arantv.az\/wp-content\/uploads\/2018\/10\/2s6ubecl3uf7i1asl8th8651h3aqsu-240x172.jpg",240,172,true],"advps-thumb-one":["https:\/\/arantv.az\/wp-content\/uploads\/2018\/10\/2s6ubecl3uf7i1asl8th8651h3aqsu-1000x620.jpg",1000,620,true]},"rttpg_author":{"display_name":"V\u00fcsal Rafiqo\u011flu","author_link":"https:\/\/arantv.az\/?author=2"},"rttpg_comment":0,"rttpg_category":"<a href=\"https:\/\/arantv.az\/?cat=2\" rel=\"category\">Region X\u0259b\u0259rl\u0259ri<\/a>","rttpg_excerpt":"ARANTV.AZ x\u0259b\u0259r verir ki, Milli v\u0259 dini tolerantl\u0131q, el\u0259c\u0259 d\u0259 multikulturalizm m\u00fchitinin qorunmas\u0131 v\u0259 m\u00f6hk\u0259ml\u0259ndirilm\u0259si d\u00f6vl\u0259t siyas\u0259tinin prioritet istiqam\u0259tl\u0259rind\u0259n biridir. Bu bar\u0259d\u0259 Dini Qurumlarla \u0130\u015f \u00fczr\u0259 D\u00f6vl\u0259t Komit\u0259sinin \u201cDini radikalizmin mahiyy\u0259ti, yaranma s\u0259b\u0259bl\u0259ri v\u0259 ona qar\u015f\u0131 m\u00fcbariz\u0259nin h\u00fcquqi \u0259saslar\u0131\u201d m\u00f6vzusunda A\u011fsuda ke\u00e7irdiyi regional m\u00fc\u015favir\u0259d\u0259 \u0259trafl\u0131 dan\u0131\u015f\u0131l\u0131b. Komit\u0259nin s\u0259dr m\u00fcavini S\u0259yavu\u015f Heyd\u0259rov bildirib ki, \u0259sas\u0131 \u00fcmummilli&hellip;","_links":{"self":[{"href":"https:\/\/arantv.az\/index.php?rest_route=\/wp\/v2\/posts\/20065"}],"collection":[{"href":"https:\/\/arantv.az\/index.php?rest_route=\/wp\/v2\/posts"}],"about":[{"href":"https:\/\/arantv.az\/index.php?rest_route=\/wp\/v2\/types\/post"}],"author":[{"embeddable":true,"href":"https:\/\/arantv.az\/index.php?rest_route=\/wp\/v2\/users\/2"}],"replies":[{"embeddable":true,"href":"https:\/\/arantv.az\/index.php?rest_route=%2Fwp%2Fv2%2Fcomments&post=20065"}],"version-history":[{"count":0,"href":"https:\/\/arantv.az\/index.php?rest_route=\/wp\/v2\/posts\/20065\/revisions"}],"wp:featuredmedia":[{"embeddable":true,"href":"https:\/\/arantv.az\/index.php?rest_route=\/wp\/v2\/media\/20066"}],"wp:attachment":[{"href":"https:\/\/arantv.az\/index.php?rest_route=%2Fwp%2Fv2%2Fmedia&parent=20065"}],"wp:term":[{"taxonomy":"category","embeddable":true,"href":"https:\/\/arantv.az\/index.php?rest_route=%2Fwp%2Fv2%2Fcategories&post=20065"},{"taxonomy":"post_tag","embeddable":true,"href":"https:\/\/arantv.az\/index.php?rest_route=%2Fwp%2Fv2%2Ftags&post=20065"}],"curies":[{"name":"wp","href":"https:\/\/api.w.org\/{rel}","templated":true}]}}