{"id":20068,"date":"2018-10-19T14:17:07","date_gmt":"2018-10-19T11:17:07","guid":{"rendered":"http:\/\/arantv.az\/?p=20068"},"modified":"2018-10-19T14:17:07","modified_gmt":"2018-10-19T11:17:07","slug":"ilham-%c9%99liyev-inkisaf-m%c9%99qs%c9%99dimizdir-coxcildliyinin-69-cu-kitabi-capdan-cixib","status":"publish","type":"post","link":"https:\/\/arantv.az\/?p=20068","title":{"rendered":"\u201c\u0130lham \u018fliyev. \u0130nki\u015faf m\u0259qs\u0259dimizdir\u201d \u00e7oxcildliyinin 69-cu kitab\u0131 \u00e7apdan \u00e7\u0131x\u0131b"},"content":{"rendered":"<p><strong>ARANTV.AZ<\/strong> x\u0259b\u0259r verir ki, Az\u0259rbaycan Prezidenti \u0130lham \u018fliyevin oxuculara t\u0259qdim olunan \u201c\u0130nki\u015faf m\u0259qs\u0259dimizdir\u201d \u00e7oxcildli kitab\u0131n\u0131n bu cildind\u0259 Bak\u0131-2015 1-ci Avropa oyunlar\u0131 \u0259r\u0259f\u0259sind\u0259 paytaxt sakinl\u0259ri v\u0259 \u015f\u0259h\u0259rimizin qonaqlar\u0131 \u00fc\u00e7\u00fcn Heyd\u0259r \u018fliyev Fondunun layih\u0259si olan yeni m\u0259d\u0259niyy\u0259t obyektinin, D\u00f6vl\u0259t Bayra\u011f\u0131 Meydan\u0131 \u0259razisind\u0259 muzeyin, Az\u0259rbaycan Evinin a\u00e7\u0131l\u0131\u015flar\u0131, h\u0259m\u00e7inin f\u0259aliyy\u0259t\u0259 ba\u015flayacaq YARAT M\u00fcasir \u0130nc\u0259s\u0259n\u0259t M\u0259rk\u0259zi il\u0259 tan\u0131\u015fl\u0131q, D\u00f6vl\u0259t Bayra\u011f\u0131 Meydan\u0131 \u0259razisind\u0259 Heyd\u0259r \u018fliyev Fondunun daha bir layih\u0259si olan yeni ekspozisiya m\u0259rk\u0259zi, \u00f6lk\u0259mizin t\u0259sviri inc\u0259s\u0259n\u0259tinin inki\u015faf\u0131n\u0131n y\u00fczillik tarixini \u0259hat\u0259 ed\u0259n \u201c20-21-ci \u0259sr Az\u0259rbaycan r\u0259ngkarl\u0131\u011f\u0131\u201d ekspozisiyas\u0131n\u0131n, Bay\u0131l bulvar\u0131n\u0131n a\u00e7\u0131l\u0131\u015flar\u0131, Avropa oyunlar\u0131 park\u0131n\u0131n qar\u015f\u0131s\u0131nda yarad\u0131lan \u015f\u0259raitl\u0259 tan\u0131\u015fl\u0131q v\u0259 dig\u0259r idman v\u0259 m\u0259d\u0259niyy\u0259t m\u0259rk\u0259zl\u0259rinin a\u00e7\u0131l\u0131\u015f\u0131na h\u0259sr olunan toplant\u0131larda \u00e7\u0131x\u0131\u015f v\u0259 nitql\u0259ri yer al\u0131b. Kitabda, h\u0259m\u00e7inin Bak\u0131-2015 1-ci Avropa oyunlar\u0131n\u0131n t\u0259nt\u0259n\u0259li a\u00e7\u0131l\u0131\u015f\u0131 zaman\u0131 d\u00f6vl\u0259t ba\u015f\u00e7\u0131s\u0131n\u0131n geni\u015f nitqi, bu m\u0259qs\u0259dl\u0259 \u00f6lk\u0259miz\u0259 g\u0259l\u0259n m\u00fcxt\u0259lif \u00f6lk\u0259l\u0259rin d\u00f6vl\u0259r v\u0259 h\u00f6kum\u0259t r\u0259hb\u0259rl\u0259ri il\u0259 g\u00f6r\u00fc\u015f v\u0259 dan\u0131\u015f\u0131qlar\u0131na, \u00f6lk\u0259 ba\u015f\u00e7\u0131s\u0131n\u0131n \u0130taliyaya ig\u00fcxar s\u0259f\u0259ri zaman\u0131 burada ke\u00e7iril\u0259n beyn\u0259lxalq s\u0259rgid\u0259 i\u015ftirak\u0131na dair materiallar da toplan\u0131b. Prezidenti Administrasiyas\u0131n\u0131n r\u0259hb\u0259ri, akademik Ramiz Mehdiyevin burax\u0131l\u0131\u015f\u0131na m\u0259sul oldu\u011fu \u00e7oxcildliyin 69-cu kitab\u0131ndak\u0131 materiallar 2015-ci ilin may\u0131ndan iyul ay\u0131nad\u0259k olan d\u00f6vr\u00fc \u0259hat\u0259 edir.<\/p>\n","protected":false},"excerpt":{"rendered":"<p>ARANTV.AZ x\u0259b\u0259r verir ki, Az\u0259rbaycan Prezidenti \u0130lham \u018fliyevin oxuculara t\u0259qdim olunan \u201c\u0130nki\u015faf m\u0259qs\u0259dimizdir\u201d \u00e7oxcildli kitab\u0131n\u0131n bu cildind\u0259 Bak\u0131-2015 1-ci Avropa oyunlar\u0131 \u0259r\u0259f\u0259sind\u0259 paytaxt sakinl\u0259ri v\u0259 \u015f\u0259h\u0259rimizin qonaqlar\u0131 \u00fc\u00e7\u00fcn Heyd\u0259r \u018fliyev Fondunun layih\u0259si olan yeni m\u0259d\u0259niyy\u0259t obyektinin, D\u00f6vl\u0259t Bayra\u011f\u0131 Meydan\u0131 \u0259razisind\u0259 muzeyin, Az\u0259rbaycan Evinin a\u00e7\u0131l\u0131\u015flar\u0131, h\u0259m\u00e7inin f\u0259aliyy\u0259t\u0259 ba\u015flayacaq YARAT M\u00fcasir \u0130nc\u0259s\u0259n\u0259t M\u0259rk\u0259zi il\u0259 tan\u0131\u015fl\u0131q, D\u00f6vl\u0259t Bayra\u011f\u0131 Meydan\u0131 \u0259razisind\u0259 Heyd\u0259r \u018fliyev Fondunun daha bir layih\u0259si olan yeni ekspozisiya m\u0259rk\u0259zi, \u00f6lk\u0259mizin t\u0259sviri inc\u0259s\u0259n\u0259tinin inki\u015faf\u0131n\u0131n y\u00fczillik tarixini \u0259hat\u0259 ed\u0259n \u201c20-21-ci \u0259sr Az\u0259rbaycan r\u0259ngkarl\u0131\u011f\u0131\u201d ekspozisiyas\u0131n\u0131n, Bay\u0131l bulvar\u0131n\u0131n a\u00e7\u0131l\u0131\u015flar\u0131, Avropa oyunlar\u0131 park\u0131n\u0131n qar\u015f\u0131s\u0131nda yarad\u0131lan \u015f\u0259raitl\u0259 tan\u0131\u015fl\u0131q&hellip;<\/p>\n","protected":false},"author":2,"featured_media":20069,"comment_status":"closed","ping_status":"closed","sticky":false,"template":"","format":"standard","meta":{"om_disable_all_campaigns":false,"_monsterinsights_skip_tracking":false,"_monsterinsights_sitenote_active":false,"_monsterinsights_sitenote_note":"","_monsterinsights_sitenote_category":0},"categories":[4],"tags":[],"aioseo_notices":[],"gutentor_comment":0,"rttpg_featured_image_url":{"full":["https:\/\/arantv.az\/wp-content\/uploads\/2018\/10\/2s6ubecl3uf7i1asl8th8651h3kit.jpg",666,350,false],"landscape":["https:\/\/arantv.az\/wp-content\/uploads\/2018\/10\/2s6ubecl3uf7i1asl8th8651h3kit.jpg",666,350,false],"portraits":["https:\/\/arantv.az\/wp-content\/uploads\/2018\/10\/2s6ubecl3uf7i1asl8th8651h3kit.jpg",666,350,false],"thumbnail":["https:\/\/arantv.az\/wp-content\/uploads\/2018\/10\/2s6ubecl3uf7i1asl8th8651h3kit-150x150.jpg",150,150,true],"medium":["https:\/\/arantv.az\/wp-content\/uploads\/2018\/10\/2s6ubecl3uf7i1asl8th8651h3kit-300x158.jpg",300,158,true],"large":["https:\/\/arantv.az\/wp-content\/uploads\/2018\/10\/2s6ubecl3uf7i1asl8th8651h3kit.jpg",640,336,false],"1536x1536":["https:\/\/arantv.az\/wp-content\/uploads\/2018\/10\/2s6ubecl3uf7i1asl8th8651h3kit.jpg",666,350,false],"2048x2048":["https:\/\/arantv.az\/wp-content\/uploads\/2018\/10\/2s6ubecl3uf7i1asl8th8651h3kit.jpg",666,350,false],"post-thumbnail":["https:\/\/arantv.az\/wp-content\/uploads\/2018\/10\/2s6ubecl3uf7i1asl8th8651h3kit-240x172.jpg",240,172,true],"advps-thumb-one":["https:\/\/arantv.az\/wp-content\/uploads\/2018\/10\/2s6ubecl3uf7i1asl8th8651h3kit.jpg",666,350,false]},"rttpg_author":{"display_name":"V\u00fcsal Rafiqo\u011flu","author_link":"https:\/\/arantv.az\/?author=2"},"rttpg_comment":0,"rttpg_category":"<a href=\"https:\/\/arantv.az\/?cat=4\" rel=\"category\">Siyas\u0259t<\/a>","rttpg_excerpt":"ARANTV.AZ x\u0259b\u0259r verir ki, Az\u0259rbaycan Prezidenti \u0130lham \u018fliyevin oxuculara t\u0259qdim olunan \u201c\u0130nki\u015faf m\u0259qs\u0259dimizdir\u201d \u00e7oxcildli kitab\u0131n\u0131n bu cildind\u0259 Bak\u0131-2015 1-ci Avropa oyunlar\u0131 \u0259r\u0259f\u0259sind\u0259 paytaxt sakinl\u0259ri v\u0259 \u015f\u0259h\u0259rimizin qonaqlar\u0131 \u00fc\u00e7\u00fcn Heyd\u0259r \u018fliyev Fondunun layih\u0259si olan yeni m\u0259d\u0259niyy\u0259t obyektinin, D\u00f6vl\u0259t Bayra\u011f\u0131 Meydan\u0131 \u0259razisind\u0259 muzeyin, Az\u0259rbaycan Evinin a\u00e7\u0131l\u0131\u015flar\u0131, h\u0259m\u00e7inin f\u0259aliyy\u0259t\u0259 ba\u015flayacaq YARAT M\u00fcasir \u0130nc\u0259s\u0259n\u0259t M\u0259rk\u0259zi il\u0259 tan\u0131\u015fl\u0131q, D\u00f6vl\u0259t Bayra\u011f\u0131&hellip;","_links":{"self":[{"href":"https:\/\/arantv.az\/index.php?rest_route=\/wp\/v2\/posts\/20068"}],"collection":[{"href":"https:\/\/arantv.az\/index.php?rest_route=\/wp\/v2\/posts"}],"about":[{"href":"https:\/\/arantv.az\/index.php?rest_route=\/wp\/v2\/types\/post"}],"author":[{"embeddable":true,"href":"https:\/\/arantv.az\/index.php?rest_route=\/wp\/v2\/users\/2"}],"replies":[{"embeddable":true,"href":"https:\/\/arantv.az\/index.php?rest_route=%2Fwp%2Fv2%2Fcomments&post=20068"}],"version-history":[{"count":0,"href":"https:\/\/arantv.az\/index.php?rest_route=\/wp\/v2\/posts\/20068\/revisions"}],"wp:featuredmedia":[{"embeddable":true,"href":"https:\/\/arantv.az\/index.php?rest_route=\/wp\/v2\/media\/20069"}],"wp:attachment":[{"href":"https:\/\/arantv.az\/index.php?rest_route=%2Fwp%2Fv2%2Fmedia&parent=20068"}],"wp:term":[{"taxonomy":"category","embeddable":true,"href":"https:\/\/arantv.az\/index.php?rest_route=%2Fwp%2Fv2%2Fcategories&post=20068"},{"taxonomy":"post_tag","embeddable":true,"href":"https:\/\/arantv.az\/index.php?rest_route=%2Fwp%2Fv2%2Ftags&post=20068"}],"curies":[{"name":"wp","href":"https:\/\/api.w.org\/{rel}","templated":true}]}}