{"id":20075,"date":"2018-10-19T14:20:38","date_gmt":"2018-10-19T11:20:38","guid":{"rendered":"http:\/\/arantv.az\/?p=20075"},"modified":"2018-10-19T14:20:38","modified_gmt":"2018-10-19T11:20:38","slug":"iranin-nufuzlu-x%c9%99b%c9%99ronlayn-portalinda-bakinin-11-turistik-m%c9%99kani-haqqinda-fotoreportaj-yerl%c9%99sdirilib","status":"publish","type":"post","link":"https:\/\/arantv.az\/?p=20075","title":{"rendered":"\u0130ran\u0131n n\u00fcfuzlu \u201cX\u0259b\u0259ronlayn\u201d portal\u0131nda Bak\u0131n\u0131n 11 turistik m\u0259kan\u0131 haqq\u0131nda fotoreportaj yerl\u0259\u015fdirilib"},"content":{"rendered":"<p><strong>ARANTV.AZ<\/strong> x\u0259b\u0259r verir ki, bir yanda tarixi qurulu\u015f, dig\u0259r hiss\u0259d\u0259 m\u00fcasir memarl\u0131q \u00fcslubu&#8230; \u00a0Avropan\u0131n bu tarixi \u015f\u0259h\u0259rini v\u0259 \u00fcmumiyy\u0259tl\u0259 b\u00fcn\u00fct Az\u0259rbaycan\u0131 g\u00f6rm\u0259k niyy\u0259tind\u0259sinizs\u0259 uzunm\u00fcdd\u0259tli s\u0259f\u0259r edin. Fotoreportajda qeyd olunur ki, \u201cOdlar yurdu\u201d adland\u0131r\u0131lan Az\u0259rbaycan\u0131n ad\u0131 da el\u0259 bundan g\u00f6t\u00fcr\u00fcl\u00fcb. G\u00f6z\u0259l \u00f6lk\u0259, z\u0259ngin m\u0259d\u0259niyy\u0259t, qonaqp\u0259rv\u0259r xalq. 9 iqlim zonas\u0131 olan \u00f6lk\u0259nin co\u011frafiyas\u0131 olduqca m\u00fcxt\u0259lif v\u0259 m\u00f6ht\u0259\u015f\u0259mdir. Oxucular paytaxt\u0131n g\u00f6rm\u0259li yerl\u0259r\u0131ni q\u0259dim \u0130\u00e7\u0259ri\u015f\u0259h\u0259rl\u0259 tan\u0131\u015fl\u0131qdan ba\u015flay\u0131r. Vur\u011fulan\u0131r ki, \u0130\u00e7\u0259ri\u015f\u0259h\u0259r paytaxt\u0131n \u0259n q\u0259dim hiss\u0259si say\u0131l\u0131r. \u0130\u00e7\u0259ri\u015f\u0259h\u0259rin k\u00fc\u00e7\u0259l\u0259rini dola\u015fark\u0259n ikim\u0259rt\u0259b\u0259li, eyvanl\u0131 k\u00f6hn\u0259 evl\u0259rin arxas\u0131nda Bak\u0131n\u0131n yeni \u00fcslublu binalar\u0131n\u0131, o c\u00fcml\u0259d\u0259n \u201cAlov q\u00fcll\u0259l\u0259ri\u201dni g\u00f6rm\u0259k olur. Bu da \u0130\u00e7\u0259ri\u015f\u0259h\u0259rin da\u015f v\u0259 k\u0259rpicd\u0259n tikilmi\u015f evl\u0259ril\u0259 q\u0259rib\u0259 t\u0259zad yarad\u0131r. Q\u0131z qalas\u0131 b\u00f6l\u00fcm\u00fcnd\u0259 is\u0259 29 metr h\u00fcnd\u00fcrl\u00fcy\u00fc olan silindr formal\u0131 bu qalan\u0131n da \u0130\u00e7\u0259ri\u015f\u0259h\u0259rd\u0259 yerl\u0259\u015fdiyi deyilir. Tarixi 7-12 \u0259srl\u0259r\u0259 gedib \u00e7\u0131xan bu tikilinin Bak\u0131n\u0131n r\u0259mzl\u0259rind\u0259n birin\u0259 \u00e7evrildiyi deyilir. Fotoreportajda 2000-ci ild\u0259 UNESCO t\u0259r\u0259find\u0259n qeydiyyata al\u0131nan \u015eirvan\u015fahlar saray\u0131ndan da b\u0259hs olunur. Qeyd edilir ki, tarixi 15-ci \u0259sr\u0259 gedib \u00e7\u0131xan saray tarixsev\u0259rl\u0259r \u00fc\u00e7\u00fcn maraql\u0131 m\u0259kand\u0131r. M\u0259qal\u0259d\u0259 Bak\u0131n\u0131n m\u00fcasir tiklil\u0259rind\u0259n d\u0259 dan\u0131\u015f\u0131l\u0131r.\u00a0 Bu x\u00fcsusda Heyd\u0259r \u018fliyev M\u0259rk\u0259zinin g\u00f6z\u0259lliyi vur\u011fulan\u0131r. Qeyd edilir ki, binan\u0131n memar\u0131 \u0130raq \u0259silli britaniyal\u0131 memar Zaha H\u0259diddir. M\u0259rk\u0259zd\u0259 amfiteatr, Heyd\u0259r \u018fliyev Muzeyi, klassik avtomobill\u0259rd\u0259n ibar\u0259t kolleksiya, tarixi x\u0259zin\u0259l\u0259r, s\u0259rgil\u0259r, ticar\u0259t pavilionlar var. F\u0259vvar\u0259l\u0259r meydan\u0131 da reportajda \u0259ksini tap\u0131b. Bildirilir ki, Bak\u0131n\u0131n \u0259sas meydanlar\u0131ndandan olan bu m\u0259kanda bir \u00e7ox al\u0131\u015f-veri\u015f m\u0259rk\u0259zi, mehmanxanalar, kafe v\u0259 restoranlar yerl\u0259\u015fir. Nizami G\u0259nc\u0259vi ad\u0131na \u018fd\u0259biyyat Muzeyini ziyar\u0259t etm\u0259k \u0259d\u0259biyyat v\u0259 inc\u0259s\u0259n\u0259t sev\u0259nl\u0259r \u00fc\u00e7\u00fcn maraql\u0131 ola bil\u0259r. F\u0259vvar\u0259l\u0259r meydan\u0131n\u0131n yax\u0131nl\u0131\u011f\u0131nda yerl\u0259\u015f\u0259n muzey \u0259slind\u0259, Az\u0259rbaycan m\u0259d\u0259niyy\u0259tini tan\u0131maq \u00fc\u00e7\u00fcn \u0259n yax\u015f\u0131 m\u0259kanlardand\u0131r. \u201cAlov q\u00fcll\u0259l\u0259ri\u201d is\u0259 \u015f\u0259h\u0259rin m\u00fcasirliyinin r\u0259mzidir. Alov formal\u0131 \u00fc\u00e7 q\u00fcll\u0259 Bak\u0131n\u0131n h\u0259r t\u0259r\u0259find\u0259n g\u00f6r\u00fcn\u00fcr. Fotoreportajda D\u0259nizk\u0259nar\u0131 Milli Parkdan da dan\u0131\u015f\u0131l\u0131r. Qeyd edilir ki, X\u0259z\u0259r d\u0259nizi sahili boyunca g\u00f6z\u0259l bir prospekt turistl\u0259rin v\u0259 yerli sakinl\u0259rin sevimli m\u0259kan\u0131d\u0131r. M\u0259hs burada \u201cKi\u00e7ik Venesiya\u201d adland\u0131r\u0131lan g\u00f6z\u0259l bir m\u0259kan yerl\u0259\u015fir. Qeyd olunur ki, Bak\u0131n\u0131n bu hiss\u0259si 1960-c\u0131 ild\u0259 \u0130taliyan\u0131n Venesiya \u015f\u0259h\u0259rind\u0259n ilham al\u0131naraq sal\u0131n\u0131b.<\/p>\n","protected":false},"excerpt":{"rendered":"<p>ARANTV.AZ x\u0259b\u0259r verir ki, bir yanda tarixi qurulu\u015f, dig\u0259r hiss\u0259d\u0259 m\u00fcasir memarl\u0131q \u00fcslubu&#8230; \u00a0Avropan\u0131n bu tarixi \u015f\u0259h\u0259rini v\u0259 \u00fcmumiyy\u0259tl\u0259 b\u00fcn\u00fct Az\u0259rbaycan\u0131 g\u00f6rm\u0259k niyy\u0259tind\u0259sinizs\u0259 uzunm\u00fcdd\u0259tli s\u0259f\u0259r edin. Fotoreportajda qeyd olunur ki, \u201cOdlar yurdu\u201d adland\u0131r\u0131lan Az\u0259rbaycan\u0131n ad\u0131 da el\u0259 bundan g\u00f6t\u00fcr\u00fcl\u00fcb. G\u00f6z\u0259l \u00f6lk\u0259, z\u0259ngin m\u0259d\u0259niyy\u0259t, qonaqp\u0259rv\u0259r xalq. 9 iqlim zonas\u0131 olan \u00f6lk\u0259nin co\u011frafiyas\u0131 olduqca m\u00fcxt\u0259lif v\u0259 m\u00f6ht\u0259\u015f\u0259mdir. Oxucular paytaxt\u0131n g\u00f6rm\u0259li yerl\u0259r\u0131ni q\u0259dim \u0130\u00e7\u0259ri\u015f\u0259h\u0259rl\u0259 tan\u0131\u015fl\u0131qdan ba\u015flay\u0131r. Vur\u011fulan\u0131r ki, \u0130\u00e7\u0259ri\u015f\u0259h\u0259r paytaxt\u0131n \u0259n q\u0259dim hiss\u0259si say\u0131l\u0131r. \u0130\u00e7\u0259ri\u015f\u0259h\u0259rin k\u00fc\u00e7\u0259l\u0259rini dola\u015fark\u0259n ikim\u0259rt\u0259b\u0259li, eyvanl\u0131 k\u00f6hn\u0259 evl\u0259rin arxas\u0131nda Bak\u0131n\u0131n yeni \u00fcslublu binalar\u0131n\u0131, o c\u00fcml\u0259d\u0259n \u201cAlov q\u00fcll\u0259l\u0259ri\u201dni g\u00f6rm\u0259k olur. Bu&hellip;<\/p>\n","protected":false},"author":2,"featured_media":20076,"comment_status":"closed","ping_status":"closed","sticky":false,"template":"","format":"standard","meta":{"om_disable_all_campaigns":false,"_monsterinsights_skip_tracking":false,"_monsterinsights_sitenote_active":false,"_monsterinsights_sitenote_note":"","_monsterinsights_sitenote_category":0},"categories":[4],"tags":[],"aioseo_notices":[],"gutentor_comment":0,"rttpg_featured_image_url":{"full":["https:\/\/arantv.az\/wp-content\/uploads\/2018\/10\/2s6ubecl3uf7i1asl8th8651h3iceri.jpg",1600,900,false],"landscape":["https:\/\/arantv.az\/wp-content\/uploads\/2018\/10\/2s6ubecl3uf7i1asl8th8651h3iceri.jpg",1600,900,false],"portraits":["https:\/\/arantv.az\/wp-content\/uploads\/2018\/10\/2s6ubecl3uf7i1asl8th8651h3iceri.jpg",1600,900,false],"thumbnail":["https:\/\/arantv.az\/wp-content\/uploads\/2018\/10\/2s6ubecl3uf7i1asl8th8651h3iceri-150x150.jpg",150,150,true],"medium":["https:\/\/arantv.az\/wp-content\/uploads\/2018\/10\/2s6ubecl3uf7i1asl8th8651h3iceri-300x169.jpg",300,169,true],"large":["https:\/\/arantv.az\/wp-content\/uploads\/2018\/10\/2s6ubecl3uf7i1asl8th8651h3iceri-1024x576.jpg",640,360,true],"1536x1536":["https:\/\/arantv.az\/wp-content\/uploads\/2018\/10\/2s6ubecl3uf7i1asl8th8651h3iceri.jpg",1536,864,false],"2048x2048":["https:\/\/arantv.az\/wp-content\/uploads\/2018\/10\/2s6ubecl3uf7i1asl8th8651h3iceri.jpg",1600,900,false],"post-thumbnail":["https:\/\/arantv.az\/wp-content\/uploads\/2018\/10\/2s6ubecl3uf7i1asl8th8651h3iceri-240x172.jpg",240,172,true],"advps-thumb-one":["https:\/\/arantv.az\/wp-content\/uploads\/2018\/10\/2s6ubecl3uf7i1asl8th8651h3iceri-1200x620.jpg",1200,620,true]},"rttpg_author":{"display_name":"V\u00fcsal Rafiqo\u011flu","author_link":"https:\/\/arantv.az\/?author=2"},"rttpg_comment":0,"rttpg_category":"<a href=\"https:\/\/arantv.az\/?cat=4\" rel=\"category\">Siyas\u0259t<\/a>","rttpg_excerpt":"ARANTV.AZ x\u0259b\u0259r verir ki, bir yanda tarixi qurulu\u015f, dig\u0259r hiss\u0259d\u0259 m\u00fcasir memarl\u0131q \u00fcslubu&#8230; \u00a0Avropan\u0131n bu tarixi \u015f\u0259h\u0259rini v\u0259 \u00fcmumiyy\u0259tl\u0259 b\u00fcn\u00fct Az\u0259rbaycan\u0131 g\u00f6rm\u0259k niyy\u0259tind\u0259sinizs\u0259 uzunm\u00fcdd\u0259tli s\u0259f\u0259r edin. Fotoreportajda qeyd olunur ki, \u201cOdlar yurdu\u201d adland\u0131r\u0131lan Az\u0259rbaycan\u0131n ad\u0131 da el\u0259 bundan g\u00f6t\u00fcr\u00fcl\u00fcb. G\u00f6z\u0259l \u00f6lk\u0259, z\u0259ngin m\u0259d\u0259niyy\u0259t, qonaqp\u0259rv\u0259r xalq. 9 iqlim zonas\u0131 olan \u00f6lk\u0259nin co\u011frafiyas\u0131 olduqca m\u00fcxt\u0259lif v\u0259 m\u00f6ht\u0259\u015f\u0259mdir.&hellip;","_links":{"self":[{"href":"https:\/\/arantv.az\/index.php?rest_route=\/wp\/v2\/posts\/20075"}],"collection":[{"href":"https:\/\/arantv.az\/index.php?rest_route=\/wp\/v2\/posts"}],"about":[{"href":"https:\/\/arantv.az\/index.php?rest_route=\/wp\/v2\/types\/post"}],"author":[{"embeddable":true,"href":"https:\/\/arantv.az\/index.php?rest_route=\/wp\/v2\/users\/2"}],"replies":[{"embeddable":true,"href":"https:\/\/arantv.az\/index.php?rest_route=%2Fwp%2Fv2%2Fcomments&post=20075"}],"version-history":[{"count":0,"href":"https:\/\/arantv.az\/index.php?rest_route=\/wp\/v2\/posts\/20075\/revisions"}],"wp:featuredmedia":[{"embeddable":true,"href":"https:\/\/arantv.az\/index.php?rest_route=\/wp\/v2\/media\/20076"}],"wp:attachment":[{"href":"https:\/\/arantv.az\/index.php?rest_route=%2Fwp%2Fv2%2Fmedia&parent=20075"}],"wp:term":[{"taxonomy":"category","embeddable":true,"href":"https:\/\/arantv.az\/index.php?rest_route=%2Fwp%2Fv2%2Fcategories&post=20075"},{"taxonomy":"post_tag","embeddable":true,"href":"https:\/\/arantv.az\/index.php?rest_route=%2Fwp%2Fv2%2Ftags&post=20075"}],"curies":[{"name":"wp","href":"https:\/\/api.w.org\/{rel}","templated":true}]}}