{"id":20079,"date":"2018-10-19T15:30:35","date_gmt":"2018-10-19T12:30:35","guid":{"rendered":"http:\/\/arantv.az\/?p=20079"},"modified":"2018-10-19T15:30:35","modified_gmt":"2018-10-19T12:30:35","slug":"bir-sira-qanunlarda-d%c9%99yisiklikl%c9%99r-b%c9%99l%c9%99diyy%c9%99l%c9%99rin-f%c9%99aliyy%c9%99tind%c9%99-cox-faydali-olacaq","status":"publish","type":"post","link":"https:\/\/arantv.az\/?p=20079","title":{"rendered":"Bir s\u0131ra qanunlarda d\u0259yi\u015fiklikl\u0259r b\u0259l\u0259diyy\u0259l\u0259rin f\u0259aliyy\u0259tind\u0259 \u00e7ox faydal\u0131 olacaq"},"content":{"rendered":"<p><strong>Oktyabr\u0131n 19-da Milli M\u0259clisin Regional m\u0259s\u0259l\u0259l\u0259r komit\u0259sinin n\u00f6vb\u0259ti iclas\u0131 ke\u00e7irilib.<\/strong><\/p>\n<p><strong>ARANTV.AZ<\/strong> trend-\u0259 istinad\u0259n x\u0259b\u0259r verir ki, iclas\u0131 a\u00e7an komit\u0259 s\u0259dri Arif R\u0259himzad\u0259 \u0259vv\u0259lc\u0259 &#8220;Yerli (b\u0259l\u0259diyy\u0259) vergil\u0259r v\u0259 \u00f6d\u0259ni\u015fl\u0259r haqq\u0131nda&#8221; qanunda d\u0259yi\u015fiklik edilm\u0259si bar\u0259d\u0259 s\u0259n\u0259di \u015f\u0259rh edib. Qeyd edib ki, \u00f6lk\u0259 Prezidentinin qanunvericilik t\u0259\u015f\u0259bb\u00fcs\u00fc qaydas\u0131nda parlament\u0259 daxil olmu\u015f qanun layih\u0259si &#8220;Da\u015f\u0131nmaz \u0259mlak\u0131n d\u00f6vl\u0259t reyestri haqq\u0131nda&#8221; 2018-ci il 13 fevral tarixli qanunun t\u0259tbiqi il\u0259 \u0259laq\u0259dar haz\u0131rlan\u0131b. Qanunun t\u0259l\u0259bl\u0259rin\u0259 uy\u011fun olaraq s\u0259lahiyy\u0259tl\u0259rinin yerin\u0259 yetirilm\u0259si il\u0259 \u0259laq\u0259dar b\u0259l\u0259diyy\u0259l\u0259r\u0259 m\u00fc\u0259yy\u0259n edilmi\u015f qaydada v\u0259 \u00f6d\u0259ni\u015f \u0259sas\u0131nda da\u015f\u0131nmaz \u0259mlak\u0131n d\u00f6vl\u0259t reyestrinin m\u0259lumatlar\u0131 verilm\u0259lidir.<\/p>\n<p>Bildirilib ki, Nazirl\u0259r Kabinetinin m\u00fcvafiq q\u0259rar\u0131 il\u0259 &#8220;B\u0259l\u0259diyy\u0259l\u0259rin yaz\u0131l\u0131 v\u0259 ya elektron sor\u011fular\u0131 \u0259sas\u0131nda da\u015f\u0131nmaz \u0259mlak\u0131n d\u00f6vl\u0259t reyestrinin m\u0259lumatlar\u0131n\u0131n verilm\u0259 qaydas\u0131 v\u0259 bununla ba\u011fl\u0131 \u00f6d\u0259ni\u015fl\u0259rin miqdar\u0131&#8221; m\u00fc\u0259yy\u0259n edilib. Komit\u0259 s\u0259dri bildirib ki, qanunda edil\u0259n d\u0259yi\u015fiklikl\u0259r \u00f6z\u00fcnd\u0259 bu m\u0259s\u0259l\u0259l\u0259ri ehtiva edir.<\/p>\n<p>Sonra komit\u0259 \u00fczvl\u0259ri &#8220;B\u0259l\u0259diyy\u0259l\u0259rin statusu haqq\u0131nda&#8221; v\u0259 &#8220;B\u0259l\u0259diyy\u0259 maliyy\u0259sinin \u0259saslar\u0131 haqq\u0131nda&#8221; qanun layih\u0259l\u0259rind\u0259 edil\u0259n d\u0259yi\u015fiklikl\u0259ri \u00fc\u00e7\u00fcnc\u00fc oxunu\u015fda m\u00fczakir\u0259 edibl\u0259r. Bildirilib ki, h\u0259r iki s\u0259n\u0259dd\u0259 edil\u0259n d\u0259yi\u015fiklikl\u0259r q\u0259biristanl\u0131qlar\u0131n sal\u0131nmas\u0131 v\u0259 idar\u0259 olunmas\u0131 m\u0259s\u0259l\u0259l\u0259rind\u0259 b\u0259l\u0259diyy\u0259l\u0259rin \u00fcz\u0259rin\u0259 d\u00fc\u015f\u0259n v\u0259zif\u0259l\u0259ri m\u00fc\u0259yy\u0259n edir. Bel\u0259 ki, b\u0259l\u0259diyy\u0259l\u0259rin bu m\u0259s\u0259l\u0259l\u0259ri m\u00fcvafiq icra hakimiyy\u0259ti orqan\u0131 t\u0259r\u0259find\u0259n m\u00fc\u0259yy\u0259n edilmi\u015f qaydalara uy\u011fun olaraq h\u0259yata ke\u00e7irm\u0259diyi hallarda m\u0259suliyy\u0259t m\u0259s\u0259l\u0259sini t\u0259min edir v\u0259 b\u0259l\u0259diyy\u0259 b\u00fcdc\u0259sind\u0259n q\u0259biristanl\u0131qlar\u0131n sal\u0131nmas\u0131, saxlanmas\u0131, qorunmas\u0131, idar\u0259 olunmas\u0131 v\u0259 abadla\u015fd\u0131r\u0131lmas\u0131 m\u0259qs\u0259dil\u0259 z\u0259ruri x\u0259rcl\u0259rin tutulmas\u0131n\u0131 t\u0259sbit edir.<\/p>\n<p>Mill\u0259t v\u0259kill\u0259ri R\u00fcst\u0259m X\u0259lilov, Tahir Rzayev, F\u0259zail \u0130brahimli, Kamran Bayramov, Az\u0259r Badamov, Malik H\u0259s\u0259nov, Cavid Osmanov, d\u0259v\u0259t olunmu\u015f yerli \u00f6z\u00fcn\u00fcidar\u0259etm\u0259 sah\u0259sinin m\u00fct\u0259x\u0259ssisl\u0259ri s\u0259n\u0259dl\u0259rd\u0259 edil\u0259n d\u0259yi\u015fiklikl\u0259rin b\u0259l\u0259diyy\u0259l\u0259rin f\u0259aliyy\u0259tinin t\u0259kmill\u0259\u015fdirilm\u0259si sah\u0259sind\u0259 \u00e7ox faydal\u0131 olaca\u011f\u0131ndan s\u00f6z a\u00e7\u0131blar.<\/p>\n<p>M\u00fczakir\u0259l\u0259rd\u0259n sonra h\u0259r 3 s\u0259n\u0259d Milli M\u0259clisin plenar iclas\u0131na t\u00f6vsiy\u0259 edilib.<\/p>\n","protected":false},"excerpt":{"rendered":"<p>Oktyabr\u0131n 19-da Milli M\u0259clisin Regional m\u0259s\u0259l\u0259l\u0259r komit\u0259sinin n\u00f6vb\u0259ti iclas\u0131 ke\u00e7irilib. ARANTV.AZ trend-\u0259 istinad\u0259n x\u0259b\u0259r verir ki, iclas\u0131 a\u00e7an komit\u0259 s\u0259dri Arif R\u0259himzad\u0259 \u0259vv\u0259lc\u0259 &#8220;Yerli (b\u0259l\u0259diyy\u0259) vergil\u0259r v\u0259 \u00f6d\u0259ni\u015fl\u0259r haqq\u0131nda&#8221; qanunda d\u0259yi\u015fiklik edilm\u0259si bar\u0259d\u0259 s\u0259n\u0259di \u015f\u0259rh edib. Qeyd edib ki, \u00f6lk\u0259 Prezidentinin qanunvericilik t\u0259\u015f\u0259bb\u00fcs\u00fc qaydas\u0131nda parlament\u0259 daxil olmu\u015f qanun layih\u0259si &#8220;Da\u015f\u0131nmaz \u0259mlak\u0131n d\u00f6vl\u0259t reyestri haqq\u0131nda&#8221; 2018-ci il 13 fevral tarixli qanunun t\u0259tbiqi il\u0259 \u0259laq\u0259dar haz\u0131rlan\u0131b. Qanunun t\u0259l\u0259bl\u0259rin\u0259 uy\u011fun olaraq s\u0259lahiyy\u0259tl\u0259rinin yerin\u0259 yetirilm\u0259si il\u0259 \u0259laq\u0259dar b\u0259l\u0259diyy\u0259l\u0259r\u0259 m\u00fc\u0259yy\u0259n edilmi\u015f qaydada v\u0259 \u00f6d\u0259ni\u015f \u0259sas\u0131nda da\u015f\u0131nmaz \u0259mlak\u0131n d\u00f6vl\u0259t reyestrinin m\u0259lumatlar\u0131 verilm\u0259lidir. Bildirilib ki, Nazirl\u0259r Kabinetinin&hellip;<\/p>\n","protected":false},"author":2,"featured_media":20080,"comment_status":"closed","ping_status":"closed","sticky":false,"template":"","format":"standard","meta":{"om_disable_all_campaigns":false,"_monsterinsights_skip_tracking":false,"_monsterinsights_sitenote_active":false,"_monsterinsights_sitenote_note":"","_monsterinsights_sitenote_category":0},"categories":[4],"tags":[],"aioseo_notices":[],"gutentor_comment":0,"rttpg_featured_image_url":{"full":["https:\/\/arantv.az\/wp-content\/uploads\/2018\/10\/milli_meclis_0145.jpg",600,450,false],"landscape":["https:\/\/arantv.az\/wp-content\/uploads\/2018\/10\/milli_meclis_0145.jpg",600,450,false],"portraits":["https:\/\/arantv.az\/wp-content\/uploads\/2018\/10\/milli_meclis_0145.jpg",600,450,false],"thumbnail":["https:\/\/arantv.az\/wp-content\/uploads\/2018\/10\/milli_meclis_0145-150x150.jpg",150,150,true],"medium":["https:\/\/arantv.az\/wp-content\/uploads\/2018\/10\/milli_meclis_0145-300x225.jpg",300,225,true],"large":["https:\/\/arantv.az\/wp-content\/uploads\/2018\/10\/milli_meclis_0145.jpg",600,450,false],"1536x1536":["https:\/\/arantv.az\/wp-content\/uploads\/2018\/10\/milli_meclis_0145.jpg",600,450,false],"2048x2048":["https:\/\/arantv.az\/wp-content\/uploads\/2018\/10\/milli_meclis_0145.jpg",600,450,false],"post-thumbnail":["https:\/\/arantv.az\/wp-content\/uploads\/2018\/10\/milli_meclis_0145-240x172.jpg",240,172,true],"advps-thumb-one":["https:\/\/arantv.az\/wp-content\/uploads\/2018\/10\/milli_meclis_0145.jpg",600,450,false]},"rttpg_author":{"display_name":"V\u00fcsal Rafiqo\u011flu","author_link":"https:\/\/arantv.az\/?author=2"},"rttpg_comment":0,"rttpg_category":"<a href=\"https:\/\/arantv.az\/?cat=4\" rel=\"category\">Siyas\u0259t<\/a>","rttpg_excerpt":"Oktyabr\u0131n 19-da Milli M\u0259clisin Regional m\u0259s\u0259l\u0259l\u0259r komit\u0259sinin n\u00f6vb\u0259ti iclas\u0131 ke\u00e7irilib. ARANTV.AZ trend-\u0259 istinad\u0259n x\u0259b\u0259r verir ki, iclas\u0131 a\u00e7an komit\u0259 s\u0259dri Arif R\u0259himzad\u0259 \u0259vv\u0259lc\u0259 &#8220;Yerli (b\u0259l\u0259diyy\u0259) vergil\u0259r v\u0259 \u00f6d\u0259ni\u015fl\u0259r haqq\u0131nda&#8221; qanunda d\u0259yi\u015fiklik edilm\u0259si bar\u0259d\u0259 s\u0259n\u0259di \u015f\u0259rh edib. Qeyd edib ki, \u00f6lk\u0259 Prezidentinin qanunvericilik t\u0259\u015f\u0259bb\u00fcs\u00fc qaydas\u0131nda parlament\u0259 daxil olmu\u015f qanun layih\u0259si &#8220;Da\u015f\u0131nmaz \u0259mlak\u0131n d\u00f6vl\u0259t reyestri haqq\u0131nda&#8221; 2018-ci&hellip;","_links":{"self":[{"href":"https:\/\/arantv.az\/index.php?rest_route=\/wp\/v2\/posts\/20079"}],"collection":[{"href":"https:\/\/arantv.az\/index.php?rest_route=\/wp\/v2\/posts"}],"about":[{"href":"https:\/\/arantv.az\/index.php?rest_route=\/wp\/v2\/types\/post"}],"author":[{"embeddable":true,"href":"https:\/\/arantv.az\/index.php?rest_route=\/wp\/v2\/users\/2"}],"replies":[{"embeddable":true,"href":"https:\/\/arantv.az\/index.php?rest_route=%2Fwp%2Fv2%2Fcomments&post=20079"}],"version-history":[{"count":0,"href":"https:\/\/arantv.az\/index.php?rest_route=\/wp\/v2\/posts\/20079\/revisions"}],"wp:featuredmedia":[{"embeddable":true,"href":"https:\/\/arantv.az\/index.php?rest_route=\/wp\/v2\/media\/20080"}],"wp:attachment":[{"href":"https:\/\/arantv.az\/index.php?rest_route=%2Fwp%2Fv2%2Fmedia&parent=20079"}],"wp:term":[{"taxonomy":"category","embeddable":true,"href":"https:\/\/arantv.az\/index.php?rest_route=%2Fwp%2Fv2%2Fcategories&post=20079"},{"taxonomy":"post_tag","embeddable":true,"href":"https:\/\/arantv.az\/index.php?rest_route=%2Fwp%2Fv2%2Ftags&post=20079"}],"curies":[{"name":"wp","href":"https:\/\/api.w.org\/{rel}","templated":true}]}}