{"id":20102,"date":"2018-10-19T16:33:35","date_gmt":"2018-10-19T13:33:35","guid":{"rendered":"http:\/\/arantv.az\/?p=20102"},"modified":"2018-10-19T16:33:35","modified_gmt":"2018-10-19T13:33:35","slug":"novruz-m%c9%99mm%c9%99dov-nazirl%c9%99r%c9%99-gost%c9%99risl%c9%99r-verdi-foto","status":"publish","type":"post","link":"https:\/\/arantv.az\/?p=20102","title":{"rendered":"Novruz M\u0259mm\u0259dov nazirl\u0259r\u0259 g\u00f6st\u0259ri\u015fl\u0259r verdi &#8211; FOTO"},"content":{"rendered":"<p>Oktyabr\u0131n 19-da Az\u0259rbaycan Respublikas\u0131n\u0131n ba\u015f naziri\u00a0<strong>Novruz M\u0259mm\u0259dov<\/strong>un s\u0259drliyi il\u0259 \u201cAz\u0259rbaycan Respublikas\u0131 Nazirl\u0259r Kabinetinin 2018-ci il \u00fc\u00e7\u00fcn i\u015f plan\u0131na\u201d uy\u011fun olaraq, Nazirl\u0259r Kabinetinin n\u00f6vb\u0259ti iclas\u0131 ke\u00e7irilib.<\/p>\n<p><b>ARANTV.AZ<\/b> x\u0259b\u0259r verir ki, iclasda \u201cPe\u015f\u0259 t\u0259hsili m\u00fc\u0259ssis\u0259l\u0259ri \u015f\u0259b\u0259k\u0259sinin t\u0259\u015fkili, idar\u0259 edilm\u0259si v\u0259 maliyy\u0259l\u0259\u015fdirilm\u0259sinin t\u0259kmill\u0259\u015fdirilm\u0259si il\u0259 ba\u011fl\u0131 m\u0259s\u0259l\u0259l\u0259rin m\u00fczakir\u0259si \u00fc\u00e7\u00fcn m\u00f6vcud v\u0259ziyy\u0259t v\u0259 qar\u015f\u0131da duran probleml\u0259r\u201d v\u0259 \u201cAz\u0259rbaycan Respublikas\u0131nda t\u0259hsilin inki\u015faf\u0131 \u00fczr\u0259 D\u00f6vl\u0259t Strategiyas\u0131\u201dn\u0131n h\u0259yata ke\u00e7irilm\u0259si il\u0259 ba\u011fl\u0131 F\u0259aliyy\u0259t Plan\u0131\u201dn\u0131n icra v\u0259ziyy\u0259ti m\u00fczakir\u0259 olunub.<\/p>\n<p>\u018fsas\u0131 \u00fcmummilli lider Heyd\u0259r \u018fliyev t\u0259r\u0259find\u0259n qoyulan t\u0259hsil islahatlar\u0131n\u0131n Az\u0259rbaycan Respublikas\u0131n\u0131n prezidenti \u0130lham \u018fliyevin r\u0259hb\u0259rliyi il\u0259 u\u011furla davam etdirildiyini vur\u011fulayan ba\u015f nazir Novruz M\u0259mm\u0259dov, d\u00f6vl\u0259timizin ba\u015f\u00e7\u0131s\u0131n\u0131n 15 illik prezidentliyi d\u00f6vr\u00fcnd\u0259 t\u0259hsil sah\u0259sinin d\u0259 dinamik inki\u015faf etdiyini diqq\u0259t\u0259 \u00e7atd\u0131r\u0131b.<\/p>\n<p>X\u00fcsus\u0259n \u201cAz\u0259rbaycan Respublikas\u0131nda t\u0259hsilin inki\u015faf\u0131 \u00fczr\u0259 D\u00f6vl\u0259t Strategiyas\u0131\u201dn\u0131n q\u0259bul edilm\u0259si Az\u0259rbaycan Respublikas\u0131n\u0131n prezidenti \u0130lham \u018fliyevin t\u0259hsil\u0259 g\u00f6st\u0259rdiyi b\u00f6y\u00fck diqq\u0259t v\u0259 qay\u011f\u0131n\u0131n t\u0259c\u0259ss\u00fcm\u00fcd\u00fcr.<\/p>\n<p>Ba\u015f nazir \u00f6t\u0259n m\u00fcdd\u0259t \u0259rzind\u0259 \u00f6lk\u0259mizd\u0259 t\u0259hsil sah\u0259sind\u0259 m\u00fcsb\u0259t dinamikan\u0131n m\u00fc\u015fahid\u0259 olundu\u011funu, bir s\u0131ra \u0259sasl\u0131 nailiyy\u0259tl\u0259rin \u0259ld\u0259 edildiyini deyib.<\/p>\n<p>N.M\u0259mm\u0259dov bildirib ki, Strategiyada n\u0259z\u0259rd\u0259 tutulmu\u015f be\u015f m\u00fch\u00fcm istiqam\u0259t m\u00fc\u0259yy\u0259n edilib, h\u0259d\u0259fl\u0259r\u0259 nail olmaq \u00fc\u00e7\u00fcn t\u0259hsilin m\u00fcxt\u0259lif pill\u0259 v\u0259 s\u0259viyy\u0259l\u0259rin\u0259, o c\u00fcml\u0259d\u0259n pe\u015f\u0259 t\u0259hsili pill\u0259sin\u0259 aid d\u00f6vl\u0259t s\u0259n\u0259dl\u0259ri q\u0259bul olunub, qanunvericilik bazas\u0131n\u0131n t\u0259kmill\u0259\u015fdirilm\u0259si m\u0259qs\u0259dil\u0259 t\u0259dbirl\u0259r g\u00f6r\u00fcl\u00fcb.<\/p>\n<p>\u201cT\u0259hsilin inki\u015faf\u0131na dair D\u00f6vl\u0259t Strategiyas\u0131\u201dn\u0131n v\u0259 \u201cAz\u0259rbaycan Respublikas\u0131nda pe\u015f\u0259 t\u0259hsili v\u0259 t\u0259liminin inki\u015faf\u0131na dair Strateji Yol X\u0259rit\u0259si\u201dnin \u0259sas h\u0259d\u0259fi \u00f6lk\u0259 iqtisadiyyat\u0131n\u0131n inki\u015faf\u0131na uy\u011fun olaraq \u00e7evik v\u0259 bazary\u00f6n\u00fcml\u00fc pe\u015f\u0259 t\u0259hsili sisteminin yarad\u0131lmas\u0131 v\u0259 f\u0259aliyy\u0259tinin t\u0259min edilm\u0259sidir. Bu m\u0259qs\u0259dl\u0259 respublikada pe\u015f\u0259 t\u0259hsili m\u00fc\u0259ssis\u0259l\u0259ri \u015f\u0259b\u0259k\u0259sinin rasionalla\u015fd\u0131r\u0131lmas\u0131 v\u0259 t\u0259\u015fkili il\u0259 ba\u011fl\u0131 Nazirl\u0259r Kabineti m\u00fcvafiq q\u0259rarlar q\u0259bul edib.<\/p>\n<p>Bununla yana\u015f\u0131, m\u00fczakir\u0259 olunan sah\u0259d\u0259ki m\u00f6vcud probleml\u0259r\u0259 d\u0259 toxunan Ba\u015f nazir Novruz M\u0259mm\u0259dov bildirib ki, m\u00fcasir \u00e7a\u011f\u0131r\u0131\u015flara cavab ver\u0259n, \u0259m\u0259k bazar\u0131n\u0131n t\u0259l\u0259bl\u0259rin\u0259 uy\u011fun pe\u015f\u0259l\u0259r \u00fczr\u0259 kadr haz\u0131rl\u0131\u011f\u0131n\u0131 t\u0259min ed\u0259n ixtisasla\u015fd\u0131r\u0131lm\u0131\u015f pe\u015f\u0259 t\u0259dris m\u0259rk\u0259zl\u0259rinin yarad\u0131lmas\u0131 x\u00fcsusil\u0259 \u00f6n\u0259mlidir.<\/p>\n<p>Lakin pe\u015f\u0259 t\u0259hsili m\u00fc\u0259ssis\u0259l\u0259ri \u015f\u0259b\u0259k\u0259sinin optimalla\u015fd\u0131r\u0131lmas\u0131, yeni pe\u015f\u0259 t\u0259hsili m\u0259rk\u0259zl\u0259rinin yarad\u0131lmas\u0131 bu tipli m\u00fc\u0259ssis\u0259l\u0259rd\u0259 m\u00fcasir t\u0259l\u0259bl\u0259r\u0259 cavab ver\u0259n maddi-texniki baza v\u0259 t\u0259hsil \u015f\u0259raiti olmadan s\u0259m\u0259r\u0259 ver\u0259 bilm\u0259z.<\/p>\n<p>Bu bax\u0131mdan \u201cT\u0259hsilin inki\u015faf\u0131 \u00fczr\u0259 D\u00f6vl\u0259t Strategiyas\u0131\u201dn\u0131n \u0259sas m\u0259qs\u0259dl\u0259ri \u00f6lk\u0259d\u0259 \u0259n yeni texnologiyalara \u0259saslanan infrastruktura malik, keyfiyy\u0259t n\u0259tic\u0259l\u0259rin\u0259 v\u0259 \u0259hat\u0259liliyin\u0259 g\u00f6r\u0259 qabaqc\u0131l m\u00f6vqe tutan t\u0259hsil sistemini yaratmaq, Az\u0259rbaycan\u0131n t\u0259hsil sistemini iqtisadi c\u0259h\u0259td\u0259n dayan\u0131ql\u0131 v\u0259 d\u00fcnyan\u0131n apar\u0131c\u0131 t\u0259hsil sisteml\u0259rinin standartlar\u0131na uy\u011funla\u015fd\u0131rmaq, n\u0259tic\u0259 etibar\u0131 il\u0259 \u00f6lk\u0259nin davaml\u0131 inki\u015faf\u0131n\u0131 t\u0259min etm\u0259kdir.<\/p>\n<p>Sonra g\u00fcnd\u0259likd\u0259 duran h\u0259r iki m\u0259s\u0259l\u0259y\u0259 dair t\u0259hsil naziri Ceyhun Bayramovun m\u0259ruz\u0259l\u0259ri dinl\u0259nilib.<\/p>\n<p>M\u0259ruz\u0259l\u0259r \u0259traf\u0131nda \u0259m\u0259k v\u0259 \u0259halinin sosial m\u00fcdafi\u0259si naziri Sahil Babayev, D\u00f6vl\u0259t \u0130mtahan M\u0259rk\u0259zinin Direktorlar \u015euras\u0131n\u0131n s\u0259dr m\u00fcavini Namiq Babayev, Nazirl\u0259r Kabinetinin \u015f\u00f6b\u0259 m\u00fcdiri Musa \u018fl\u0259kb\u0259rov v\u0259 ba\u015fqalar\u0131 \u00e7\u0131x\u0131\u015f edibl\u0259r.<\/p>\n<p>\u00d6lk\u0259d\u0259 t\u0259hsilin inki\u015faf\u0131 m\u0259s\u0259l\u0259l\u0259rin\u0259 dair apar\u0131lan \u0259trafl\u0131 fikir m\u00fcbadil\u0259sind\u0259n sonra m\u00fczakir\u0259l\u0259r\u0259 yekun vuran ba\u015f nazir Novruz M\u0259mm\u0259dov n\u0259z\u0259rd\u0259 tutulmu\u015f tap\u015f\u0131r\u0131qlar\u0131n icras\u0131 il\u0259 \u0259laq\u0259dar m\u00fcvafiq g\u00f6st\u0259ri\u015fl\u0259r verib.<\/p>\n<div class=\"gallery\">\n<div class=\"gallery-i\"><img src=\"https:\/\/assets.oxu.az\/uploads\/W1siZiIsIjIwMTgvMTAvMTkvMTcvMTYvNTEvYThhNTMzY2UtMzk0Ny00ZDM3LTkwNmEtZDk1YzMwMjI5NmM4LzEuanBnIl0sWyJwIiwiZW5jb2RlIiwianBnIiwiLXF1YWxpdHkgODAiXSxbInAiLCJ0aHVtYiIsIjU5MHg1OTBcdTAwM2UiXV0?sha=574fadd39f913aab\" \/><\/p>\n<div class=\"gallery-i-caption\"><\/div>\n<\/div>\n<div class=\"gallery-i\"><img src=\"https:\/\/assets.oxu.az\/uploads\/W1siZiIsIjIwMTgvMTAvMTkvMTcvMTYvNTIvMzJkYThlYTMtNDc1Yy00ZTZmLWI5MGMtNzUxNzE0N2RlMGNhLzIuanBnIl0sWyJwIiwiZW5jb2RlIiwianBnIiwiLXF1YWxpdHkgODAiXSxbInAiLCJ0aHVtYiIsIjU5MHg1OTBcdTAwM2UiXV0?sha=30959a3853b96245\" \/><\/p>\n<div class=\"gallery-i-caption\"><\/div>\n<\/div>\n<div class=\"gallery-i\"><img src=\"https:\/\/assets.oxu.az\/uploads\/W1siZiIsIjIwMTgvMTAvMTkvMTcvMTYvNTMvNzEyYmM5NmMtMjQ1My00YjI3LTg0YTktMjljZTEwMTBhMDMxLzQuanBnIl0sWyJwIiwiZW5jb2RlIiwianBnIiwiLXF1YWxpdHkgODAiXSxbInAiLCJ0aHVtYiIsIjU5MHg1OTBcdTAwM2UiXV0?sha=5260db8a9fbdaef8\" \/><\/div>\n<div>oxu.az<\/div>\n<\/div>\n","protected":false},"excerpt":{"rendered":"<p>Oktyabr\u0131n 19-da Az\u0259rbaycan Respublikas\u0131n\u0131n ba\u015f naziri\u00a0Novruz M\u0259mm\u0259dovun s\u0259drliyi il\u0259 \u201cAz\u0259rbaycan Respublikas\u0131 Nazirl\u0259r Kabinetinin 2018-ci il \u00fc\u00e7\u00fcn i\u015f plan\u0131na\u201d uy\u011fun olaraq, Nazirl\u0259r Kabinetinin n\u00f6vb\u0259ti iclas\u0131 ke\u00e7irilib. ARANTV.AZ x\u0259b\u0259r verir ki, iclasda \u201cPe\u015f\u0259 t\u0259hsili m\u00fc\u0259ssis\u0259l\u0259ri \u015f\u0259b\u0259k\u0259sinin t\u0259\u015fkili, idar\u0259 edilm\u0259si v\u0259 maliyy\u0259l\u0259\u015fdirilm\u0259sinin t\u0259kmill\u0259\u015fdirilm\u0259si il\u0259 ba\u011fl\u0131 m\u0259s\u0259l\u0259l\u0259rin m\u00fczakir\u0259si \u00fc\u00e7\u00fcn m\u00f6vcud v\u0259ziyy\u0259t v\u0259 qar\u015f\u0131da duran probleml\u0259r\u201d v\u0259 \u201cAz\u0259rbaycan Respublikas\u0131nda t\u0259hsilin inki\u015faf\u0131 \u00fczr\u0259 D\u00f6vl\u0259t Strategiyas\u0131\u201dn\u0131n h\u0259yata ke\u00e7irilm\u0259si il\u0259 ba\u011fl\u0131 F\u0259aliyy\u0259t Plan\u0131\u201dn\u0131n icra v\u0259ziyy\u0259ti m\u00fczakir\u0259 olunub. \u018fsas\u0131 \u00fcmummilli lider Heyd\u0259r \u018fliyev t\u0259r\u0259find\u0259n qoyulan t\u0259hsil islahatlar\u0131n\u0131n Az\u0259rbaycan Respublikas\u0131n\u0131n prezidenti \u0130lham \u018fliyevin r\u0259hb\u0259rliyi il\u0259 u\u011furla davam etdirildiyini vur\u011fulayan ba\u015f&hellip;<\/p>\n","protected":false},"author":2,"featured_media":20103,"comment_status":"closed","ping_status":"closed","sticky":false,"template":"","format":"standard","meta":{"om_disable_all_campaigns":false,"_monsterinsights_skip_tracking":false,"_monsterinsights_sitenote_active":false,"_monsterinsights_sitenote_note":"","_monsterinsights_sitenote_category":0},"categories":[19],"tags":[],"aioseo_notices":[],"gutentor_comment":0,"rttpg_featured_image_url":{"full":["https:\/\/arantv.az\/wp-content\/uploads\/2018\/10\/1-4.jpg",620,422,false],"landscape":["https:\/\/arantv.az\/wp-content\/uploads\/2018\/10\/1-4.jpg",620,422,false],"portraits":["https:\/\/arantv.az\/wp-content\/uploads\/2018\/10\/1-4.jpg",620,422,false],"thumbnail":["https:\/\/arantv.az\/wp-content\/uploads\/2018\/10\/1-4-150x150.jpg",150,150,true],"medium":["https:\/\/arantv.az\/wp-content\/uploads\/2018\/10\/1-4-300x204.jpg",300,204,true],"large":["https:\/\/arantv.az\/wp-content\/uploads\/2018\/10\/1-4.jpg",620,422,false],"1536x1536":["https:\/\/arantv.az\/wp-content\/uploads\/2018\/10\/1-4.jpg",620,422,false],"2048x2048":["https:\/\/arantv.az\/wp-content\/uploads\/2018\/10\/1-4.jpg",620,422,false],"post-thumbnail":["https:\/\/arantv.az\/wp-content\/uploads\/2018\/10\/1-4-240x172.jpg",240,172,true],"advps-thumb-one":["https:\/\/arantv.az\/wp-content\/uploads\/2018\/10\/1-4.jpg",620,422,false]},"rttpg_author":{"display_name":"V\u00fcsal Rafiqo\u011flu","author_link":"https:\/\/arantv.az\/?author=2"},"rttpg_comment":0,"rttpg_category":"<a href=\"https:\/\/arantv.az\/?cat=19\" rel=\"category\">G\u00fcnd\u0259m<\/a>","rttpg_excerpt":"Oktyabr\u0131n 19-da Az\u0259rbaycan Respublikas\u0131n\u0131n ba\u015f naziri\u00a0Novruz M\u0259mm\u0259dovun s\u0259drliyi il\u0259 \u201cAz\u0259rbaycan Respublikas\u0131 Nazirl\u0259r Kabinetinin 2018-ci il \u00fc\u00e7\u00fcn i\u015f plan\u0131na\u201d uy\u011fun olaraq, Nazirl\u0259r Kabinetinin n\u00f6vb\u0259ti iclas\u0131 ke\u00e7irilib. ARANTV.AZ x\u0259b\u0259r verir ki, iclasda \u201cPe\u015f\u0259 t\u0259hsili m\u00fc\u0259ssis\u0259l\u0259ri \u015f\u0259b\u0259k\u0259sinin t\u0259\u015fkili, idar\u0259 edilm\u0259si v\u0259 maliyy\u0259l\u0259\u015fdirilm\u0259sinin t\u0259kmill\u0259\u015fdirilm\u0259si il\u0259 ba\u011fl\u0131 m\u0259s\u0259l\u0259l\u0259rin m\u00fczakir\u0259si \u00fc\u00e7\u00fcn m\u00f6vcud v\u0259ziyy\u0259t v\u0259 qar\u015f\u0131da duran probleml\u0259r\u201d v\u0259 \u201cAz\u0259rbaycan Respublikas\u0131nda t\u0259hsilin&hellip;","_links":{"self":[{"href":"https:\/\/arantv.az\/index.php?rest_route=\/wp\/v2\/posts\/20102"}],"collection":[{"href":"https:\/\/arantv.az\/index.php?rest_route=\/wp\/v2\/posts"}],"about":[{"href":"https:\/\/arantv.az\/index.php?rest_route=\/wp\/v2\/types\/post"}],"author":[{"embeddable":true,"href":"https:\/\/arantv.az\/index.php?rest_route=\/wp\/v2\/users\/2"}],"replies":[{"embeddable":true,"href":"https:\/\/arantv.az\/index.php?rest_route=%2Fwp%2Fv2%2Fcomments&post=20102"}],"version-history":[{"count":0,"href":"https:\/\/arantv.az\/index.php?rest_route=\/wp\/v2\/posts\/20102\/revisions"}],"wp:featuredmedia":[{"embeddable":true,"href":"https:\/\/arantv.az\/index.php?rest_route=\/wp\/v2\/media\/20103"}],"wp:attachment":[{"href":"https:\/\/arantv.az\/index.php?rest_route=%2Fwp%2Fv2%2Fmedia&parent=20102"}],"wp:term":[{"taxonomy":"category","embeddable":true,"href":"https:\/\/arantv.az\/index.php?rest_route=%2Fwp%2Fv2%2Fcategories&post=20102"},{"taxonomy":"post_tag","embeddable":true,"href":"https:\/\/arantv.az\/index.php?rest_route=%2Fwp%2Fv2%2Ftags&post=20102"}],"curies":[{"name":"wp","href":"https:\/\/api.w.org\/{rel}","templated":true}]}}