{"id":20108,"date":"2018-10-19T16:35:44","date_gmt":"2018-10-19T13:35:44","guid":{"rendered":"http:\/\/arantv.az\/?p=20108"},"modified":"2018-10-19T16:35:44","modified_gmt":"2018-10-19T13:35:44","slug":"q%c9%99biristanliqlar-m%c9%99s%c9%99l%c9%99si-yenid%c9%99n-muzakir%c9%99-movzusu-oldu","status":"publish","type":"post","link":"https:\/\/arantv.az\/?p=20108","title":{"rendered":"Q\u0259biristanl\u0131qlar m\u0259s\u0259l\u0259si yenid\u0259n m\u00fczakir\u0259 m\u00f6vzusu oldu"},"content":{"rendered":"<p>Milli M\u0259clisin (MM) Regional m\u0259s\u0259l\u0259l\u0259r komit\u0259sinin iclas\u0131 ke\u00e7irilib.<\/p>\n<p><strong>ARANTV.AZ<\/strong>\u00a0x\u0259b\u0259r verir ki, komit\u0259nin s\u0259dri\u00a0<strong>Arif R\u0259himzad\u0259<\/strong>\u00a0iclas\u0131n g\u00fcnd\u0259liyini t\u0259qdim edib.<\/p>\n<p>Komit\u0259 s\u0259dri \u201cYerli (b\u0259l\u0259diyy\u0259) vergil\u0259r v\u0259 \u00f6d\u0259ni\u015fl\u0259r haqq\u0131nda\u201d qanunda d\u0259yi\u015fiklik edilm\u0259si bar\u0259d\u0259 qanun layih\u0259si il\u0259 ba\u011fl\u0131 m\u0259lumat verib. Bildirib ki, bu ilin fevral\u0131nda \u201cDa\u015f\u0131nmaz \u0259mlak\u0131n d\u00f6vl\u0259t reyestri haqq\u0131nda\u201d qanun q\u0259bul edilib:<\/p>\n<p>\u201cH\u0259min s\u0259n\u0259d\u0259 \u0259sas\u0259n, b\u0259l\u0259diyy\u0259l\u0259r bundan sonra da\u015f\u0131nmaz \u0259mlak\u0131 \u0259ld\u0259 etm\u0259k \u00fc\u00e7\u00fcn bilavasit\u0259 reyestr\u0259 m\u00fcraci\u0259t ed\u0259 bil\u0259rl\u0259r. Bu, vacib bir layih\u0259dir. Ona g\u00f6r\u0259 ki, da\u015f\u0131nmaz \u0259mlakdan vergi tutulmas\u0131 b\u0259l\u0259diyy\u0259l\u0259r \u00fc\u00e7\u00fcn vacib g\u0259lir m\u0259nb\u0259l\u0259rind\u0259n biri olmal\u0131d\u0131r. Amma \u0259fsuslar olsun ki, indiy\u0259d\u0259k olmay\u0131b. \u00c7\u00fcnki b\u0259l\u0259diyy\u0259l\u0259rin \u0259halinin ixtiyar\u0131nda olan da\u015f\u0131nmaz \u0259mlak\u0131n sah\u0259si bar\u0259d\u0259 m\u0259lumat\u0131 yox idi. M\u00f6vcud qanunda n\u0259z\u0259rd\u0259 tutulur ki, b\u0259l\u0259diyy\u0259l\u0259r yaz\u0131l\u0131 sur\u0259td\u0259, ya da elektron qaydada m\u00fcraci\u0259t ed\u0259 bil\u0259rdil\u0259r v\u0259 m\u00fcraci\u0259t\u0259 g\u00f6r\u0259 onlara tam m\u0259lumat verilm\u0259li idi.<\/p>\n<p>Haz\u0131rda h\u0259min qanunun 8.0.1-ci v\u0259 8.0.2-ci madd\u0259l\u0259rind\u0259 n\u0259z\u0259rd\u0259 tutulmu\u015f vergil\u0259rin y\u0131\u011f\u0131lmas\u0131 \u00fc\u00e7\u00fcn b\u0259l\u0259diyy\u0259l\u0259r \u0259razil\u0259rind\u0259 yerl\u0259\u015f\u0259n vergitutma obyektl\u0259rinin m\u00fc\u0259yy\u0259n edilm\u0259si m\u0259qs\u0259dil\u0259 da\u015f\u0131nmaz \u0259mlak\u0131n d\u00f6vl\u0259t reyestrind\u0259n qanunla m\u00fc\u0259yy\u0259nl\u0259\u015fdirilmi\u015f qaydada m\u0259lumat ala bil\u0259rl\u0259r\u201d.<\/p>\n<p>Qeyd olunub ki, \u201cYerli (b\u0259l\u0259diyy\u0259) vergil\u0259r v\u0259 \u00f6d\u0259ni\u015fl\u0259r haqq\u0131nda\u201d qanunda d\u0259yi\u015fiklik edilm\u0259si bar\u0259d\u0259 qanun layih\u0259si is\u0259 \u201cDa\u015f\u0131nmaz \u0259mlak\u0131n d\u00f6vl\u0259t reyestri haqq\u0131nda\u201d 2018-ci il 13 fevral tarixli qanunun t\u0259tbiqi il\u0259 \u0259laq\u0259dar haz\u0131rlan\u0131b.<\/p>\n<p>Sonra \u201cB\u0259l\u0259diyy\u0259l\u0259rin statusu haqq\u0131nda\u201d qanunda d\u0259yi\u015fiklik edilm\u0259si bar\u0259d\u0259 qanun layih\u0259si \u00fc\u00e7\u00fcnc\u00fc oxunu\u015fda n\u0259z\u0259rd\u0259n ke\u00e7irilib.<\/p>\n<p>Qeyd edilib ki, q\u0259biristanl\u0131qlar\u0131n sal\u0131nmas\u0131 v\u0259 idar\u0259 olunmas\u0131 m\u00fcvafiq icra hakimiyy\u0259ti orqan\u0131 t\u0259r\u0259find\u0259n m\u00fc\u0259yy\u0259n edilmi\u015f qaydalara uy\u011fun \u015f\u0259kild\u0259 h\u0259yata ke\u00e7irilir:<\/p>\n<p>\u201cH\u0259min qaydalar\u0131n t\u0259l\u0259bl\u0259rini pozan \u015f\u0259xsl\u0259r Az\u0259rbaycan respublikas\u0131n\u0131n \u0130nzibati X\u0259talar M\u0259c\u0259ll\u0259sind\u0259 n\u0259z\u0259rd\u0259 tutulmu\u015f hallarda m\u0259suliyy\u0259t da\u015f\u0131y\u0131rlar\u201d.<\/p>\n<p>Bildirilib ki, \u201cB\u0259l\u0259diyy\u0259l\u0259rin statusu haqq\u0131nda\u201d qanunda d\u0259yi\u015fiklik edilm\u0259si bar\u0259d\u0259\u201d qanun layih\u0259sind\u0259 q\u0259biristanl\u0131qlar\u0131n sal\u0131nmas\u0131 v\u0259 idar\u0259 olunmas\u0131 m\u0259s\u0259l\u0259l\u0259rind\u0259 b\u0259l\u0259diyy\u0259l\u0259rin \u00fcz\u0259rin\u0259 d\u00fc\u015f\u0259n v\u0259zif\u0259l\u0259rin m\u00fcvafiq icra hakimiyy\u0259ti orqan\u0131 t\u0259r\u0259find\u0259n m\u00fc\u0259yy\u0259n edilmi\u015f qaydalara uy\u011fun olaraq h\u0259yata ke\u00e7irilm\u0259diyi hallarda m\u0259suliyy\u0259t m\u0259s\u0259l\u0259sini t\u0259min etm\u0259k m\u0259qs\u0259dil\u0259 4-c\u00fc madd\u0259y\u0259 yuxar\u0131da g\u00f6st\u0259ril\u0259n d\u0259yi\u015fikliyin edilm\u0259si t\u0259klif olunur.<\/p>\n<p>Bundan \u0259lav\u0259, \u201cB\u0259l\u0259diyy\u0259l\u0259rin maliyy\u0259sinin \u0259saslar\u0131 haqq\u0131nda\u201d qanunda d\u0259yi\u015fiklik edilm\u0259si bar\u0259d\u0259 qanun layih\u0259sin\u0259 \u00fc\u00e7\u00fcnc\u00fc oxunu\u015fda bax\u0131l\u0131b.<\/p>\n<p>Bildirilib ki, b\u0259l\u0259diyy\u0259l\u0259rin \u0259razisind\u0259 q\u0259biristanl\u0131qlar\u0131n sal\u0131nmas\u0131, saxlan\u0131lmas\u0131, qorunmas\u0131, idar\u0259 olunmas\u0131, abadla\u015fd\u0131r\u0131lmas\u0131 v\u0259 b\u0259l\u0259diyy\u0259l\u0259rin \u0259razisind\u0259 ya\u015fayan \u0259halinin azt\u0259minatl\u0131 t\u0259b\u0259q\u0259sind\u0259n olan m\u0259rhumlar\u0131n d\u0259fn v\u0259 yas m\u0259rasiml\u0259rinin t\u0259\u015fkilin\u0259 yard\u0131m m\u0259qs\u0259dil\u0259 yerli b\u00fcdc\u0259d\u0259 z\u0259ruri x\u0259rcl\u0259r n\u0259z\u0259rd\u0259 tutulur v\u0259 t\u0259yinat\u0131 \u00fczr\u0259 s\u0259rf edilir.<\/p>\n<p>Diqq\u0259t\u0259 \u00e7atd\u0131r\u0131l\u0131b ki, \u201cB\u0259l\u0259diyy\u0259l\u0259rin maliyy\u0259sinin \u0259saslar\u0131 haqq\u0131nda\u201d qanunda d\u0259yi\u015fiklik edilm\u0259si bar\u0259d\u0259\u201d qanun layih\u0259si \u201cB\u0259l\u0259diyy\u0259l\u0259rin statusu haqq\u0131nda\u201d qanunda d\u0259yi\u015fiklikl\u0259r edilm\u0259si bar\u0259d\u0259\u201d 2017-ci il 29 dekabr tarixli qanuna uy\u011fun olaraq haz\u0131rlan\u0131b v\u0259 yerli (b\u0259l\u0259diyy\u0259) b\u00fcdc\u0259d\u0259 q\u0259biristanl\u0131qlar\u0131n sal\u0131nmas\u0131, saxlan\u0131lmas\u0131, qorunmas\u0131, idar\u0259 olunmas\u0131, abadla\u015fd\u0131r\u0131lmas\u0131 m\u0259qs\u0259dil\u0259 z\u0259ruri x\u0259rcl\u0259rin n\u0259z\u0259rd\u0259 tutulmas\u0131n\u0131 t\u0259sbit edir.<\/p>\n<p>H\u0259r \u00fc\u00e7 qanun layih\u0259si m\u00fczakir\u0259l\u0259rd\u0259n sonra plenar iclasa t\u00f6vsiy\u0259 edilib.<\/p>\n<p>oxu.az<\/p>\n","protected":false},"excerpt":{"rendered":"<p>Milli M\u0259clisin (MM) Regional m\u0259s\u0259l\u0259l\u0259r komit\u0259sinin iclas\u0131 ke\u00e7irilib. ARANTV.AZ\u00a0x\u0259b\u0259r verir ki, komit\u0259nin s\u0259dri\u00a0Arif R\u0259himzad\u0259\u00a0iclas\u0131n g\u00fcnd\u0259liyini t\u0259qdim edib. Komit\u0259 s\u0259dri \u201cYerli (b\u0259l\u0259diyy\u0259) vergil\u0259r v\u0259 \u00f6d\u0259ni\u015fl\u0259r haqq\u0131nda\u201d qanunda d\u0259yi\u015fiklik edilm\u0259si bar\u0259d\u0259 qanun layih\u0259si il\u0259 ba\u011fl\u0131 m\u0259lumat verib. Bildirib ki, bu ilin fevral\u0131nda \u201cDa\u015f\u0131nmaz \u0259mlak\u0131n d\u00f6vl\u0259t reyestri haqq\u0131nda\u201d qanun q\u0259bul edilib: \u201cH\u0259min s\u0259n\u0259d\u0259 \u0259sas\u0259n, b\u0259l\u0259diyy\u0259l\u0259r bundan sonra da\u015f\u0131nmaz \u0259mlak\u0131 \u0259ld\u0259 etm\u0259k \u00fc\u00e7\u00fcn bilavasit\u0259 reyestr\u0259 m\u00fcraci\u0259t ed\u0259 bil\u0259rl\u0259r. Bu, vacib bir layih\u0259dir. Ona g\u00f6r\u0259 ki, da\u015f\u0131nmaz \u0259mlakdan vergi tutulmas\u0131 b\u0259l\u0259diyy\u0259l\u0259r \u00fc\u00e7\u00fcn vacib g\u0259lir m\u0259nb\u0259l\u0259rind\u0259n biri olmal\u0131d\u0131r. Amma \u0259fsuslar olsun ki, indiy\u0259d\u0259k olmay\u0131b. \u00c7\u00fcnki b\u0259l\u0259diyy\u0259l\u0259rin&hellip;<\/p>\n","protected":false},"author":2,"featured_media":20109,"comment_status":"closed","ping_status":"closed","sticky":false,"template":"","format":"standard","meta":{"om_disable_all_campaigns":false,"_monsterinsights_skip_tracking":false,"_monsterinsights_sitenote_active":false,"_monsterinsights_sitenote_note":"","_monsterinsights_sitenote_category":0},"categories":[1],"tags":[],"aioseo_notices":[],"gutentor_comment":0,"rttpg_featured_image_url":{"full":["https:\/\/arantv.az\/wp-content\/uploads\/2018\/10\/qebirstanliq-1.jpg",600,400,false],"landscape":["https:\/\/arantv.az\/wp-content\/uploads\/2018\/10\/qebirstanliq-1.jpg",600,400,false],"portraits":["https:\/\/arantv.az\/wp-content\/uploads\/2018\/10\/qebirstanliq-1.jpg",600,400,false],"thumbnail":["https:\/\/arantv.az\/wp-content\/uploads\/2018\/10\/qebirstanliq-1-150x150.jpg",150,150,true],"medium":["https:\/\/arantv.az\/wp-content\/uploads\/2018\/10\/qebirstanliq-1-300x200.jpg",300,200,true],"large":["https:\/\/arantv.az\/wp-content\/uploads\/2018\/10\/qebirstanliq-1.jpg",600,400,false],"1536x1536":["https:\/\/arantv.az\/wp-content\/uploads\/2018\/10\/qebirstanliq-1.jpg",600,400,false],"2048x2048":["https:\/\/arantv.az\/wp-content\/uploads\/2018\/10\/qebirstanliq-1.jpg",600,400,false],"post-thumbnail":["https:\/\/arantv.az\/wp-content\/uploads\/2018\/10\/qebirstanliq-1-240x172.jpg",240,172,true],"advps-thumb-one":["https:\/\/arantv.az\/wp-content\/uploads\/2018\/10\/qebirstanliq-1.jpg",600,400,false]},"rttpg_author":{"display_name":"V\u00fcsal Rafiqo\u011flu","author_link":"https:\/\/arantv.az\/?author=2"},"rttpg_comment":0,"rttpg_category":"<a href=\"https:\/\/arantv.az\/?cat=1\" rel=\"category\">C\u0259miyy\u0259t<\/a>","rttpg_excerpt":"Milli M\u0259clisin (MM) Regional m\u0259s\u0259l\u0259l\u0259r komit\u0259sinin iclas\u0131 ke\u00e7irilib. ARANTV.AZ\u00a0x\u0259b\u0259r verir ki, komit\u0259nin s\u0259dri\u00a0Arif R\u0259himzad\u0259\u00a0iclas\u0131n g\u00fcnd\u0259liyini t\u0259qdim edib. Komit\u0259 s\u0259dri \u201cYerli (b\u0259l\u0259diyy\u0259) vergil\u0259r v\u0259 \u00f6d\u0259ni\u015fl\u0259r haqq\u0131nda\u201d qanunda d\u0259yi\u015fiklik edilm\u0259si bar\u0259d\u0259 qanun layih\u0259si il\u0259 ba\u011fl\u0131 m\u0259lumat verib. Bildirib ki, bu ilin fevral\u0131nda \u201cDa\u015f\u0131nmaz \u0259mlak\u0131n d\u00f6vl\u0259t reyestri haqq\u0131nda\u201d qanun q\u0259bul edilib: \u201cH\u0259min s\u0259n\u0259d\u0259 \u0259sas\u0259n, b\u0259l\u0259diyy\u0259l\u0259r bundan sonra da\u015f\u0131nmaz&hellip;","_links":{"self":[{"href":"https:\/\/arantv.az\/index.php?rest_route=\/wp\/v2\/posts\/20108"}],"collection":[{"href":"https:\/\/arantv.az\/index.php?rest_route=\/wp\/v2\/posts"}],"about":[{"href":"https:\/\/arantv.az\/index.php?rest_route=\/wp\/v2\/types\/post"}],"author":[{"embeddable":true,"href":"https:\/\/arantv.az\/index.php?rest_route=\/wp\/v2\/users\/2"}],"replies":[{"embeddable":true,"href":"https:\/\/arantv.az\/index.php?rest_route=%2Fwp%2Fv2%2Fcomments&post=20108"}],"version-history":[{"count":0,"href":"https:\/\/arantv.az\/index.php?rest_route=\/wp\/v2\/posts\/20108\/revisions"}],"wp:featuredmedia":[{"embeddable":true,"href":"https:\/\/arantv.az\/index.php?rest_route=\/wp\/v2\/media\/20109"}],"wp:attachment":[{"href":"https:\/\/arantv.az\/index.php?rest_route=%2Fwp%2Fv2%2Fmedia&parent=20108"}],"wp:term":[{"taxonomy":"category","embeddable":true,"href":"https:\/\/arantv.az\/index.php?rest_route=%2Fwp%2Fv2%2Fcategories&post=20108"},{"taxonomy":"post_tag","embeddable":true,"href":"https:\/\/arantv.az\/index.php?rest_route=%2Fwp%2Fv2%2Ftags&post=20108"}],"curies":[{"name":"wp","href":"https:\/\/api.w.org\/{rel}","templated":true}]}}