{"id":20114,"date":"2018-10-19T16:44:56","date_gmt":"2018-10-19T13:44:56","guid":{"rendered":"http:\/\/arantv.az\/?p=20114"},"modified":"2018-10-19T16:44:56","modified_gmt":"2018-10-19T13:44:56","slug":"turkiy%c9%99nin-izmir-s%c9%99h%c9%99rind%c9%99-star-neft-emali-zavodunun-acilis-m%c9%99rasimi-kecirilir","status":"publish","type":"post","link":"https:\/\/arantv.az\/?p=20114","title":{"rendered":"T\u00fcrkiy\u0259nin \u0130zmir \u015f\u0259h\u0259rind\u0259 \u201cStar\u201d neft emal\u0131 zavodunun a\u00e7\u0131l\u0131\u015f m\u0259rasimi ke\u00e7irilir"},"content":{"rendered":"<p><strong>ARANTV.AZ<\/strong> x\u0259b\u0259r verir ki, oktyabr\u0131n 19-da T\u00fcrkiy\u0259nin \u0130zmir \u015f\u0259h\u0259rind\u0259 \u201cStar\u201d neft emal\u0131 zavodunun a\u00e7\u0131l\u0131\u015f m\u0259rasimi ke\u00e7irilir.<\/p>\n<p>Az\u0259rbaycan Respublikas\u0131n\u0131n Prezidenti \u0130lham \u018fliyev v\u0259 T\u00fcrkiy\u0259 Respublikas\u0131n\u0131n Prezidenti R\u0259c\u0259b Tayyib \u018frdo\u011fan m\u0259rasimd\u0259 i\u015ftirak edirl\u0259r.<\/p>\n<p>\u018fvv\u0259lc\u0259 Az\u0259rbaycan v\u0259 T\u00fcrkiy\u0259 prezidentl\u0259ri terrasdan zavodun \u0259razisin\u0259 baxd\u0131lar.<\/p>\n<p>D\u00f6vl\u0259t ba\u015f\u00e7\u0131lar\u0131 idar\u0259etm\u0259 ofisi il\u0259 tan\u0131\u015f oldular.<\/p>\n<p>Prezidentl\u0259r\u0259 \u201cStar\u201d neft emal\u0131 zavodunda g\u00f6r\u00fcl\u0259n i\u015fl\u0259r bar\u0259d\u0259 m\u0259lumat verildi.<\/p>\n<p>Sonra xatir\u0259 \u015f\u0259kli \u00e7\u0259kdirildi.<\/p>\n<p>\u201cStar\u201d neft emal\u0131 zavodunun a\u00e7\u0131l\u0131\u015f m\u0259rasimind\u0259 \u0259vv\u0259lc\u0259 m\u00fc\u0259ssis\u0259nin tarixi \u0259h\u0259miyy\u0259tind\u0259n b\u0259hs ed\u0259n video\u00e7arx n\u00fcmayi\u015f etdirildi.<\/p>\n","protected":false},"excerpt":{"rendered":"<p>ARANTV.AZ x\u0259b\u0259r verir ki, oktyabr\u0131n 19-da T\u00fcrkiy\u0259nin \u0130zmir \u015f\u0259h\u0259rind\u0259 \u201cStar\u201d neft emal\u0131 zavodunun a\u00e7\u0131l\u0131\u015f m\u0259rasimi ke\u00e7irilir. Az\u0259rbaycan Respublikas\u0131n\u0131n Prezidenti \u0130lham \u018fliyev v\u0259 T\u00fcrkiy\u0259 Respublikas\u0131n\u0131n Prezidenti R\u0259c\u0259b Tayyib \u018frdo\u011fan m\u0259rasimd\u0259 i\u015ftirak edirl\u0259r. \u018fvv\u0259lc\u0259 Az\u0259rbaycan v\u0259 T\u00fcrkiy\u0259 prezidentl\u0259ri terrasdan zavodun \u0259razisin\u0259 baxd\u0131lar. D\u00f6vl\u0259t ba\u015f\u00e7\u0131lar\u0131 idar\u0259etm\u0259 ofisi il\u0259 tan\u0131\u015f oldular. Prezidentl\u0259r\u0259 \u201cStar\u201d neft emal\u0131 zavodunda g\u00f6r\u00fcl\u0259n i\u015fl\u0259r bar\u0259d\u0259 m\u0259lumat verildi. Sonra xatir\u0259 \u015f\u0259kli \u00e7\u0259kdirildi. \u201cStar\u201d neft emal\u0131 zavodunun a\u00e7\u0131l\u0131\u015f m\u0259rasimind\u0259 \u0259vv\u0259lc\u0259 m\u00fc\u0259ssis\u0259nin tarixi \u0259h\u0259miyy\u0259tind\u0259n b\u0259hs ed\u0259n video\u00e7arx n\u00fcmayi\u015f etdirildi.<\/p>\n","protected":false},"author":2,"featured_media":20118,"comment_status":"closed","ping_status":"closed","sticky":false,"template":"","format":"standard","meta":{"om_disable_all_campaigns":false,"_monsterinsights_skip_tracking":false,"_monsterinsights_sitenote_active":false,"_monsterinsights_sitenote_note":"","_monsterinsights_sitenote_category":0},"categories":[8],"tags":[],"aioseo_notices":[],"gutentor_comment":0,"rttpg_featured_image_url":{"full":["https:\/\/arantv.az\/wp-content\/uploads\/2018\/10\/696062_000.jpg",600,450,false],"landscape":["https:\/\/arantv.az\/wp-content\/uploads\/2018\/10\/696062_000.jpg",600,450,false],"portraits":["https:\/\/arantv.az\/wp-content\/uploads\/2018\/10\/696062_000.jpg",600,450,false],"thumbnail":["https:\/\/arantv.az\/wp-content\/uploads\/2018\/10\/696062_000-150x150.jpg",150,150,true],"medium":["https:\/\/arantv.az\/wp-content\/uploads\/2018\/10\/696062_000-300x225.jpg",300,225,true],"large":["https:\/\/arantv.az\/wp-content\/uploads\/2018\/10\/696062_000.jpg",600,450,false],"1536x1536":["https:\/\/arantv.az\/wp-content\/uploads\/2018\/10\/696062_000.jpg",600,450,false],"2048x2048":["https:\/\/arantv.az\/wp-content\/uploads\/2018\/10\/696062_000.jpg",600,450,false],"post-thumbnail":["https:\/\/arantv.az\/wp-content\/uploads\/2018\/10\/696062_000-240x172.jpg",240,172,true],"advps-thumb-one":["https:\/\/arantv.az\/wp-content\/uploads\/2018\/10\/696062_000.jpg",600,450,false]},"rttpg_author":{"display_name":"V\u00fcsal Rafiqo\u011flu","author_link":"https:\/\/arantv.az\/?author=2"},"rttpg_comment":0,"rttpg_category":"<a href=\"https:\/\/arantv.az\/?cat=8\" rel=\"category\">\u018fsas s\u0259hif\u0259<\/a>","rttpg_excerpt":"ARANTV.AZ x\u0259b\u0259r verir ki, oktyabr\u0131n 19-da T\u00fcrkiy\u0259nin \u0130zmir \u015f\u0259h\u0259rind\u0259 \u201cStar\u201d neft emal\u0131 zavodunun a\u00e7\u0131l\u0131\u015f m\u0259rasimi ke\u00e7irilir. Az\u0259rbaycan Respublikas\u0131n\u0131n Prezidenti \u0130lham \u018fliyev v\u0259 T\u00fcrkiy\u0259 Respublikas\u0131n\u0131n Prezidenti R\u0259c\u0259b Tayyib \u018frdo\u011fan m\u0259rasimd\u0259 i\u015ftirak edirl\u0259r. \u018fvv\u0259lc\u0259 Az\u0259rbaycan v\u0259 T\u00fcrkiy\u0259 prezidentl\u0259ri terrasdan zavodun \u0259razisin\u0259 baxd\u0131lar. D\u00f6vl\u0259t ba\u015f\u00e7\u0131lar\u0131 idar\u0259etm\u0259 ofisi il\u0259 tan\u0131\u015f oldular. Prezidentl\u0259r\u0259 \u201cStar\u201d neft emal\u0131 zavodunda g\u00f6r\u00fcl\u0259n i\u015fl\u0259r bar\u0259d\u0259&hellip;","_links":{"self":[{"href":"https:\/\/arantv.az\/index.php?rest_route=\/wp\/v2\/posts\/20114"}],"collection":[{"href":"https:\/\/arantv.az\/index.php?rest_route=\/wp\/v2\/posts"}],"about":[{"href":"https:\/\/arantv.az\/index.php?rest_route=\/wp\/v2\/types\/post"}],"author":[{"embeddable":true,"href":"https:\/\/arantv.az\/index.php?rest_route=\/wp\/v2\/users\/2"}],"replies":[{"embeddable":true,"href":"https:\/\/arantv.az\/index.php?rest_route=%2Fwp%2Fv2%2Fcomments&post=20114"}],"version-history":[{"count":0,"href":"https:\/\/arantv.az\/index.php?rest_route=\/wp\/v2\/posts\/20114\/revisions"}],"wp:featuredmedia":[{"embeddable":true,"href":"https:\/\/arantv.az\/index.php?rest_route=\/wp\/v2\/media\/20118"}],"wp:attachment":[{"href":"https:\/\/arantv.az\/index.php?rest_route=%2Fwp%2Fv2%2Fmedia&parent=20114"}],"wp:term":[{"taxonomy":"category","embeddable":true,"href":"https:\/\/arantv.az\/index.php?rest_route=%2Fwp%2Fv2%2Fcategories&post=20114"},{"taxonomy":"post_tag","embeddable":true,"href":"https:\/\/arantv.az\/index.php?rest_route=%2Fwp%2Fv2%2Ftags&post=20114"}],"curies":[{"name":"wp","href":"https:\/\/api.w.org\/{rel}","templated":true}]}}