{"id":20214,"date":"2018-10-20T11:18:26","date_gmt":"2018-10-20T08:18:26","guid":{"rendered":"http:\/\/arantv.az\/?p=20214"},"modified":"2018-10-20T11:18:26","modified_gmt":"2018-10-20T08:18:26","slug":"az%c9%99rbaycanin-sabiq-nazir-apariciliga-basladi-video","status":"publish","type":"post","link":"https:\/\/arantv.az\/?p=20214","title":{"rendered":"Az\u0259rbaycan\u0131n sabiq nazir apar\u0131c\u0131l\u0131\u011fa ba\u015flad\u0131 \u2014 V\u0130DEO"},"content":{"rendered":"<div class=\"spot\">Az\u0259rbaycan\u0131n sabiq maliy\u0259 naziri Fikr\u0259t Yusifov Real TV-d\u0259 i\u015f\u0259 ba\u015flay\u0131b.<\/div>\n<p><strong>ARANTV.AZ<\/strong> A24.Az-a istinad\u0259n x\u0259b\u0259r verir ki,\u00a0 \u201cReal iqtisadiyyat\u201d verili\u015fi sabiq nazirin t\u0259qdimat\u0131nda yay\u0131mlan\u0131r. Verili\u015fin yay\u0131m\u0131na d\u00fcn\u0259n saat 20:30-da ba\u015flan\u0131l\u0131b.<\/p>\n<p>Qeyd ed\u0259k ki, Fikr\u0259t Yusifov 1992-ci ilin oktyabr ay\u0131nda Az\u0259rbaycan Respublikas\u0131 maliyy\u0259 nazirinin birinci m\u00fcavini v\u0259zif\u0259sind\u0259, daha sonra, 1994-c\u00fc ild\u0259n 1999-cu ilin iyul ay\u0131na kimi Az\u0259rbaycan respublikas\u0131 maliyy\u0259 naziri v\u0259zif\u0259sind\u0259 i\u015fl\u0259yib.<\/p>\n<div class=\"news-detail\">\n<div class=\"img-info\">\n<div class=\"detail-content\">\n<div id=\"AdributorNativeVideo0\" class=\"AdributorNativeVideo\">\n<div class=\"adributor-inboard sm-screen\">\n<div class=\"adributor-ui-components-credits\"><\/div>\n<\/div>\n<\/div>\n<p><iframe loading=\"lazy\" src=\"https:\/\/www.youtube.com\/embed\/lAqZPncT0-s\" width=\"697\" height=\"392\" frameborder=\"0\" data-mce-fragment=\"1\"><\/iframe><\/p>\n<\/div>\n<\/div>\n<\/div>\n<div class=\"fbComments-container mb20\">\n<div class=\"post-actions\">\n<div class=\"add-commmet\">\n<div class=\"comment-icon\"><\/div>\n<div class=\"comment-text\"><\/div>\n<\/div>\n<\/div>\n<\/div>\n","protected":false},"excerpt":{"rendered":"<p>Az\u0259rbaycan\u0131n sabiq maliy\u0259 naziri Fikr\u0259t Yusifov Real TV-d\u0259 i\u015f\u0259 ba\u015flay\u0131b. ARANTV.AZ A24.Az-a istinad\u0259n x\u0259b\u0259r verir ki,\u00a0 \u201cReal iqtisadiyyat\u201d verili\u015fi sabiq nazirin t\u0259qdimat\u0131nda yay\u0131mlan\u0131r. Verili\u015fin yay\u0131m\u0131na d\u00fcn\u0259n saat 20:30-da ba\u015flan\u0131l\u0131b. Qeyd ed\u0259k ki, Fikr\u0259t Yusifov 1992-ci ilin oktyabr ay\u0131nda Az\u0259rbaycan Respublikas\u0131 maliyy\u0259 nazirinin birinci m\u00fcavini v\u0259zif\u0259sind\u0259, daha sonra, 1994-c\u00fc ild\u0259n 1999-cu ilin iyul ay\u0131na kimi Az\u0259rbaycan respublikas\u0131 maliyy\u0259 naziri v\u0259zif\u0259sind\u0259 i\u015fl\u0259yib.<\/p>\n","protected":false},"author":2,"featured_media":20215,"comment_status":"closed","ping_status":"closed","sticky":false,"template":"","format":"standard","meta":{"om_disable_all_campaigns":false,"_monsterinsights_skip_tracking":false,"_monsterinsights_sitenote_active":false,"_monsterinsights_sitenote_note":"","_monsterinsights_sitenote_category":0},"categories":[1],"tags":[],"aioseo_notices":[],"gutentor_comment":0,"rttpg_featured_image_url":{"full":["https:\/\/arantv.az\/wp-content\/uploads\/2018\/10\/df.jpg",620,375,false],"landscape":["https:\/\/arantv.az\/wp-content\/uploads\/2018\/10\/df.jpg",620,375,false],"portraits":["https:\/\/arantv.az\/wp-content\/uploads\/2018\/10\/df.jpg",620,375,false],"thumbnail":["https:\/\/arantv.az\/wp-content\/uploads\/2018\/10\/df-150x150.jpg",150,150,true],"medium":["https:\/\/arantv.az\/wp-content\/uploads\/2018\/10\/df-300x181.jpg",300,181,true],"large":["https:\/\/arantv.az\/wp-content\/uploads\/2018\/10\/df.jpg",620,375,false],"1536x1536":["https:\/\/arantv.az\/wp-content\/uploads\/2018\/10\/df.jpg",620,375,false],"2048x2048":["https:\/\/arantv.az\/wp-content\/uploads\/2018\/10\/df.jpg",620,375,false],"post-thumbnail":["https:\/\/arantv.az\/wp-content\/uploads\/2018\/10\/df-240x172.jpg",240,172,true],"advps-thumb-one":["https:\/\/arantv.az\/wp-content\/uploads\/2018\/10\/df.jpg",620,375,false]},"rttpg_author":{"display_name":"V\u00fcsal Rafiqo\u011flu","author_link":"https:\/\/arantv.az\/?author=2"},"rttpg_comment":0,"rttpg_category":"<a href=\"https:\/\/arantv.az\/?cat=1\" rel=\"category\">C\u0259miyy\u0259t<\/a>","rttpg_excerpt":"Az\u0259rbaycan\u0131n sabiq maliy\u0259 naziri Fikr\u0259t Yusifov Real TV-d\u0259 i\u015f\u0259 ba\u015flay\u0131b. ARANTV.AZ A24.Az-a istinad\u0259n x\u0259b\u0259r verir ki,\u00a0 \u201cReal iqtisadiyyat\u201d verili\u015fi sabiq nazirin t\u0259qdimat\u0131nda yay\u0131mlan\u0131r. Verili\u015fin yay\u0131m\u0131na d\u00fcn\u0259n saat 20:30-da ba\u015flan\u0131l\u0131b. Qeyd ed\u0259k ki, Fikr\u0259t Yusifov 1992-ci ilin oktyabr ay\u0131nda Az\u0259rbaycan Respublikas\u0131 maliyy\u0259 nazirinin birinci m\u00fcavini v\u0259zif\u0259sind\u0259, daha sonra, 1994-c\u00fc ild\u0259n 1999-cu ilin iyul ay\u0131na kimi Az\u0259rbaycan&hellip;","_links":{"self":[{"href":"https:\/\/arantv.az\/index.php?rest_route=\/wp\/v2\/posts\/20214"}],"collection":[{"href":"https:\/\/arantv.az\/index.php?rest_route=\/wp\/v2\/posts"}],"about":[{"href":"https:\/\/arantv.az\/index.php?rest_route=\/wp\/v2\/types\/post"}],"author":[{"embeddable":true,"href":"https:\/\/arantv.az\/index.php?rest_route=\/wp\/v2\/users\/2"}],"replies":[{"embeddable":true,"href":"https:\/\/arantv.az\/index.php?rest_route=%2Fwp%2Fv2%2Fcomments&post=20214"}],"version-history":[{"count":0,"href":"https:\/\/arantv.az\/index.php?rest_route=\/wp\/v2\/posts\/20214\/revisions"}],"wp:featuredmedia":[{"embeddable":true,"href":"https:\/\/arantv.az\/index.php?rest_route=\/wp\/v2\/media\/20215"}],"wp:attachment":[{"href":"https:\/\/arantv.az\/index.php?rest_route=%2Fwp%2Fv2%2Fmedia&parent=20214"}],"wp:term":[{"taxonomy":"category","embeddable":true,"href":"https:\/\/arantv.az\/index.php?rest_route=%2Fwp%2Fv2%2Fcategories&post=20214"},{"taxonomy":"post_tag","embeddable":true,"href":"https:\/\/arantv.az\/index.php?rest_route=%2Fwp%2Fv2%2Ftags&post=20214"}],"curies":[{"name":"wp","href":"https:\/\/api.w.org\/{rel}","templated":true}]}}