{"id":20274,"date":"2018-10-20T13:56:38","date_gmt":"2018-10-20T10:56:38","guid":{"rendered":"http:\/\/arantv.az\/?p=20274"},"modified":"2018-10-20T13:56:38","modified_gmt":"2018-10-20T10:56:38","slug":"az%c9%99rbaycan-v%c9%99-turkiy%c9%99-arasinda-genisl%c9%99n%c9%99n-%c9%99m%c9%99kdasliq-v%c9%99-strateji-t%c9%99r%c9%99fdasliq-regionda-sabitliyin-gost%c9%99ricisin%c9%99-cevrilib","status":"publish","type":"post","link":"https:\/\/arantv.az\/?p=20274","title":{"rendered":"&#8220;Az\u0259rbaycan v\u0259 T\u00fcrkiy\u0259 aras\u0131nda geni\u015fl\u0259n\u0259n \u0259m\u0259kda\u015fl\u0131q v\u0259 strateji t\u0259r\u0259fda\u015fl\u0131q regionda sabitliyin g\u00f6st\u0259ricisin\u0259 \u00e7evrilib&#8221;"},"content":{"rendered":"<blockquote><p><strong><em>Az\u0259rbaycan\u0131n qarda\u015f T\u00fcrkiy\u0259 il\u0259 iqtisadi m\u00fcnasib\u0259tl\u0259rinin \u0259n y\u00fcks\u0259k s\u0259viyy\u0259d\u0259 inki\u015faf\u0131 ilk n\u00f6vb\u0259d\u0259 bel\u0259 dem\u0259y\u0259 \u0259sas verir ki, \u00f6lk\u0259l\u0259rimiz aras\u0131nda olan sars\u0131lmaz ba\u011fl\u0131l\u0131q tell\u0259ri bilavasit\u0259 regionun t\u0259r\u0259qqisin\u0259 \u00f6z \u0259v\u0259zsiz t\u00f6hf\u0259l\u0259rini verm\u0259kd\u0259dir.<\/em><\/strong><\/p><\/blockquote>\n<p><strong>ARANTV.AZ<\/strong>\u00a0 x\u0259b\u0259r verir ki, bunu trend-\u0259 &#8220;S\u018fS&#8221; q\u0259zetinin ba\u015f redaktoru, siyasi ekspert B\u0259hruz Quliyev T\u00fcrkiy\u0259d\u0259 &#8220;Star Rafineri&#8221; neft emal\u0131 zavodunun a\u00e7\u0131l\u0131\u015f\u0131na m\u00fcnasib\u0259t bildir\u0259rk\u0259n deyib.<\/p>\n<p>Onun s\u00f6zl\u0259rin\u0259 g\u00f6r\u0259, m\u00fcasir geosiyasi \u015f\u0259raitd\u0259 Az\u0259rbaycan\u0131n etibarl\u0131 strateji t\u0259r\u0259fda\u015f\u0131 olan T\u00fcrkiy\u0259 il\u0259 m\u00fcnasib\u0259tl\u0259rin m\u00f6hk\u0259ml\u0259ndirilib daha da geni\u015fl\u0259ndirilm\u0259si eyni zamanda \u00f6lk\u0259mizin xarici siyas\u0259tinin m\u00fch\u00fcm t\u0259rkib hiss\u0259sidir: &#8220;H\u0259r iki \u00f6lk\u0259nin d\u00f6vl\u0259t v\u0259 h\u00f6kum\u0259t ba\u015f\u00e7\u0131lar\u0131n\u0131n, el\u0259c\u0259 d\u0259 siyasi, iqtisadi, ticar\u0259t, elm, t\u0259hsil, m\u0259d\u0259niyy\u0259t v\u0259 dig\u0259r sah\u0259l\u0259r \u00fczr\u0259 aidiyy\u0259ti qurumlar\u0131n\u0131n r\u0259hb\u0259rl\u0259rinin qar\u015f\u0131l\u0131ql\u0131 s\u0259f\u0259rl\u0259ri ikit\u0259r\u0259fli \u0259m\u0259kda\u015fl\u0131\u011f\u0131n inki\u015faf\u0131nda \u0259h\u0259miyy\u0259tli rol oynay\u0131r v\u0259 b\u00fct\u00fcn sah\u0259l\u0259rd\u0259 \u0259laq\u0259l\u0259r u\u011furla inki\u015faf ed\u0259r\u0259k \u00f6lk\u0259l\u0259rimiz aras\u0131nda qarda\u015fl\u0131q v\u0259 t\u0259r\u0259fda\u015fl\u0131q m\u00fcnasib\u0259tl\u0259rinin y\u00fcks\u0259k s\u0259viyy\u0259y\u0259 qalxmas\u0131na s\u0259b\u0259b olub&#8221;.<\/p>\n<p>B.Quliyev bu m\u00fcnasib\u0259tl\u0259rin tarixi \u0259saslara s\u00f6yk\u0259ndiyini dey\u0259r\u0259k qeyd edib ki, 1994-c\u00fc il sentyabr\u0131n 20-d\u0259 imzalanm\u0131\u015f &#8220;\u018fsrin m\u00fcqavil\u0259si&#8221;nin xarici neft \u015firk\u0259tl\u0259rinin konsorsiumunda &#8220;T\u00fcrk petrollar\u0131&#8221; \u015firk\u0259tinin t\u0259msil olunmas\u0131, bu kimi tarixi t\u0259\u015f\u0259bb\u00fcsd\u0259 Ulu \u00d6nd\u0259r Heyd\u0259r \u018fliyev faktoru T\u00fcrkiy\u0259 il\u0259 Az\u0259rbaycan aras\u0131nda strateji \u0259m\u0259kda\u015fl\u0131\u011f\u0131n inki\u015faf\u0131n\u0131n ilk \u0259sas t\u0259zah\u00fcr\u00fc kimi qiym\u0259tl\u0259ndirilm\u0259lidir:<\/p>\n<p>&#8220;\u00dcmumiyy\u0259tl\u0259, T\u00fcrkiy\u0259 il\u0259 strateji t\u0259r\u0259fda\u015fl\u0131q m\u00fcnasib\u0259tl\u0259rinin daha da d\u0259rinl\u0259\u015fm\u0259si h\u0259r iki \u00f6lk\u0259 \u00fc\u00e7\u00fcn vacib v\u0259 \u0259h\u0259miyy\u0259tlidir. Buna misal olaraq,&#8221;\u015eahd\u0259niz&#8221; yata\u011f\u0131ndan hasil olunan t\u0259bii qaz\u0131n Bak\u0131-Tbilisi-\u018frzurum mar\u015frutu \u00fczr\u0259 T\u00fcrkiy\u0259y\u0259 n\u0259ql olunmas\u0131 \u00fc\u00e7\u00fcn qaz boru k\u0259m\u0259rinin d\u0259 in\u015fas\u0131n\u0131n h\u0259yata ke\u00e7irilm\u0259si haqq\u0131nda q\u0259rar q\u0259bul edilm\u0259si v\u0259 bu layih\u0259nin realla\u015fd\u0131r\u0131lmas\u0131, \u015eimal-Q\u0259rb enerji layih\u0259sinin m\u00fch\u00fcm rolu, el\u0259c\u0259 d\u0259 Bak\u0131-Tbilisi-Qars d\u0259mir yolu layih\u0259l\u0259rinin ger\u00e7\u0259kliy\u0259 \u00e7evrilm\u0259si regionda s\u00fclh\u00fcn v\u0259 t\u0259hl\u00fck\u0259sizliyin t\u0259min olunmas\u0131na \u00f6z t\u00f6hf\u0259sini verm\u0259kl\u0259 yana\u015f\u0131, xalqlar\u0131m\u0131z\u0131n rifah hal\u0131n\u0131n yax\u015f\u0131la\u015fd\u0131r\u0131lmas\u0131 bax\u0131m\u0131ndan da b\u00f6y\u00fck \u0259h\u0259miyy\u0259t\u0259 malikdir&#8221;.<\/p>\n<p>Ekspert x\u00fcsusil\u0259 vur\u011fulay\u0131b ki, bu g\u00fcn Ulu \u00d6nd\u0259r Heyd\u0259r \u018fliyevin m\u00fc\u0259yy\u0259nl\u0259\u015fdirdiyi siyas\u0259tin Prezident \u0130lham \u018fliyev t\u0259r\u0259find\u0259n u\u011furla davam etdirilm\u0259si regionda yeni-yeni layih\u0259l\u0259rin, t\u0259\u015f\u0259bb\u00fcsl\u0259rin realla\u015fd\u0131r\u0131lmas\u0131na m\u00fcnbit \u015f\u0259rait yarad\u0131r:<\/p>\n<p>&#8220;Ad\u0131\u00e7\u0259kil\u0259n layih\u0259l\u0259rd\u0259n sonra 2012-ci il iyunun 26-da Prezident \u0130lham \u018fliyev v\u0259 R\u0259c\u0259b Tayyib \u018frdo\u011fan\u0131n imzalad\u0131qlar\u0131 sazi\u015fl\u0259 h\u0259yata ke\u00e7irilm\u0259sin\u0259 ba\u015flan\u0131lan Trans-Anadolu t\u0259bii qaz boru x\u0259tti layih\u0259si d\u0259 \u00f6lk\u0259l\u0259rimizin regionda v\u0259 d\u00fcnyada n\u00fcfuzunu art\u0131r\u0131b. TANAP layih\u0259si h\u0259yata ke\u00e7irildikd\u0259n sonra Avropan\u0131n t\u0259bii qaz bazar\u0131nda \u00f6lk\u0259nin rolu daha da y\u00fcks\u0259lib. Bu layih\u0259 bizim uzunm\u00fcdd\u0259tli inki\u015faf\u0131m\u0131z\u0131, onillikl\u0259r \u0259rzind\u0259 Az\u0259rbaycan\u0131n iqtisadi v\u0259 dig\u0259r maraqlar\u0131n\u0131 t\u0259min etm\u0259k \u00fc\u00e7\u00fcn ciddi vasit\u0259dir. Bel\u0259 ki, Az\u0259rbaycan\u0131n m\u00f6vcud qaz ehtiyatlar\u0131 bundan sonrak\u0131 100 il \u0259rzind\u0259 respublikan\u0131n v\u0259 t\u0259r\u0259fda\u015f d\u00f6vl\u0259tl\u0259rin mavi yanaca\u011fa olan t\u0259l\u0259bat\u0131n\u0131n \u00f6d\u0259nm\u0259sin\u0259 imkan verm\u0259k g\u00fcc\u00fcn\u0259 malikdir&#8221;.<\/p>\n<p>B.Quliyevin fikrinc\u0259, bel\u0259likl\u0259, h\u0259m d\u0259 bel\u0259 n\u0259tic\u0259y\u0259 g\u0259lm\u0259k m\u00fcmk\u00fcnd\u00fcr ki, &#8220;Star Rafineri&#8221; zavodunun a\u00e7\u0131l\u0131\u015f\u0131 \u00f6lk\u0259l\u0259rimiz aras\u0131ndak\u0131 qarda\u015fl\u0131q tell\u0259rini daha da m\u00f6hk\u0259ml\u0259ndirir v\u0259 d\u00f6vl\u0259t ba\u015f\u00e7\u0131lar\u0131m\u0131z\u0131n g\u00fccl\u00fc siyasi irad\u0259 n\u00fcmayi\u015f etdir\u0259r\u0259k qar\u015f\u0131ya qoyulan m\u0259qs\u0259dl\u0259ri h\u0259yata ke\u00e7irm\u0259l\u0259ri il\u0259 Avrasiyan\u0131n enerji v\u0259 n\u0259qliyyat x\u0259rit\u0259sini yenid\u0259n c\u0131z\u0131l\u0131r:<\/p>\n<p>&#8220;M\u0259hz bu s\u0259b\u0259bd\u0259n Az\u0259rbaycan\u0131n d\u00f6vl\u0259t ba\u015f\u00e7\u0131s\u0131 \u0130lham \u018fliyev b\u0259yan edib ki, b\u00f6lg\u0259d\u0259 T\u00fcrkiy\u0259-Az\u0259rbaycan \u0259m\u0259kda\u015fl\u0131\u011f\u0131 olmadan he\u00e7 bir t\u0259\u015f\u0259bb\u00fcs, he\u00e7 bir layih\u0259 h\u0259yata ke\u00e7iril\u0259 bilm\u0259z. Bununla yana\u015f\u0131, T\u00fcrkiy\u0259 v\u0259 Az\u0259rbaycan regional \u0259m\u0259kda\u015fl\u0131q prosesinin f\u0259al v\u0259 \u0259sas s\u00f6z sahibi olan i\u015ftirak\u00e7\u0131lar\u0131d\u0131r. H\u0259r iki d\u00f6vl\u0259t \u00f6z\u00fcn\u00fcn iqtisadi v\u0259 enerji imkanlar\u0131ndan, el\u0259c\u0259 d\u0259 geosiyasi m\u00f6vqeyind\u0259n ikit\u0259r\u0259fli v\u0259 regional \u0259m\u0259kda\u015fl\u0131\u011f\u0131n geni\u015fl\u0259nm\u0259si istiqam\u0259tind\u0259 s\u0259m\u0259r\u0259li sur\u0259td\u0259 istifad\u0259 edir. Bu g\u00fcn b\u00f6lg\u0259nin uzunm\u00fcdd\u0259tli inki\u015faf strategiyas\u0131n\u0131n m\u00fc\u0259yy\u0259nl\u0259\u015fdirilm\u0259sind\u0259 apar\u0131c\u0131 rol oynayan v\u0259 iki \u00f6lk\u0259 aras\u0131ndak\u0131 m\u00fcnasib\u0259tl\u0259rin \u00e7ox vacib elementl\u0259rind\u0259n olan neft v\u0259 qaz k\u0259m\u0259rl\u0259ri t\u0259kc\u0259 regionda deyil, el\u0259c\u0259 d\u0259 b\u00fct\u00fcn d\u00fcnyada d\u00f6vl\u0259tl\u0259rimizin n\u00fcfuzunu \u0259h\u0259miyy\u0259tli d\u0259r\u0259c\u0259d\u0259 art\u0131r\u0131b. Bu layih\u0259l\u0259r Az\u0259rbaycan\u0131n, T\u00fcrkiy\u0259nin, el\u0259c\u0259 d\u0259 dig\u0259r \u00f6lk\u0259l\u0259rin enerji t\u0259hl\u00fck\u0259sizliyi \u00fc\u00e7\u00fcn b\u00f6y\u00fck t\u0259minat verir. Eyni zamanda, iki d\u00f6vl\u0259t aras\u0131nda geni\u015fl\u0259n\u0259n \u0259m\u0259kda\u015fl\u0131q v\u0259 strateji t\u0259r\u0259fda\u015fl\u0131q regionda sabitliyin g\u00f6st\u0259ricisin\u0259 \u00e7evrilib&#8221;.<\/p>\n","protected":false},"excerpt":{"rendered":"<p>Az\u0259rbaycan\u0131n qarda\u015f T\u00fcrkiy\u0259 il\u0259 iqtisadi m\u00fcnasib\u0259tl\u0259rinin \u0259n y\u00fcks\u0259k s\u0259viyy\u0259d\u0259 inki\u015faf\u0131 ilk n\u00f6vb\u0259d\u0259 bel\u0259 dem\u0259y\u0259 \u0259sas verir ki, \u00f6lk\u0259l\u0259rimiz aras\u0131nda olan sars\u0131lmaz ba\u011fl\u0131l\u0131q tell\u0259ri bilavasit\u0259 regionun t\u0259r\u0259qqisin\u0259 \u00f6z \u0259v\u0259zsiz t\u00f6hf\u0259l\u0259rini verm\u0259kd\u0259dir. ARANTV.AZ\u00a0 x\u0259b\u0259r verir ki, bunu trend-\u0259 &#8220;S\u018fS&#8221; q\u0259zetinin ba\u015f redaktoru, siyasi ekspert B\u0259hruz Quliyev T\u00fcrkiy\u0259d\u0259 &#8220;Star Rafineri&#8221; neft emal\u0131 zavodunun a\u00e7\u0131l\u0131\u015f\u0131na m\u00fcnasib\u0259t bildir\u0259rk\u0259n deyib. Onun s\u00f6zl\u0259rin\u0259 g\u00f6r\u0259, m\u00fcasir geosiyasi \u015f\u0259raitd\u0259 Az\u0259rbaycan\u0131n etibarl\u0131 strateji t\u0259r\u0259fda\u015f\u0131 olan T\u00fcrkiy\u0259 il\u0259 m\u00fcnasib\u0259tl\u0259rin m\u00f6hk\u0259ml\u0259ndirilib daha da geni\u015fl\u0259ndirilm\u0259si eyni zamanda \u00f6lk\u0259mizin xarici siyas\u0259tinin m\u00fch\u00fcm t\u0259rkib hiss\u0259sidir: &#8220;H\u0259r iki \u00f6lk\u0259nin d\u00f6vl\u0259t v\u0259 h\u00f6kum\u0259t ba\u015f\u00e7\u0131lar\u0131n\u0131n, el\u0259c\u0259 d\u0259 siyasi,&hellip;<\/p>\n","protected":false},"author":2,"featured_media":20275,"comment_status":"closed","ping_status":"closed","sticky":false,"template":"","format":"standard","meta":{"om_disable_all_campaigns":false,"_monsterinsights_skip_tracking":false,"_monsterinsights_sitenote_active":false,"_monsterinsights_sitenote_note":"","_monsterinsights_sitenote_category":0},"categories":[19],"tags":[],"aioseo_notices":[],"gutentor_comment":0,"rttpg_featured_image_url":{"full":["https:\/\/arantv.az\/wp-content\/uploads\/2018\/10\/696356.jpg",800,600,false],"landscape":["https:\/\/arantv.az\/wp-content\/uploads\/2018\/10\/696356.jpg",800,600,false],"portraits":["https:\/\/arantv.az\/wp-content\/uploads\/2018\/10\/696356.jpg",800,600,false],"thumbnail":["https:\/\/arantv.az\/wp-content\/uploads\/2018\/10\/696356-150x150.jpg",150,150,true],"medium":["https:\/\/arantv.az\/wp-content\/uploads\/2018\/10\/696356-300x225.jpg",300,225,true],"large":["https:\/\/arantv.az\/wp-content\/uploads\/2018\/10\/696356.jpg",640,480,false],"1536x1536":["https:\/\/arantv.az\/wp-content\/uploads\/2018\/10\/696356.jpg",800,600,false],"2048x2048":["https:\/\/arantv.az\/wp-content\/uploads\/2018\/10\/696356.jpg",800,600,false],"post-thumbnail":["https:\/\/arantv.az\/wp-content\/uploads\/2018\/10\/696356-240x172.jpg",240,172,true],"advps-thumb-one":["https:\/\/arantv.az\/wp-content\/uploads\/2018\/10\/696356.jpg",800,600,false]},"rttpg_author":{"display_name":"V\u00fcsal Rafiqo\u011flu","author_link":"https:\/\/arantv.az\/?author=2"},"rttpg_comment":0,"rttpg_category":"<a href=\"https:\/\/arantv.az\/?cat=19\" rel=\"category\">G\u00fcnd\u0259m<\/a>","rttpg_excerpt":"Az\u0259rbaycan\u0131n qarda\u015f T\u00fcrkiy\u0259 il\u0259 iqtisadi m\u00fcnasib\u0259tl\u0259rinin \u0259n y\u00fcks\u0259k s\u0259viyy\u0259d\u0259 inki\u015faf\u0131 ilk n\u00f6vb\u0259d\u0259 bel\u0259 dem\u0259y\u0259 \u0259sas verir ki, \u00f6lk\u0259l\u0259rimiz aras\u0131nda olan sars\u0131lmaz ba\u011fl\u0131l\u0131q tell\u0259ri bilavasit\u0259 regionun t\u0259r\u0259qqisin\u0259 \u00f6z \u0259v\u0259zsiz t\u00f6hf\u0259l\u0259rini verm\u0259kd\u0259dir. ARANTV.AZ\u00a0 x\u0259b\u0259r verir ki, bunu trend-\u0259 &#8220;S\u018fS&#8221; q\u0259zetinin ba\u015f redaktoru, siyasi ekspert B\u0259hruz Quliyev T\u00fcrkiy\u0259d\u0259 &#8220;Star Rafineri&#8221; neft emal\u0131 zavodunun a\u00e7\u0131l\u0131\u015f\u0131na m\u00fcnasib\u0259t bildir\u0259rk\u0259n deyib. Onun&hellip;","_links":{"self":[{"href":"https:\/\/arantv.az\/index.php?rest_route=\/wp\/v2\/posts\/20274"}],"collection":[{"href":"https:\/\/arantv.az\/index.php?rest_route=\/wp\/v2\/posts"}],"about":[{"href":"https:\/\/arantv.az\/index.php?rest_route=\/wp\/v2\/types\/post"}],"author":[{"embeddable":true,"href":"https:\/\/arantv.az\/index.php?rest_route=\/wp\/v2\/users\/2"}],"replies":[{"embeddable":true,"href":"https:\/\/arantv.az\/index.php?rest_route=%2Fwp%2Fv2%2Fcomments&post=20274"}],"version-history":[{"count":0,"href":"https:\/\/arantv.az\/index.php?rest_route=\/wp\/v2\/posts\/20274\/revisions"}],"wp:featuredmedia":[{"embeddable":true,"href":"https:\/\/arantv.az\/index.php?rest_route=\/wp\/v2\/media\/20275"}],"wp:attachment":[{"href":"https:\/\/arantv.az\/index.php?rest_route=%2Fwp%2Fv2%2Fmedia&parent=20274"}],"wp:term":[{"taxonomy":"category","embeddable":true,"href":"https:\/\/arantv.az\/index.php?rest_route=%2Fwp%2Fv2%2Fcategories&post=20274"},{"taxonomy":"post_tag","embeddable":true,"href":"https:\/\/arantv.az\/index.php?rest_route=%2Fwp%2Fv2%2Ftags&post=20274"}],"curies":[{"name":"wp","href":"https:\/\/api.w.org\/{rel}","templated":true}]}}