{"id":20282,"date":"2018-10-20T14:41:50","date_gmt":"2018-10-20T11:41:50","guid":{"rendered":"http:\/\/arantv.az\/?p=20282"},"modified":"2018-10-20T14:41:50","modified_gmt":"2018-10-20T11:41:50","slug":"s-m-%c9%99liyev%c9%99-az%c9%99rbaycan-respublikasi-prezidentinin-f%c9%99rdi-t%c9%99qaudunun-verilm%c9%99si-haqqinda-az%c9%99rbaycan-respublikasi-prezidentinin-s%c9%99r%c9%99ncami","status":"publish","type":"post","link":"https:\/\/arantv.az\/?p=20282","title":{"rendered":"S.M.\u018fliyev\u0259 Az\u0259rbaycan Respublikas\u0131 Prezidentinin f\u0259rdi t\u0259qa\u00fcd\u00fcn\u00fcn verilm\u0259si haqq\u0131nda Az\u0259rbaycan Respublikas\u0131 Prezidentinin S\u0259r\u0259ncam\u0131"},"content":{"rendered":"<p><strong>ARANTV.AZ<\/strong> x\u0259b\u0259r verir ki, s\u0259r\u0259ncamda deyilir.<\/p>\n<p>Az\u0259rbaycan Respublikas\u0131 Konstitusiyas\u0131n\u0131n 109-cu madd\u0259sinin 32-ci b\u0259ndini r\u0259hb\u0259r tutaraq v\u0259 \u201cAz\u0259rbaycan Respublikas\u0131 Prezidentinin f\u0259rdi t\u0259qa\u00fcd\u00fcn\u00fcn t\u0259sis edilm\u0259si haqq\u0131nda\u201d Az\u0259rbaycan Respublikas\u0131 Prezidentinin 2002-ci il 11 iyun tarixli 715 n\u00f6mr\u0259li F\u0259rman\u0131na uy\u011fun olaraq q\u0259rara al\u0131ram:<\/p>\n<p>1. Az\u0259rbaycan X\u0259z\u0259r D\u0259niz G\u0259mi\u00e7iliyinin 160 illik yubileyi m\u00fcnasib\u0259til\u0259 v\u0259 d\u0259niz n\u0259qliyyat\u0131n\u0131n inki\u015faf\u0131nda xidm\u0259tl\u0259rin\u0259 g\u00f6r\u0259 S\u0259fail M\u0259hr\u0259m\u0259li o\u011flu \u018fliyev\u0259 Az\u0259rbaycan Respublikas\u0131 Prezidentinin f\u0259rdi t\u0259qa\u00fcd\u00fc verilsin.<\/p>\n<p>2. Az\u0259rbaycan Respublikas\u0131n\u0131n Nazirl\u0259r Kabineti bu S\u0259r\u0259ncamdan ir\u0259li g\u0259l\u0259n m\u0259s\u0259l\u0259l\u0259ri h\u0259ll etsin.<\/p>\n<p>\u0130lham \u018fliyev<\/p>\n<p>Az\u0259rbaycan Respublikas\u0131n\u0131n Prezidenti<\/p>\n<p>Bak\u0131 \u015f\u0259h\u0259ri, 20 oktyabr 2018-ci il.<\/p>\n","protected":false},"excerpt":{"rendered":"<p>ARANTV.AZ x\u0259b\u0259r verir ki, s\u0259r\u0259ncamda deyilir. Az\u0259rbaycan Respublikas\u0131 Konstitusiyas\u0131n\u0131n 109-cu madd\u0259sinin 32-ci b\u0259ndini r\u0259hb\u0259r tutaraq v\u0259 \u201cAz\u0259rbaycan Respublikas\u0131 Prezidentinin f\u0259rdi t\u0259qa\u00fcd\u00fcn\u00fcn t\u0259sis edilm\u0259si haqq\u0131nda\u201d Az\u0259rbaycan Respublikas\u0131 Prezidentinin 2002-ci il 11 iyun tarixli 715 n\u00f6mr\u0259li F\u0259rman\u0131na uy\u011fun olaraq q\u0259rara al\u0131ram: 1. Az\u0259rbaycan X\u0259z\u0259r D\u0259niz G\u0259mi\u00e7iliyinin 160 illik yubileyi m\u00fcnasib\u0259til\u0259 v\u0259 d\u0259niz n\u0259qliyyat\u0131n\u0131n inki\u015faf\u0131nda xidm\u0259tl\u0259rin\u0259 g\u00f6r\u0259 S\u0259fail M\u0259hr\u0259m\u0259li o\u011flu \u018fliyev\u0259 Az\u0259rbaycan Respublikas\u0131 Prezidentinin f\u0259rdi t\u0259qa\u00fcd\u00fc verilsin. 2. Az\u0259rbaycan Respublikas\u0131n\u0131n Nazirl\u0259r Kabineti bu S\u0259r\u0259ncamdan ir\u0259li g\u0259l\u0259n m\u0259s\u0259l\u0259l\u0259ri h\u0259ll etsin. \u0130lham \u018fliyev Az\u0259rbaycan Respublikas\u0131n\u0131n Prezidenti Bak\u0131 \u015f\u0259h\u0259ri, 20 oktyabr 2018-ci il.<\/p>\n","protected":false},"author":2,"featured_media":20283,"comment_status":"closed","ping_status":"closed","sticky":false,"template":"","format":"standard","meta":{"om_disable_all_campaigns":false,"_monsterinsights_skip_tracking":false,"_monsterinsights_sitenote_active":false,"_monsterinsights_sitenote_note":"","_monsterinsights_sitenote_category":0},"categories":[8],"tags":[],"aioseo_notices":[],"gutentor_comment":0,"rttpg_featured_image_url":{"full":["https:\/\/arantv.az\/wp-content\/uploads\/2018\/10\/ilham_aliyev_main__221216_2.jpg",1200,900,false],"landscape":["https:\/\/arantv.az\/wp-content\/uploads\/2018\/10\/ilham_aliyev_main__221216_2.jpg",1200,900,false],"portraits":["https:\/\/arantv.az\/wp-content\/uploads\/2018\/10\/ilham_aliyev_main__221216_2.jpg",1200,900,false],"thumbnail":["https:\/\/arantv.az\/wp-content\/uploads\/2018\/10\/ilham_aliyev_main__221216_2-150x150.jpg",150,150,true],"medium":["https:\/\/arantv.az\/wp-content\/uploads\/2018\/10\/ilham_aliyev_main__221216_2-300x225.jpg",300,225,true],"large":["https:\/\/arantv.az\/wp-content\/uploads\/2018\/10\/ilham_aliyev_main__221216_2-1024x768.jpg",640,480,true],"1536x1536":["https:\/\/arantv.az\/wp-content\/uploads\/2018\/10\/ilham_aliyev_main__221216_2.jpg",1200,900,false],"2048x2048":["https:\/\/arantv.az\/wp-content\/uploads\/2018\/10\/ilham_aliyev_main__221216_2.jpg",1200,900,false],"post-thumbnail":["https:\/\/arantv.az\/wp-content\/uploads\/2018\/10\/ilham_aliyev_main__221216_2-240x172.jpg",240,172,true],"advps-thumb-one":["https:\/\/arantv.az\/wp-content\/uploads\/2018\/10\/ilham_aliyev_main__221216_2-1200x620.jpg",1200,620,true]},"rttpg_author":{"display_name":"V\u00fcsal Rafiqo\u011flu","author_link":"https:\/\/arantv.az\/?author=2"},"rttpg_comment":0,"rttpg_category":"<a href=\"https:\/\/arantv.az\/?cat=8\" rel=\"category\">\u018fsas s\u0259hif\u0259<\/a>","rttpg_excerpt":"ARANTV.AZ x\u0259b\u0259r verir ki, s\u0259r\u0259ncamda deyilir. Az\u0259rbaycan Respublikas\u0131 Konstitusiyas\u0131n\u0131n 109-cu madd\u0259sinin 32-ci b\u0259ndini r\u0259hb\u0259r tutaraq v\u0259 \u201cAz\u0259rbaycan Respublikas\u0131 Prezidentinin f\u0259rdi t\u0259qa\u00fcd\u00fcn\u00fcn t\u0259sis edilm\u0259si haqq\u0131nda\u201d Az\u0259rbaycan Respublikas\u0131 Prezidentinin 2002-ci il 11 iyun tarixli 715 n\u00f6mr\u0259li F\u0259rman\u0131na uy\u011fun olaraq q\u0259rara al\u0131ram: 1. Az\u0259rbaycan X\u0259z\u0259r D\u0259niz G\u0259mi\u00e7iliyinin 160 illik yubileyi m\u00fcnasib\u0259til\u0259 v\u0259 d\u0259niz n\u0259qliyyat\u0131n\u0131n inki\u015faf\u0131nda xidm\u0259tl\u0259rin\u0259 g\u00f6r\u0259 S\u0259fail&hellip;","_links":{"self":[{"href":"https:\/\/arantv.az\/index.php?rest_route=\/wp\/v2\/posts\/20282"}],"collection":[{"href":"https:\/\/arantv.az\/index.php?rest_route=\/wp\/v2\/posts"}],"about":[{"href":"https:\/\/arantv.az\/index.php?rest_route=\/wp\/v2\/types\/post"}],"author":[{"embeddable":true,"href":"https:\/\/arantv.az\/index.php?rest_route=\/wp\/v2\/users\/2"}],"replies":[{"embeddable":true,"href":"https:\/\/arantv.az\/index.php?rest_route=%2Fwp%2Fv2%2Fcomments&post=20282"}],"version-history":[{"count":0,"href":"https:\/\/arantv.az\/index.php?rest_route=\/wp\/v2\/posts\/20282\/revisions"}],"wp:featuredmedia":[{"embeddable":true,"href":"https:\/\/arantv.az\/index.php?rest_route=\/wp\/v2\/media\/20283"}],"wp:attachment":[{"href":"https:\/\/arantv.az\/index.php?rest_route=%2Fwp%2Fv2%2Fmedia&parent=20282"}],"wp:term":[{"taxonomy":"category","embeddable":true,"href":"https:\/\/arantv.az\/index.php?rest_route=%2Fwp%2Fv2%2Fcategories&post=20282"},{"taxonomy":"post_tag","embeddable":true,"href":"https:\/\/arantv.az\/index.php?rest_route=%2Fwp%2Fv2%2Ftags&post=20282"}],"curies":[{"name":"wp","href":"https:\/\/api.w.org\/{rel}","templated":true}]}}