{"id":20285,"date":"2018-10-20T14:44:26","date_gmt":"2018-10-20T11:44:26","guid":{"rendered":"http:\/\/arantv.az\/?p=20285"},"modified":"2018-10-20T14:44:26","modified_gmt":"2018-10-20T11:44:26","slug":"az%c9%99rbaycan-respublikasinin-d%c9%99niz-n%c9%99qliyyati-iscil%c9%99rin%c9%99-%c9%99m%c9%99kdar-muh%c9%99ndis-f%c9%99xri-adinin-verilm%c9%99si-haqqinda-az%c9%99rbaycan-respublikasi","status":"publish","type":"post","link":"https:\/\/arantv.az\/?p=20285","title":{"rendered":"Az\u0259rbaycan Respublikas\u0131n\u0131n d\u0259niz n\u0259qliyyat\u0131 i\u015f\u00e7il\u0259rin\u0259 \u201c\u018fm\u0259kdar m\u00fch\u0259ndis\u201d f\u0259xri ad\u0131n\u0131n verilm\u0259si haqq\u0131nda Az\u0259rbaycan Respublikas\u0131 Prezidentinin S\u0259r\u0259ncam\u0131"},"content":{"rendered":"<p><strong>ARANTV.AZ<\/strong> x\u0259b\u0259r verir ki, s\u0259r\u0259ncamda deyilir.<\/p>\n<p>Az\u0259rbaycan Respublikas\u0131 Konstitusiyas\u0131n\u0131n 109-cu madd\u0259sinin 32-ci b\u0259ndini r\u0259hb\u0259r tutaraq q\u0259rara al\u0131ram:<\/p>\n<p>Az\u0259rbaycan X\u0259z\u0259r D\u0259niz G\u0259mi\u00e7iliyinin 160 illik yubileyi m\u00fcnasib\u0259til\u0259 v\u0259 d\u0259niz n\u0259qliyyat\u0131n\u0131n inki\u015faf\u0131nda xidm\u0259tl\u0259rin\u0259 g\u00f6r\u0259 a\u015fa\u011f\u0131dak\u0131 \u015f\u0259xsl\u0259r\u0259 \u201c\u018fm\u0259kdar m\u00fch\u0259ndis\u201d f\u0259xri ad\u0131 verilsin:<\/p>\n<p>Qurbanov Q\u00fcdr\u0259t Q\u0259mb\u0259r o\u011flu<\/p>\n<p>Qurbanov Tofiq Qurbanovi\u00e7.<\/p>\n<p>\u0130lham \u018fliyev<\/p>\n<p>Az\u0259rbaycan Respublikas\u0131n\u0131n Prezidenti<\/p>\n<p>Bak\u0131 \u015f\u0259h\u0259ri, 20 oktyabr 2018-ci il.<\/p>\n","protected":false},"excerpt":{"rendered":"<p>ARANTV.AZ x\u0259b\u0259r verir ki, s\u0259r\u0259ncamda deyilir. Az\u0259rbaycan Respublikas\u0131 Konstitusiyas\u0131n\u0131n 109-cu madd\u0259sinin 32-ci b\u0259ndini r\u0259hb\u0259r tutaraq q\u0259rara al\u0131ram: Az\u0259rbaycan X\u0259z\u0259r D\u0259niz G\u0259mi\u00e7iliyinin 160 illik yubileyi m\u00fcnasib\u0259til\u0259 v\u0259 d\u0259niz n\u0259qliyyat\u0131n\u0131n inki\u015faf\u0131nda xidm\u0259tl\u0259rin\u0259 g\u00f6r\u0259 a\u015fa\u011f\u0131dak\u0131 \u015f\u0259xsl\u0259r\u0259 \u201c\u018fm\u0259kdar m\u00fch\u0259ndis\u201d f\u0259xri ad\u0131 verilsin: Qurbanov Q\u00fcdr\u0259t Q\u0259mb\u0259r o\u011flu Qurbanov Tofiq Qurbanovi\u00e7. \u0130lham \u018fliyev Az\u0259rbaycan Respublikas\u0131n\u0131n Prezidenti Bak\u0131 \u015f\u0259h\u0259ri, 20 oktyabr 2018-ci il.<\/p>\n","protected":false},"author":2,"featured_media":18955,"comment_status":"closed","ping_status":"closed","sticky":false,"template":"","format":"standard","meta":{"om_disable_all_campaigns":false,"_monsterinsights_skip_tracking":false,"_monsterinsights_sitenote_active":false,"_monsterinsights_sitenote_note":"","_monsterinsights_sitenote_category":0},"categories":[8],"tags":[],"aioseo_notices":[],"gutentor_comment":0,"rttpg_featured_image_url":{"full":["https:\/\/arantv.az\/wp-content\/uploads\/2018\/10\/2018_ilham_aliyev_05-2.jpg",1200,900,false],"landscape":["https:\/\/arantv.az\/wp-content\/uploads\/2018\/10\/2018_ilham_aliyev_05-2.jpg",1200,900,false],"portraits":["https:\/\/arantv.az\/wp-content\/uploads\/2018\/10\/2018_ilham_aliyev_05-2.jpg",1200,900,false],"thumbnail":["https:\/\/arantv.az\/wp-content\/uploads\/2018\/10\/2018_ilham_aliyev_05-2-150x150.jpg",150,150,true],"medium":["https:\/\/arantv.az\/wp-content\/uploads\/2018\/10\/2018_ilham_aliyev_05-2-300x225.jpg",300,225,true],"large":["https:\/\/arantv.az\/wp-content\/uploads\/2018\/10\/2018_ilham_aliyev_05-2-1024x768.jpg",640,480,true],"1536x1536":["https:\/\/arantv.az\/wp-content\/uploads\/2018\/10\/2018_ilham_aliyev_05-2.jpg",1200,900,false],"2048x2048":["https:\/\/arantv.az\/wp-content\/uploads\/2018\/10\/2018_ilham_aliyev_05-2.jpg",1200,900,false],"post-thumbnail":["https:\/\/arantv.az\/wp-content\/uploads\/2018\/10\/2018_ilham_aliyev_05-2-240x172.jpg",240,172,true],"advps-thumb-one":["https:\/\/arantv.az\/wp-content\/uploads\/2018\/10\/2018_ilham_aliyev_05-2-1200x620.jpg",1200,620,true]},"rttpg_author":{"display_name":"V\u00fcsal Rafiqo\u011flu","author_link":"https:\/\/arantv.az\/?author=2"},"rttpg_comment":0,"rttpg_category":"<a href=\"https:\/\/arantv.az\/?cat=8\" rel=\"category\">\u018fsas s\u0259hif\u0259<\/a>","rttpg_excerpt":"ARANTV.AZ x\u0259b\u0259r verir ki, s\u0259r\u0259ncamda deyilir. Az\u0259rbaycan Respublikas\u0131 Konstitusiyas\u0131n\u0131n 109-cu madd\u0259sinin 32-ci b\u0259ndini r\u0259hb\u0259r tutaraq q\u0259rara al\u0131ram: Az\u0259rbaycan X\u0259z\u0259r D\u0259niz G\u0259mi\u00e7iliyinin 160 illik yubileyi m\u00fcnasib\u0259til\u0259 v\u0259 d\u0259niz n\u0259qliyyat\u0131n\u0131n inki\u015faf\u0131nda xidm\u0259tl\u0259rin\u0259 g\u00f6r\u0259 a\u015fa\u011f\u0131dak\u0131 \u015f\u0259xsl\u0259r\u0259 \u201c\u018fm\u0259kdar m\u00fch\u0259ndis\u201d f\u0259xri ad\u0131 verilsin: Qurbanov Q\u00fcdr\u0259t Q\u0259mb\u0259r o\u011flu Qurbanov Tofiq Qurbanovi\u00e7. \u0130lham \u018fliyev Az\u0259rbaycan Respublikas\u0131n\u0131n Prezidenti Bak\u0131 \u015f\u0259h\u0259ri, 20 oktyabr 2018-ci&hellip;","_links":{"self":[{"href":"https:\/\/arantv.az\/index.php?rest_route=\/wp\/v2\/posts\/20285"}],"collection":[{"href":"https:\/\/arantv.az\/index.php?rest_route=\/wp\/v2\/posts"}],"about":[{"href":"https:\/\/arantv.az\/index.php?rest_route=\/wp\/v2\/types\/post"}],"author":[{"embeddable":true,"href":"https:\/\/arantv.az\/index.php?rest_route=\/wp\/v2\/users\/2"}],"replies":[{"embeddable":true,"href":"https:\/\/arantv.az\/index.php?rest_route=%2Fwp%2Fv2%2Fcomments&post=20285"}],"version-history":[{"count":0,"href":"https:\/\/arantv.az\/index.php?rest_route=\/wp\/v2\/posts\/20285\/revisions"}],"wp:featuredmedia":[{"embeddable":true,"href":"https:\/\/arantv.az\/index.php?rest_route=\/wp\/v2\/media\/18955"}],"wp:attachment":[{"href":"https:\/\/arantv.az\/index.php?rest_route=%2Fwp%2Fv2%2Fmedia&parent=20285"}],"wp:term":[{"taxonomy":"category","embeddable":true,"href":"https:\/\/arantv.az\/index.php?rest_route=%2Fwp%2Fv2%2Fcategories&post=20285"},{"taxonomy":"post_tag","embeddable":true,"href":"https:\/\/arantv.az\/index.php?rest_route=%2Fwp%2Fv2%2Ftags&post=20285"}],"curies":[{"name":"wp","href":"https:\/\/api.w.org\/{rel}","templated":true}]}}