{"id":20290,"date":"2018-10-20T15:05:15","date_gmt":"2018-10-20T12:05:15","guid":{"rendered":"http:\/\/arantv.az\/?p=20290"},"modified":"2018-10-20T15:05:15","modified_gmt":"2018-10-20T12:05:15","slug":"az%c9%99rbaycana-t%c9%99tbiq-edil%c9%99n-ikili-standartlar-aradan-qalxsin-v%c9%99-isgalda-olan-torpaqlar-azad-edilsin-turkiy%c9%99li-deputat","status":"publish","type":"post","link":"https:\/\/arantv.az\/?p=20290","title":{"rendered":"&#8220;Az\u0259rbaycana t\u0259tbiq edil\u0259n ikili standartlar aradan qalxs\u0131n v\u0259 i\u015f\u011falda olan torpaqlar azad edilsin&#8221; &#8211; T\u00fcrkiy\u0259li deputat"},"content":{"rendered":"<p><strong>T\u00fcrkiy\u0259nin Kayseri \u015f\u0259h\u0259rinin Erciyez Universitetind\u0259 konfrans ke\u00e7irilib.<\/strong><\/p>\n<p><strong>ARANTV.AZ<\/strong> trend-\u0259 istinad\u0259n bildirir ki, m\u0259rasimd\u0259 Az\u0259rbaycan Prezidentinin \u0130ctimai-siyasi m\u0259s\u0259l\u0259l\u0259r \u00fczr\u0259 k\u00f6m\u0259k\u00e7isi &#8211; \u015f\u00f6b\u0259 m\u00fcdiri \u018fli H\u0259s\u0259nov, az\u0259rbaycanl\u0131 mill\u0259t v\u0259kill\u0259ri, Rusiya D\u00f6vl\u0259t Dumas\u0131n\u0131n \u00fczvl\u0259ri i\u015ftirak edib.<\/p>\n<p>Konfransda \u00e7\u0131x\u0131\u015f ed\u0259n T\u00fcrkiy\u0259-Az\u0259rbaycan parlamentl\u0259raras\u0131 dostluq qrupunun r\u0259hb\u0259ri, T\u00fcrkiy\u0259 B\u00f6y\u00fck Mill\u0259t M\u0259clisinin deputat\u0131 \u015eamil Ayr\u0131m deyib ki, bir ne\u00e7\u0259 il \u0259vv\u0259l korlanan T\u00fcrkiy\u0259-Rusiya m\u00fcnasib\u0259tl\u0259ri yenid\u0259n b\u0259rpa edilib: &#8220;H\u0259r iki \u00f6lk\u0259nin prezidentl\u0259rinin s\u0259yi n\u0259tic\u0259sind\u0259 iki d\u00f6vl\u0259t aras\u0131nda m\u00fcnasib\u0259tl\u0259r yenid\u0259n b\u0259rpa edildi. Bu g\u00fcn Suriyaya s\u00fclh g\u0259tirm\u0259k ist\u0259y\u0259n iki \u00f6lk\u0259 var: T\u00fcrkiy\u0259 v\u0259 Rusiya. T\u00fcrkiy\u0259d\u0259 haz\u0131rda 4 milyona yax\u0131n suriyal\u0131 qa\u00e7q\u0131n var v\u0259 r\u0259smi Ankara bu insanlar\u0131n probleml\u0259ri il\u0259 yax\u0131ndan maraqlan\u0131r. Lakin T\u00fcrkiy\u0259nin d\u0259 imkanlar\u0131 v\u0259 s\u0259bri h\u0259dsiz deyil&#8221;.<\/p>\n<p>\u015e.Ayr\u0131m, h\u0259m\u00e7inin 18 oktyabr &#8211; Az\u0259rbaycan\u0131n D\u00f6vl\u0259t M\u00fcst\u0259qilliyi g\u00fcn\u00fc m\u00fcnasib\u0259til\u0259 \u00f6z t\u0259brikl\u0259rini \u00e7atd\u0131r\u0131b: &#8220;Az\u0259rbaycan\u0131 t\u0259brik edir\u0259m. He\u00e7 bir zaman bayra\u011f\u0131n\u0131z enm\u0259sin. Az\u0259rbaycan iki y\u00fcz ildir ki, q\u0259tliamlara m\u0259ruz qal\u0131r. Lakin he\u00e7 bir d\u00f6vl\u0259t\u0259 kin v\u0259 nifr\u0259t b\u0259sl\u0259mir. Probleml\u0259ri s\u00fclh yolu il\u0259 qaydaya salmaq ist\u0259yir. T\u00fcrkiy\u0259 olaraq ist\u0259yirik ki, Az\u0259rbaycana t\u0259tbiq edil\u0259n ikili standartlar aradan qalxs\u0131n v\u0259 i\u015f\u011falda olan torpaqlar azad edilsin. Bu g\u00fcn Erm\u0259nistan i\u015f\u011fal\u00e7\u0131 olmasayd\u0131, bir \u00e7ox layih\u0259l\u0259rd\u0259 i\u015ftirak ed\u0259rdi&#8221;.<\/p>\n","protected":false},"excerpt":{"rendered":"<p>T\u00fcrkiy\u0259nin Kayseri \u015f\u0259h\u0259rinin Erciyez Universitetind\u0259 konfrans ke\u00e7irilib. ARANTV.AZ trend-\u0259 istinad\u0259n bildirir ki, m\u0259rasimd\u0259 Az\u0259rbaycan Prezidentinin \u0130ctimai-siyasi m\u0259s\u0259l\u0259l\u0259r \u00fczr\u0259 k\u00f6m\u0259k\u00e7isi &#8211; \u015f\u00f6b\u0259 m\u00fcdiri \u018fli H\u0259s\u0259nov, az\u0259rbaycanl\u0131 mill\u0259t v\u0259kill\u0259ri, Rusiya D\u00f6vl\u0259t Dumas\u0131n\u0131n \u00fczvl\u0259ri i\u015ftirak edib. Konfransda \u00e7\u0131x\u0131\u015f ed\u0259n T\u00fcrkiy\u0259-Az\u0259rbaycan parlamentl\u0259raras\u0131 dostluq qrupunun r\u0259hb\u0259ri, T\u00fcrkiy\u0259 B\u00f6y\u00fck Mill\u0259t M\u0259clisinin deputat\u0131 \u015eamil Ayr\u0131m deyib ki, bir ne\u00e7\u0259 il \u0259vv\u0259l korlanan T\u00fcrkiy\u0259-Rusiya m\u00fcnasib\u0259tl\u0259ri yenid\u0259n b\u0259rpa edilib: &#8220;H\u0259r iki \u00f6lk\u0259nin prezidentl\u0259rinin s\u0259yi n\u0259tic\u0259sind\u0259 iki d\u00f6vl\u0259t aras\u0131nda m\u00fcnasib\u0259tl\u0259r yenid\u0259n b\u0259rpa edildi. Bu g\u00fcn Suriyaya s\u00fclh g\u0259tirm\u0259k ist\u0259y\u0259n iki \u00f6lk\u0259 var: T\u00fcrkiy\u0259 v\u0259 Rusiya. T\u00fcrkiy\u0259d\u0259 haz\u0131rda 4 milyona yax\u0131n&hellip;<\/p>\n","protected":false},"author":2,"featured_media":20292,"comment_status":"closed","ping_status":"closed","sticky":false,"template":"","format":"standard","meta":{"om_disable_all_campaigns":false,"_monsterinsights_skip_tracking":false,"_monsterinsights_sitenote_active":false,"_monsterinsights_sitenote_note":"","_monsterinsights_sitenote_category":0},"categories":[4],"tags":[],"aioseo_notices":[],"gutentor_comment":0,"rttpg_featured_image_url":{"full":["https:\/\/arantv.az\/wp-content\/uploads\/2018\/10\/696428.jpg",640,408,false],"landscape":["https:\/\/arantv.az\/wp-content\/uploads\/2018\/10\/696428.jpg",640,408,false],"portraits":["https:\/\/arantv.az\/wp-content\/uploads\/2018\/10\/696428.jpg",640,408,false],"thumbnail":["https:\/\/arantv.az\/wp-content\/uploads\/2018\/10\/696428-150x150.jpg",150,150,true],"medium":["https:\/\/arantv.az\/wp-content\/uploads\/2018\/10\/696428-300x191.jpg",300,191,true],"large":["https:\/\/arantv.az\/wp-content\/uploads\/2018\/10\/696428.jpg",640,408,false],"1536x1536":["https:\/\/arantv.az\/wp-content\/uploads\/2018\/10\/696428.jpg",640,408,false],"2048x2048":["https:\/\/arantv.az\/wp-content\/uploads\/2018\/10\/696428.jpg",640,408,false],"post-thumbnail":["https:\/\/arantv.az\/wp-content\/uploads\/2018\/10\/696428-240x172.jpg",240,172,true],"advps-thumb-one":["https:\/\/arantv.az\/wp-content\/uploads\/2018\/10\/696428.jpg",640,408,false]},"rttpg_author":{"display_name":"V\u00fcsal Rafiqo\u011flu","author_link":"https:\/\/arantv.az\/?author=2"},"rttpg_comment":0,"rttpg_category":"<a href=\"https:\/\/arantv.az\/?cat=4\" rel=\"category\">Siyas\u0259t<\/a>","rttpg_excerpt":"T\u00fcrkiy\u0259nin Kayseri \u015f\u0259h\u0259rinin Erciyez Universitetind\u0259 konfrans ke\u00e7irilib. ARANTV.AZ trend-\u0259 istinad\u0259n bildirir ki, m\u0259rasimd\u0259 Az\u0259rbaycan Prezidentinin \u0130ctimai-siyasi m\u0259s\u0259l\u0259l\u0259r \u00fczr\u0259 k\u00f6m\u0259k\u00e7isi &#8211; \u015f\u00f6b\u0259 m\u00fcdiri \u018fli H\u0259s\u0259nov, az\u0259rbaycanl\u0131 mill\u0259t v\u0259kill\u0259ri, Rusiya D\u00f6vl\u0259t Dumas\u0131n\u0131n \u00fczvl\u0259ri i\u015ftirak edib. Konfransda \u00e7\u0131x\u0131\u015f ed\u0259n T\u00fcrkiy\u0259-Az\u0259rbaycan parlamentl\u0259raras\u0131 dostluq qrupunun r\u0259hb\u0259ri, T\u00fcrkiy\u0259 B\u00f6y\u00fck Mill\u0259t M\u0259clisinin deputat\u0131 \u015eamil Ayr\u0131m deyib ki, bir ne\u00e7\u0259 il \u0259vv\u0259l korlanan&hellip;","_links":{"self":[{"href":"https:\/\/arantv.az\/index.php?rest_route=\/wp\/v2\/posts\/20290"}],"collection":[{"href":"https:\/\/arantv.az\/index.php?rest_route=\/wp\/v2\/posts"}],"about":[{"href":"https:\/\/arantv.az\/index.php?rest_route=\/wp\/v2\/types\/post"}],"author":[{"embeddable":true,"href":"https:\/\/arantv.az\/index.php?rest_route=\/wp\/v2\/users\/2"}],"replies":[{"embeddable":true,"href":"https:\/\/arantv.az\/index.php?rest_route=%2Fwp%2Fv2%2Fcomments&post=20290"}],"version-history":[{"count":0,"href":"https:\/\/arantv.az\/index.php?rest_route=\/wp\/v2\/posts\/20290\/revisions"}],"wp:featuredmedia":[{"embeddable":true,"href":"https:\/\/arantv.az\/index.php?rest_route=\/wp\/v2\/media\/20292"}],"wp:attachment":[{"href":"https:\/\/arantv.az\/index.php?rest_route=%2Fwp%2Fv2%2Fmedia&parent=20290"}],"wp:term":[{"taxonomy":"category","embeddable":true,"href":"https:\/\/arantv.az\/index.php?rest_route=%2Fwp%2Fv2%2Fcategories&post=20290"},{"taxonomy":"post_tag","embeddable":true,"href":"https:\/\/arantv.az\/index.php?rest_route=%2Fwp%2Fv2%2Ftags&post=20290"}],"curies":[{"name":"wp","href":"https:\/\/api.w.org\/{rel}","templated":true}]}}