{"id":20297,"date":"2018-10-20T15:08:00","date_gmt":"2018-10-20T12:08:00","guid":{"rendered":"http:\/\/arantv.az\/?p=20297"},"modified":"2018-10-20T15:08:00","modified_gmt":"2018-10-20T12:08:00","slug":"4-kisi-4-qadini-goturub-restorana-g%c9%99ldi-kutl%c9%99vi-dava-dusdu-siy%c9%99z%c9%99nd%c9%99-cinay%c9%99t","status":"publish","type":"post","link":"https:\/\/arantv.az\/?p=20297","title":{"rendered":"4 ki\u015fi 4 qad\u0131n\u0131 g\u00f6t\u00fcr\u00fcb restorana g\u0259ldi, k\u00fctl\u0259vi dava d\u00fc\u015fd\u00fc&#8230; &#8211; Siy\u0259z\u0259nd\u0259 cinay\u0259t"},"content":{"rendered":"<p><strong>Siy\u0259z\u0259n rayonunda restoranda k\u00fctl\u0259vi dava salmaqda ittiham olunan 1962-ci il t\u0259v\u0259ll\u00fcdl\u00fc Vaqif Babayevin cinay\u0259t i\u015fi \u00fczr\u0259 m\u0259hk\u0259m\u0259 prosesi ba\u015fa \u00e7at\u0131b.<\/strong><\/p>\n<p><strong>ARANTV.AZ<\/strong> publika.az-a istinad\u0259n\u00a0x\u0259b\u0259r verir ki, Vaqif Babayev 22 noyabr 2017-ci il tarixd\u0259, saat 14.30-da Nur\u0259li M\u0259mm\u0259dovun ad\u0131na r\u0259smil\u0259\u015fdirilmi\u015f Siy\u0259z\u0259n rayonu, Qara Siy\u0259z\u0259n k\u0259ndi \u0259razisind\u0259 yerl\u0259\u015f\u0259n &#8220;Qafqaz&#8221; restoran\u0131nda ictimai v\u0259 \u015f\u0259xsi m\u0259nafel\u0259r\u0259 \u0259h\u0259miyy\u0259tli z\u0259r\u0259r vurub.<\/p>\n<p><strong>Restorana basq\u0131n<\/strong><\/p>\n<p>O, bir qrup yax\u0131n qohumunun m\u00fc\u015fahid\u0259si il\u0259 restoran\u0131n i\u00e7\u0259risin\u0259 zorla daxil olaraq, h\u0259r birinin d\u0259y\u0259ri 250 manat olan m\u0259tb\u0259xin v\u0259 istirah\u0259t \u00fc\u00e7\u00fcn n\u0259z\u0259rd\u0259 tutulmu\u015f ota\u011f\u0131n 2 \u0259d\u0259d plastik qap\u0131lar\u0131n\u0131, &#8220;Qafqaz&#8221; \u015fadl\u0131q saray\u0131n\u0131n i\u00e7\u0259risind\u0259 yerl\u0259\u015f\u0259n h\u0259r birinin d\u0259y\u0259ri 3,50 manat olan 15 \u0259d\u0259d plastik qap\u0131lar\u0131n kilidl\u0259rini s\u0131nd\u0131r\u0131b. O, \u00fcmumi olaraq Nur\u0259li M\u0259mm\u0259dova 552.50 q\u0259pik maddi ziyan vurub.<\/p>\n<p><strong>M\u00fchafiz\u0259\u00e7i s\u00f6y\u00fcld\u00fc, t\u0259hqir edildi<\/strong><\/p>\n<p>Vaqif Babayev h\u0259min restoran\u0131n ona m\u0259xsus olmas\u0131n\u0131 b\u0259han\u0259 edib v\u0259 \u0259sasl\u0131 s\u0259b\u0259b olmadan h\u0259min tarixd\u0259 &#8220;Qafqaz&#8221; restoran\u0131n\u0131n m\u00fchafiz\u0259sini t\u0259min ed\u0259n &#8220;Riyad&#8221; M\u00fchafiz\u0259 xidm\u0259tinin \u0259m\u0259kda\u015f\u0131 Mirc\u0259lal Q\u0259dirovun \u00fcnvan\u0131na nalayiq s\u00f6y\u00fc\u015fl\u0259r s\u00f6y\u00fcb, yumruqla sif\u0259t nahiyy\u0259sind\u0259n bir d\u0259f\u0259 z\u0259rb\u0259 vurub.<\/p>\n<p><strong>120 manatl\u0131q ziyan<\/strong><\/p>\n<p>Habel\u0259 h\u0259min vaxt\u0131 hadis\u0259 yerind\u0259 olub, ictimai qaydan\u0131n qorunmas\u0131 \u00fczr\u0259 v\u0259zif\u0259ni yerin\u0259 yetir\u0259n Siy\u0259z\u0259n Regional M\u00fchafiz\u0259 \u015f\u00f6b\u0259sinin \u0259m\u0259kda\u015f\u0131, polis serjant\u0131 Nuran Ucaqovu Vaqif Babayev yumruqla sin\u0259 nahiy\u0259sind\u0259n vurub. Ona d\u0259r\u0259c\u0259si t\u0259yin edilm\u0259y\u0259n x\u0259sar\u0259t yetirib, \u0259ynind\u0259 olan xidm\u0259ti q\u0131\u015f g\u00f6d\u0259k\u00e7\u0259sini dartaraq c\u0131raraq 120 manat m\u0259bl\u0259\u011find\u0259 maddi ziyan vurub.<\/p>\n<p><strong>\u0130ttiham<\/strong><\/p>\n<p>\u0130stintaq orqan\u0131 t\u0259r\u0259find\u0259n Vaqif Babayev\u0259 Cinay\u0259t M\u0259c\u0259ll\u0259sinin 221.2.2-ci (ictimai qaydan\u0131n qorunmas\u0131 \u00fczr\u0259 v\u0259zif\u0259ni yerin\u0259 yetir\u0259n v\u0259 ya ictimai qaydan\u0131n pozulmas\u0131n\u0131n qar\u015f\u0131s\u0131n\u0131 alan hakimiyy\u0259t n\u00fcmay\u0259nd\u0259sin\u0259 v\u0259 ya dig\u0259r \u015f\u0259xs\u0259 m\u00fcqavim\u0259t g\u00f6st\u0259rm\u0259kl\u0259 xuliqanl\u0131q t\u00f6r\u0259tm\u0259k) madd\u0259si il\u0259 ittiham elan edilib.<\/p>\n<p><strong>&#8220;M\u00fclki i\u015fimiz ara\u015fd\u0131r\u0131l\u0131r&#8221;<\/strong><\/p>\n<p>T\u0259qsirl\u0259ndiril\u0259n \u015f\u0259xs qismind\u0259 ifad\u0259 ver\u0259n Vaqif Babayev ona elan olunmu\u015f ittiham \u00fczr\u0259 \u00f6z\u00fcn\u00fc qism\u0259n t\u0259qsirli bilib. O\u00a0bildirib ki, Siy\u0259z\u0259n rayonu Qara Siy\u0259z\u0259n k\u0259ndi \u0259razisind\u0259 yerl\u0259\u015f\u0259n &#8220;Qafqaz&#8221; \u015fadl\u0131q saray\u0131 onun qarda\u015f\u0131 Ta\u011f\u0131 Babayev\u0259 m\u0259xsus olsa da, qanunsuz yollarla Nur\u0259li M\u0259mm\u0259dovun ad\u0131na s\u0259n\u0259dl\u0259\u015fdirilib: &#8220;Haz\u0131rda h\u0259min m\u0259s\u0259l\u0259 il\u0259 \u0259laq\u0259dar m\u00fclki qaydada m\u0259hk\u0259m\u0259y\u0259 m\u00fcraci\u0259t etmi\u015fik. M\u00fclki i\u015f m\u0259hk\u0259m\u0259 icraat\u0131nda ara\u015fd\u0131r\u0131l\u0131r&#8221;.<\/p>\n<p><strong>&#8220;Ukrayna v\u0259t\u0259nda\u015f\u0131n\u0131n ad\u0131na ke\u00e7irilib&#8221;<\/strong><\/p>\n<p>T\u0259qsirl\u0259ndiril\u0259n \u015f\u0259xsin s\u00f6zl\u0259rin\u0259 g\u00f6r\u0259, t\u0259xmin\u0259n iki il bundan \u0259vv\u0259l, 2015-ci ilin oktyabr\u0131n 26-da qarda\u015f\u0131 Ta\u011f\u0131 yax\u0131n m\u00fcnasib\u0259td\u0259 oldu\u011fu Asim adl\u0131 \u015f\u0259xs\u0259 ad\u0131ndan \u00e7\u0131x\u0131\u015f etm\u0259k, s\u0259r\u0259ncam verm\u0259k h\u00fcququ il\u0259 ba\u011fl\u0131 etibarnam\u0259 verib: &#8220;H\u0259min \u015f\u0259xs bizi aldadaraq h\u0259min ilin oktyabr\u0131n 27-d\u0259 obyekti Ukrayna v\u0259t\u0259nda\u015f\u0131 Nur\u0259li M\u0259m\u0259dovun ad\u0131na ke\u00e7irib. Bizim bu bar\u0259d\u0259 he\u00e7 bir x\u0259b\u0259rimiz olmay\u0131b. Buna g\u00f6r\u0259 d\u0259 aram\u0131zda m\u00fcnaqi\u015f\u0259 var. Bununla \u0259laq\u0259dar h\u0259min obyekti \u00f6z ad\u0131na ke\u00e7ir\u0259n \u015f\u0259xsl\u0259r m\u00fchafiz\u0259 polisi v\u0259 &#8220;Riyad&#8221; m\u00fchafiz\u0259 xidm\u0259ti il\u0259 m\u00fcqavil\u0259 ba\u011flayaraq obyektin m\u00fchafiz\u0259sini t\u0259\u015fkil edibl\u0259r&#8221;.<\/p>\n<p><strong>&#8220;Onlarla it\u0259l\u0259\u015fm\u0259y\u0259 ba\u015flad\u0131m&#8221;<\/strong><\/p>\n<p>Vaqif Babayev qeyd edib ki, 2016-c\u0131 il noyabr\u0131n 22-d\u0259, saat 14.30-da qarda\u015flar\u0131 Ta\u011f\u0131, M\u0259mm\u0259d, Ta\u011f\u0131n\u0131n o\u011flu Yunus, \u00f6z o\u011flum V\u00fcsal, i\u015f\u00e7il\u0259rimiz Suqra Mehdiyeva, dig\u0259r yax\u0131n qohumlar\u0131m\u0131z V\u0259zif\u0259 Babayeva, Elza Babayeva v\u0259 Yegan\u0259 Babayeva il\u0259 birlikd\u0259 &#8220;Qafqaz&#8221; restoran\u0131na gedibl\u0259r: &#8220;Orada &#8220;Riyad&#8221; m\u00fchafiz\u0259 xidm\u0259tinin \u0259m\u0259kda\u015flar\u0131 v\u0259 Daxili \u0130\u015fl\u0259r Nazirliyinin regional m\u00fchafiz\u0259 \u015f\u00f6b\u0259sinin polis \u0259m\u0259kda\u015f\u0131 Nuran bizi i\u00e7\u0259ri buraxmad\u0131lar. Bu zaman h\u0259min m\u00fchafiz\u0259\u00e7il\u0259rl\u0259 m\u00fcbahis\u0259 etdim, onlarla it\u0259l\u0259\u015fm\u0259y\u0259 ba\u015flad\u0131m. N\u0259tic\u0259d\u0259 aram\u0131zda naraz\u0131l\u0131q olsa da, Nuran Ucaqova v\u0259 dig\u0259r polis \u0259m\u0259kda\u015f\u0131na g\u00fcc t\u0259tbiq ed\u0259r\u0259k adlar\u0131n\u0131 qeyd etdiyim qohumlar\u0131m\u0131n m\u00fc\u015fahid\u0259si il\u0259 \u015fadl\u0131q evin\u0259 daxil olduq&#8221;.<\/p>\n<p><strong>&#8220;Pe\u015fman\u00e7\u0131l\u0131q \u00e7\u0259kir\u0259m&#8221;<\/strong><\/p>\n<p>Vaqif Babayevin ifad\u0259sin\u0259 g\u00f6r\u0259, 20-25 d\u0259qiq\u0259d\u0259n sonra Siy\u0259z\u0259n Rayon Polis \u015e\u00f6b\u0259sinin \u0259m\u0259kda\u015flar\u0131 ora g\u0259lib: &#8220;Polis \u0259m\u0259kda\u015flar\u0131 g\u0259l\u0259nd\u0259n sonra \u00f6z h\u0259r\u0259k\u0259tl\u0259rimi dayand\u0131rd\u0131m. T\u00f6r\u0259tdiyim \u0259m\u0259limd\u0259n s\u0259mimi pe\u015fman\u00e7\u0131l\u0131q \u00e7\u0259kir\u0259m. Bu \u0259m\u0259ll\u0259ri t\u00f6r\u0259tm\u0259yim\u0259 s\u0259b\u0259b \u00f6z\u00fcm\u00fcn m\u00fclkiyy\u0259t\u00e7isi hesab etdiyim qeyri-ya\u015fay\u0131\u015f \u0259mlak kompleksin\u0259 daxil olmaq niy\u0259tim olub&#8221;.<\/p>\n<p><strong>&#8220;\u015eadl\u0131q saray\u0131na rahat ged\u0259 bilm\u0259mi\u015fik&#8221;<\/strong><\/p>\n<p>T\u0259qsirl\u0259ndiril\u0259n \u015f\u0259xs bildirib ki, 2016-c\u0131 ilin noyabr\u0131nda onlar d\u0259f\u0259l\u0259rl\u0259 \u015fadl\u0131q saray\u0131na g\u0259lm\u0259k ist\u0259yibl\u0259r: &#8220;Daim \u015fadl\u0131q saray\u0131n\u0131n yeni m\u00fclkiyy\u0259t\u00e7isinin qohumlar\u0131 v\u0259 i\u015f\u00e7il\u0259ri il\u0259 aram\u0131zda naraz\u0131l\u0131q olub. 2016-c\u0131 ilin noyabr\u0131ndan sonra da biz \u015fadl\u0131q saray\u0131na rahat ged\u0259 bilm\u0259mi\u015fik. Aram\u0131zdak\u0131 m\u00fcnaqi\u015f\u0259 Siy\u0259z\u0259n rayon icra m\u0259murlar\u0131 t\u0259r\u0259find\u0259n h\u0259min obyekt\u0259 m\u0259hk\u0259m\u0259 q\u0259rar\u0131 il\u0259 qoyulmu\u015f h\u0259bsin icras\u0131ndan sonra dayand\u0131r\u0131l\u0131b. Haz\u0131rda m\u0259n v\u0259 qohumlar\u0131m, n\u0259d\u0259 ki\u00a0Nur\u0259li M\u0259mm\u0259dov v\u0259 qohumlar\u0131 h\u0259min obyekti istifad\u0259 etmirik. Siy\u0259z\u0259n rayonunun Qarasiy\u0259z\u0259n k\u0259ndi \u0259razisind\u0259 yerl\u0259\u015f\u0259n &#8220;Qafqaz&#8221; \u015fadl\u0131q saray\u0131 bir ne\u00e7\u0259 il qarda\u015f\u0131m Ta\u011f\u0131 Babayevin m\u00fclkiyy\u0259tind\u0259 olmaqla m\u0259nim istifad\u0259md\u0259 olub. M\u0259n v\u0259 dig\u0259r qohumlar\u0131m birg\u0259 h\u0259min \u0259mlakdan kommersiya m\u0259qs\u0259dl\u0259ri \u00fc\u00e7\u00fcn istifad\u0259 ed\u0259r\u0259k kifay\u0259t q\u0259d\u0259r y\u00fcks\u0259k qazanc \u0259ld\u0259 etmi\u015fik. M\u00fclki m\u00fchakim\u0259 icraat\u0131nda \u0259mlak kompleksinin z\u0259r\u0259r \u00e7\u0259kmi\u015f \u015f\u0259xs Nur\u0259li M\u0259mm\u0259dovun m\u00fclkiyy\u0259tin\u0259 verilm\u0259sin\u0259 dair m\u00fcqavil\u0259l\u0259rin m\u00fcbahis\u0259l\u0259ndirilm\u0259si yuxar\u0131 instansiya m\u0259hk\u0259m\u0259l\u0259rind\u0259 davam etdirildiyind\u0259n \u00f6z\u00fcm\u00fc v\u0259 qarda\u015f\u0131m\u0131 h\u0259l\u0259 d\u0259 h\u0259min \u0259mlak kompleksinin m\u00fclkiyy\u0259t\u00e7isi hesab edir\u0259m. &#8220;Qafqaz&#8221; \u015fadl\u0131q evinin bizim istifad\u0259mizd\u0259n al\u0131nmas\u0131n\u0131 qanunsuz say\u0131ram&#8221;.<\/p>\n<p><strong>&#8220;\u00dcmumilikd\u0259 ziyan d\u0259yib&#8221;<\/strong><\/p>\n<p>Cinay\u0259t i\u015fi \u00fczr\u0259 z\u0259r\u0259r\u00e7\u0259kmi\u015f \u015f\u0259xs qismind\u0259 ifad\u0259 ver\u0259n Nur\u0259li M\u0259mm\u0259dov bildirib ki, Siy\u0259z\u0259n rayonu Qara Siy\u0259z\u0259n k\u0259ndi \u0259razisind\u0259 yerl\u0259\u015f\u0259n m\u00fclk\u00fcyy\u0259t h\u00fcququ \u0259sas\u0131nda &#8220;Qafqaz&#8221; \u015fadl\u0131q saray\u0131 ona m\u0259xsusdur: &#8220;M\u0259n &#8220;Qafqaz&#8221; \u015fadl\u0131q saray\u0131n\u0131 m\u00fchafiz\u0259sini t\u0259min etm\u0259k m\u0259qs\u0259di il\u0259 4 noyabr 2016-c\u0131 il tarixd\u0259 Siy\u0259z\u0259n Regional M\u00fchafiz\u0259 idar\u0259si v\u0259 11 noyabr 2016-c\u0131 il tarixd\u0259 &#8220;Riyad&#8221; M\u00fchafiz\u0259 xidm\u0259ti il\u0259 r\u0259smi m\u00fcqavil\u0259 ba\u011flam\u0131\u015fam. Noyabr\u0131n 22-d\u0259 Vaqif Babayev m\u0259n\u0259 m\u0259xsus olan \u015fadl\u0131q saray\u0131n\u0131n \u00f6z\u00fcn\u00fc faktiki sahibi kimi t\u0259qdim ed\u0259r\u0259k h\u0259min \u015fadl\u0131q saray\u0131na zorla daxil olub, Siy\u0259z\u0259n Regional M\u00fchafiz\u0259 idar\u0259sinin v\u0259 Riyad M\u00fchafiz\u0259 xidm\u0259tinin \u0259m\u0259kda\u015flar\u0131na qar\u015f\u0131 zor t\u0259tbiq edib. O, m\u0259n\u0259 m\u0259xsus olan \u015fadl\u0131q saray\u0131na \u00fcmumilikd\u0259 552 manat 50 q\u0259pik d\u0259y\u0259rind\u0259 maddi ziyan vurub&#8221;.<\/p>\n<p><strong>S\u0131naq c\u0259zas\u0131<\/strong><\/p>\n<p>Siy\u0259z\u0259n rayon M\u0259hk\u0259m\u0259sinin h\u00f6km\u00fc il\u0259 Vaqif Babayevin bar\u0259sind\u0259 Cinay\u0259t M\u0259c\u0259ll\u0259sinin 70-ci (\u015f\u0259rti m\u0259hkum etm\u0259) madd\u0259si t\u0259tbiq edilib. Onun bar\u0259sind\u0259 2 il s\u0131naq m\u00fcdd\u0259ti olmaqla 3 il m\u00fcdd\u0259tin\u0259 \u015f\u0259rti c\u0259za t\u0259yin edilib.<\/p>\n<p>H\u00f6km\u0259 \u0259sas\u0259n, z\u0259r\u0259r\u00e7\u0259kmi\u015f Nur\u0259li M\u0259mm\u0259dovun m\u00fclki iddia \u0259riz\u0259si qism\u0259n t\u0259min edilib. Vaqif Babayevd\u0259n maddi v\u0259 m\u0259n\u0259vi z\u0259r\u0259rin \u0259v\u0259zi olaraq 21046 manat 12 q\u0259pik m\u0259bl\u0259\u011find\u0259 ziyan\u0131n tutularaq z\u0259r\u0259r \u00e7\u0259kmi\u015fin xeyrin\u0259 \u00f6d\u0259nilm\u0259si q\u0259rara al\u0131n\u0131b.<\/p>\n<p>H\u00f6kmd\u0259n naraz\u0131 qalan z\u0259r\u0259r\u00e7\u0259kmi\u015f Nur\u0259li M\u0259mm\u0259dov apelyasiya \u015fikay\u0259ti verib. O, \u015fikay\u0259tind\u0259 Vaqif Babayevin bar\u0259sind\u0259 t\u0259yin edilmi\u015f \u015f\u0259rti c\u0259zan\u0131n h\u00f6k\u00fcmd\u0259n xaric edilm\u0259sini, ona a\u011f\u0131r c\u0259za t\u0259yin edilm\u0259sini ist\u0259yib.<\/p>\n<p>Z\u0259r\u0259r\u00e7\u0259kmi\u015fin \u015fikay\u0259ti ara\u015fd\u0131r\u0131lmas\u0131 \u00fc\u00e7\u00fcn Sumqay\u0131t Apelyasiya M\u0259hk\u0259m\u0259sin\u0259 g\u00f6nd\u0259rilib. \u015eikay\u0259t hakim Elman \u018fhm\u0259dovun s\u0259drlik etdiyi kollegiyada ara\u015fd\u0131r\u0131l\u0131b.<\/p>\n<p>Apelyasiya instansiyas\u0131 m\u0259hk\u0259m\u0259sinin hakim hey\u0259ti Vaqif Babayevin bar\u0259sind\u0259 Siy\u0259z\u0259n rayon M\u0259hk\u0259m\u0259sinin \u00e7\u0131xard\u0131\u011f\u0131 h\u00f6km\u00fc d\u0259yi\u015fdirib.<\/p>\n<p><strong>70-ci madd\u0259 h\u00f6kmd\u0259n xaric edildi<\/strong><\/p>\n<p>Q\u0259rara g\u00f6r\u0259, Vaqif Babayevin bar\u0259sind\u0259 t\u0259yin edilmi\u015f Cinay\u0259t M\u0259c\u0259ll\u0259sinin 70-ci madd\u0259si h\u00f6k\u00fcmd\u0259n xaric edilib. Onun bar\u0259sind\u0259 t\u0259yin edilmi\u015f 3 il m\u00fcdd\u0259tin\u0259 azadl\u0131qdan m\u0259hrumetm\u0259 c\u0259zas\u0131 ayl\u0131q qazanc\u0131n\u0131n 15 faizi d\u00f6vl\u0259t n\u0259fin\u0259 tutulmaqla 6 ay m\u00fcdd\u0259t\u0259 islah i\u015fl\u0259ri c\u0259zas\u0131 il\u0259 \u0259v\u0259z olunub.<\/p>\n<p>M\u0259hk\u0259m\u0259 z\u0259r\u0259r\u00e7\u0259kmi\u015f Nur\u0259li M\u0259mm\u0259dovun m\u00fclki iddias\u0131 \u0259riz\u0259si \u00fczr\u0259 icraata xitam verilm\u0259si bar\u0259d\u0259 q\u0259rar q\u0259bul edilib.<\/p>\n","protected":false},"excerpt":{"rendered":"<p>Siy\u0259z\u0259n rayonunda restoranda k\u00fctl\u0259vi dava salmaqda ittiham olunan 1962-ci il t\u0259v\u0259ll\u00fcdl\u00fc Vaqif Babayevin cinay\u0259t i\u015fi \u00fczr\u0259 m\u0259hk\u0259m\u0259 prosesi ba\u015fa \u00e7at\u0131b. ARANTV.AZ publika.az-a istinad\u0259n\u00a0x\u0259b\u0259r verir ki, Vaqif Babayev 22 noyabr 2017-ci il tarixd\u0259, saat 14.30-da Nur\u0259li M\u0259mm\u0259dovun ad\u0131na r\u0259smil\u0259\u015fdirilmi\u015f Siy\u0259z\u0259n rayonu, Qara Siy\u0259z\u0259n k\u0259ndi \u0259razisind\u0259 yerl\u0259\u015f\u0259n &#8220;Qafqaz&#8221; restoran\u0131nda ictimai v\u0259 \u015f\u0259xsi m\u0259nafel\u0259r\u0259 \u0259h\u0259miyy\u0259tli z\u0259r\u0259r vurub. Restorana basq\u0131n O, bir qrup yax\u0131n qohumunun m\u00fc\u015fahid\u0259si il\u0259 restoran\u0131n i\u00e7\u0259risin\u0259 zorla daxil olaraq, h\u0259r birinin d\u0259y\u0259ri 250 manat olan m\u0259tb\u0259xin v\u0259 istirah\u0259t \u00fc\u00e7\u00fcn n\u0259z\u0259rd\u0259 tutulmu\u015f ota\u011f\u0131n 2 \u0259d\u0259d plastik qap\u0131lar\u0131n\u0131, &#8220;Qafqaz&#8221; \u015fadl\u0131q saray\u0131n\u0131n i\u00e7\u0259risind\u0259 yerl\u0259\u015f\u0259n&hellip;<\/p>\n","protected":false},"author":2,"featured_media":20298,"comment_status":"closed","ping_status":"closed","sticky":false,"template":"","format":"standard","meta":{"om_disable_all_campaigns":false,"_monsterinsights_skip_tracking":false,"_monsterinsights_sitenote_active":false,"_monsterinsights_sitenote_note":"","_monsterinsights_sitenote_category":0},"categories":[5],"tags":[],"aioseo_notices":[],"gutentor_comment":0,"rttpg_featured_image_url":{"full":["https:\/\/arantv.az\/wp-content\/uploads\/2018\/10\/dava_gece_klubu_000.jpg",482,361,false],"landscape":["https:\/\/arantv.az\/wp-content\/uploads\/2018\/10\/dava_gece_klubu_000.jpg",482,361,false],"portraits":["https:\/\/arantv.az\/wp-content\/uploads\/2018\/10\/dava_gece_klubu_000.jpg",482,361,false],"thumbnail":["https:\/\/arantv.az\/wp-content\/uploads\/2018\/10\/dava_gece_klubu_000-150x150.jpg",150,150,true],"medium":["https:\/\/arantv.az\/wp-content\/uploads\/2018\/10\/dava_gece_klubu_000-300x225.jpg",300,225,true],"large":["https:\/\/arantv.az\/wp-content\/uploads\/2018\/10\/dava_gece_klubu_000.jpg",482,361,false],"1536x1536":["https:\/\/arantv.az\/wp-content\/uploads\/2018\/10\/dava_gece_klubu_000.jpg",482,361,false],"2048x2048":["https:\/\/arantv.az\/wp-content\/uploads\/2018\/10\/dava_gece_klubu_000.jpg",482,361,false],"post-thumbnail":["https:\/\/arantv.az\/wp-content\/uploads\/2018\/10\/dava_gece_klubu_000-240x172.jpg",240,172,true],"advps-thumb-one":["https:\/\/arantv.az\/wp-content\/uploads\/2018\/10\/dava_gece_klubu_000.jpg",482,361,false]},"rttpg_author":{"display_name":"V\u00fcsal Rafiqo\u011flu","author_link":"https:\/\/arantv.az\/?author=2"},"rttpg_comment":0,"rttpg_category":"<a href=\"https:\/\/arantv.az\/?cat=5\" rel=\"category\">Hadis\u0259<\/a>","rttpg_excerpt":"Siy\u0259z\u0259n rayonunda restoranda k\u00fctl\u0259vi dava salmaqda ittiham olunan 1962-ci il t\u0259v\u0259ll\u00fcdl\u00fc Vaqif Babayevin cinay\u0259t i\u015fi \u00fczr\u0259 m\u0259hk\u0259m\u0259 prosesi ba\u015fa \u00e7at\u0131b. ARANTV.AZ publika.az-a istinad\u0259n\u00a0x\u0259b\u0259r verir ki, Vaqif Babayev 22 noyabr 2017-ci il tarixd\u0259, saat 14.30-da Nur\u0259li M\u0259mm\u0259dovun ad\u0131na r\u0259smil\u0259\u015fdirilmi\u015f Siy\u0259z\u0259n rayonu, Qara Siy\u0259z\u0259n k\u0259ndi \u0259razisind\u0259 yerl\u0259\u015f\u0259n &#8220;Qafqaz&#8221; restoran\u0131nda ictimai v\u0259 \u015f\u0259xsi m\u0259nafel\u0259r\u0259 \u0259h\u0259miyy\u0259tli z\u0259r\u0259r vurub. Restorana&hellip;","_links":{"self":[{"href":"https:\/\/arantv.az\/index.php?rest_route=\/wp\/v2\/posts\/20297"}],"collection":[{"href":"https:\/\/arantv.az\/index.php?rest_route=\/wp\/v2\/posts"}],"about":[{"href":"https:\/\/arantv.az\/index.php?rest_route=\/wp\/v2\/types\/post"}],"author":[{"embeddable":true,"href":"https:\/\/arantv.az\/index.php?rest_route=\/wp\/v2\/users\/2"}],"replies":[{"embeddable":true,"href":"https:\/\/arantv.az\/index.php?rest_route=%2Fwp%2Fv2%2Fcomments&post=20297"}],"version-history":[{"count":0,"href":"https:\/\/arantv.az\/index.php?rest_route=\/wp\/v2\/posts\/20297\/revisions"}],"wp:featuredmedia":[{"embeddable":true,"href":"https:\/\/arantv.az\/index.php?rest_route=\/wp\/v2\/media\/20298"}],"wp:attachment":[{"href":"https:\/\/arantv.az\/index.php?rest_route=%2Fwp%2Fv2%2Fmedia&parent=20297"}],"wp:term":[{"taxonomy":"category","embeddable":true,"href":"https:\/\/arantv.az\/index.php?rest_route=%2Fwp%2Fv2%2Fcategories&post=20297"},{"taxonomy":"post_tag","embeddable":true,"href":"https:\/\/arantv.az\/index.php?rest_route=%2Fwp%2Fv2%2Ftags&post=20297"}],"curies":[{"name":"wp","href":"https:\/\/api.w.org\/{rel}","templated":true}]}}