{"id":20316,"date":"2018-10-20T15:39:49","date_gmt":"2018-10-20T12:39:49","guid":{"rendered":"http:\/\/arantv.az\/?p=20316"},"modified":"2018-10-20T15:39:49","modified_gmt":"2018-10-20T12:39:49","slug":"%c9%99li-h%c9%99s%c9%99nov-h%c9%99r-bir-dovl%c9%99t-qonsu-dovl%c9%99tl%c9%99rl%c9%99-dialoq-aparmalidir","status":"publish","type":"post","link":"https:\/\/arantv.az\/?p=20316","title":{"rendered":"\u018fli H\u0259s\u0259nov: &#8220;H\u0259r bir d\u00f6vl\u0259t qon\u015fu d\u00f6vl\u0259tl\u0259rl\u0259 dialoq aparmal\u0131d\u0131r&#8221;"},"content":{"rendered":"<blockquote><p><em><strong>H\u0259r bir d\u00f6vl\u0259tin dialoqa olan m\u00fcnasib\u0259ti onun daxilind\u0259n ba\u015flay\u0131r.<\/strong><\/em><\/p><\/blockquote>\n<p><strong>ARANTV.AZ<\/strong> trend-\u0259 istinad\u0259n bildirir ki, bunu Az\u0259rbaycan Prezidentinin \u0130ctimai-siyasi m\u0259s\u0259l\u0259l\u0259r \u00fczr\u0259 k\u00f6m\u0259k\u00e7isi &#8211; \u015f\u00f6b\u0259 m\u00fcdiri \u018fli H\u0259s\u0259nov T\u00fcrkiy\u0259nin Kayseri \u015f\u0259h\u0259rinin Erciyez Universitetind\u0259 ke\u00e7iril\u0259n konfransda deyib.<\/p>\n<p>\u018fli H\u0259s\u0259nov bildirib ki, Az\u0259rbaycan multikultural d\u0259y\u0259rl\u0259ri \u00f6z d\u00f6vl\u0259t siyas\u0259timizin t\u0259m\u0259l prinsipl\u0259rind\u0259n, \u0259sas istiqam\u0259tl\u0259rind\u0259n biri kimi elan edib v\u0259 \u00f6lk\u0259d\u0259 az\u0259rbaycanl\u0131 olmayan h\u0259r k\u0259s\u0259 h\u00f6rm\u0259tl\u0259, sevgi il\u0259 yana\u015f\u0131r, ona \u00f6z xalq\u0131m\u0131za, mill\u0259timiz\u0259 b\u0259sl\u0259diyimiz m\u00fcnasib\u0259ti b\u0259sl\u0259yirik: &#8220;Nolsun ki, o ba\u015fqa din\u0259 sitayi\u015f edir, nolsun ki, onun dili, m\u0259d\u0259niyy\u0259ti v\u0259 dig\u0259r davran\u0131\u015f normalar\u0131 f\u0259rqlidir. Onlar Az\u0259rbaycan v\u0259t\u0259nda\u015f\u0131 olaraq bizim d\u00f6vl\u0259tin, bizim c\u0259miyy\u0259tin qanunlar\u0131n\u0131, davran\u0131\u015f normalar\u0131n\u0131 q\u0259bul edirs\u0259, ona h\u00f6rm\u0259tl\u0259 yana\u015fmaq bizim borcumuzdur&#8221;.<\/p>\n<p>\u015e\u00f6b\u0259 m\u00fcdirinin s\u00f6zl\u0259rin\u0259 g\u00f6r\u0259, bu g\u00fcn C\u0259nubi Qafqazda Az\u0259rbaycan bir regional rifah, bar\u0131\u015f v\u0259 siyas\u0259ti y\u00fcr\u00fcd\u00fcr: &#8220;\u018flb\u0259tt\u0259 burada m\u00fc\u0259yy\u0259n prinsipl\u0259r var, h\u0259r bir d\u00f6vl\u0259t ba\u015fqa d\u00f6vl\u0259tin haqlar\u0131na, milli haqlar\u0131na, ba\u015fqa d\u00f6vl\u0259tin \u0259razi b\u00fct\u00f6vl\u00fcy\u00fcn\u0259, d\u00f6vl\u0259tin atributlar\u0131na, iqtisadi maraqlar\u0131na, milli mentalitetin\u0259 h\u00f6rm\u0259tl\u0259 yana\u015fmal\u0131d\u0131r. \u0130st\u0259mirs\u0259ns\u0259 s\u0259nin mentalitetinin \u00fcst\u00fcn\u0259 g\u0259lsinl\u0259r, ba\u015fqa d\u00f6vl\u0259tin mentalitetinin \u00fcst\u00fcn\u0259 getm\u0259m\u0259li, ist\u0259mirs\u0259ns\u0259 s\u0259nin d\u00f6vl\u0259tinin \u0259razi b\u00fct\u00f6vl\u00fcy\u00fcn\u00fc pozsunlar, ba\u015fqa d\u00f6vl\u0259t\u0259 \u0259razi iddias\u0131 ir\u0259li s\u00fcrm\u0259m\u0259li, ist\u0259mirs\u0259n s\u0259nin t\u0259hl\u00fck\u0259sizliyini t\u0259hdid etsinl\u0259r, ba\u015fqa d\u00f6vl\u0259tin t\u0259hl\u00fck\u0259sizliyini g\u00f6z \u00f6n\u00fcn\u0259 almamal\u0131san. Y\u0259ni, h\u0259r bir d\u00f6vl\u0259t \u00f6z\u00fcn\u0259 r\u0259va g\u00f6rm\u0259diyini ba\u015fqa d\u00f6vl\u0259t\u0259 r\u0259va g\u00f6rm\u0259m\u0259lidir. D\u00fcnyada d\u00f6vl\u0259tl\u0259r aras\u0131 m\u00fcnasib\u0259tin bir \u015f\u0259rti var. Bu \u015f\u0259rt BMT-nin Nizamnam\u0259sind\u0259 \u00f6z \u0259ksini tap\u0131b. Ba\u015fqa d\u00f6vl\u0259tin daxili i\u015fin\u0259 qar\u0131\u015fmamaq, onun \u0259razi b\u00fct\u00f6vl\u00fcy\u00fcn\u0259 v\u0259 suveren h\u00fcquqlar\u0131na h\u00f6rm\u0259tl\u0259 yana\u015fmaq, m\u00fcbahis\u0259li m\u0259s\u0259l\u0259l\u0259ri m\u00fcharib\u0259 yolu il\u0259 deyil, dinc yollarla h\u0259ll etm\u0259k, d\u00f6vl\u0259tl\u0259raras\u0131 t\u0259r\u0259fda\u015fl\u0131q m\u00fcnasib\u0259tl\u0259ri yaratmaq, insan h\u00fcquqlar\u0131na \u0259m\u0259l etm\u0259k, insanlar\u0131n s\u0259rb\u0259st h\u0259r\u0259k\u0259ti, miqrasiya v\u0259 dig\u0259r m\u0259s\u0259l\u0259l\u0259r\u0259 \u015f\u0259rait yaratmaq. Amma beyn\u0259lxalq h\u00fcquq h\u0259m d\u0259 iki d\u00f6vl\u0259t aras\u0131nda v\u0259 bir ne\u00e7\u0259 d\u00f6vl\u0259t aras\u0131nda raz\u0131la\u015fd\u0131r\u0131lm\u0131\u015f \u015f\u0259rtl\u0259ri d\u0259 beyn\u0259lxalq h\u00fcquq say\u0131r. M\u0259s\u0259l\u0259n, Rusiya-Az\u0259rbaycan-T\u00fcrkiy\u0259 \u00fcmumi bir \u0259m\u0259kda\u015fl\u0131q platformas\u0131 yarad\u0131b v\u0259 kifay\u0259t q\u0259d\u0259r d\u0259 perspektiv olan platformad\u0131r. Rusiya-\u0130ran-Az\u0259rbaycan platformas\u0131 var, n\u0259qliyyat, kommunikasiya i\u015fl\u0259ri \u00fcz\u0259rind\u0259 qurulub, \u0130ran-T\u00fcrkiy\u0259-Az\u0259rbaycan platformas\u0131 var, Az\u0259rbaycan-G\u00fcrc\u00fcstan-T\u00fcrkiy\u0259 platformas\u0131 var, Az\u0259rbaycan-T\u00fcrkiy\u0259-G\u00fcrc\u00fcstan-T\u00fcrkm\u0259nistan platformas\u0131 var. Bunlar\u0131n h\u0259r biri regional dialoq platformas\u0131d\u0131r ki, d\u00f6vl\u0259tl\u0259r ist\u0259yini ortaya qoyub v\u0259 qar\u015f\u0131l\u0131ql\u0131 n\u00f6qt\u0259l\u0259r tap\u0131l\u0131b&#8221;.<\/p>\n<p>\u018fli H\u0259s\u0259nov qeyd edib ki, dialoq \u00fc\u00e7\u00fcn m\u00fctl\u0259q \u015f\u0259kild\u0259 qar\u015f\u0131l\u0131ql\u0131 n\u00f6qt\u0259l\u0259r tap\u0131lmal\u0131d\u0131r, qar\u015f\u0131l\u0131ql\u0131 \u015f\u0259rtl\u0259r ortaya qoyulmal\u0131d\u0131r: &#8220;G\u00f6t\u00fcr\u0259k hal-haz\u0131rda d\u00fcnyada b\u00fct\u00fcn beyn\u0259lxalq h\u00fcquq \u015f\u0259rtl\u0259rini a\u015faraq zorla qap\u0131m\u0131za g\u0259l\u0259n, qap\u0131m\u0131z\u0131 d\u00f6y\u0259n, bizim siyas\u0259timiz\u0259, sivil normalar\u0131m\u0131za t\u0259zyiq formas\u0131nda h\u0259yata ke\u00e7iril\u0259n enerji maraqlar\u0131na. B\u00fct\u00fcn d\u00fcnya bu g\u00fcn d\u00fcnyan\u0131n m\u00f6vcud enerji resurslar\u0131 u\u011frunda m\u00fcbariz\u0259 apar\u0131r. Enerji resurslar\u0131na yiy\u0259l\u0259nm\u0259k ist\u0259y\u0259n d\u00fcnyan\u0131n g\u00fccl\u00fc d\u00f6vl\u0259tl\u0259ri o enerji qaynaqlar\u0131n\u0131 daha \u0259lveri\u015fli \u015f\u0259rtl\u0259rl\u0259, daha ucuz qiym\u0259t\u0259 v\u0259 r\u0259qab\u0259td\u0259nk\u0259nar m\u00fchitd\u0259 \u0259l\u0259 ke\u00e7irib \u00f6z d\u00f6vl\u0259tinin maraqlar\u0131n\u0131 t\u0259min etm\u0259k ist\u0259yir. Ona sahib olmayan v\u0259 d\u00fcnyada yet\u0259rinc\u0259 g\u00fcc\u00fc olmayan dig\u0259r d\u00f6vl\u0259tl\u0259r ba\u015fqalar\u0131 il\u0259 ittifaqlar yaradaraq \u00f6z pay\u0131n\u0131 almaq ist\u0259yir&#8221;.<\/p>\n","protected":false},"excerpt":{"rendered":"<p>H\u0259r bir d\u00f6vl\u0259tin dialoqa olan m\u00fcnasib\u0259ti onun daxilind\u0259n ba\u015flay\u0131r. ARANTV.AZ trend-\u0259 istinad\u0259n bildirir ki, bunu Az\u0259rbaycan Prezidentinin \u0130ctimai-siyasi m\u0259s\u0259l\u0259l\u0259r \u00fczr\u0259 k\u00f6m\u0259k\u00e7isi &#8211; \u015f\u00f6b\u0259 m\u00fcdiri \u018fli H\u0259s\u0259nov T\u00fcrkiy\u0259nin Kayseri \u015f\u0259h\u0259rinin Erciyez Universitetind\u0259 ke\u00e7iril\u0259n konfransda deyib. \u018fli H\u0259s\u0259nov bildirib ki, Az\u0259rbaycan multikultural d\u0259y\u0259rl\u0259ri \u00f6z d\u00f6vl\u0259t siyas\u0259timizin t\u0259m\u0259l prinsipl\u0259rind\u0259n, \u0259sas istiqam\u0259tl\u0259rind\u0259n biri kimi elan edib v\u0259 \u00f6lk\u0259d\u0259 az\u0259rbaycanl\u0131 olmayan h\u0259r k\u0259s\u0259 h\u00f6rm\u0259tl\u0259, sevgi il\u0259 yana\u015f\u0131r, ona \u00f6z xalq\u0131m\u0131za, mill\u0259timiz\u0259 b\u0259sl\u0259diyimiz m\u00fcnasib\u0259ti b\u0259sl\u0259yirik: &#8220;Nolsun ki, o ba\u015fqa din\u0259 sitayi\u015f edir, nolsun ki, onun dili, m\u0259d\u0259niyy\u0259ti v\u0259 dig\u0259r davran\u0131\u015f normalar\u0131 f\u0259rqlidir. Onlar Az\u0259rbaycan v\u0259t\u0259nda\u015f\u0131 olaraq&hellip;<\/p>\n","protected":false},"author":2,"featured_media":20317,"comment_status":"closed","ping_status":"closed","sticky":false,"template":"","format":"standard","meta":{"om_disable_all_campaigns":false,"_monsterinsights_skip_tracking":false,"_monsterinsights_sitenote_active":false,"_monsterinsights_sitenote_note":"","_monsterinsights_sitenote_category":0},"categories":[4],"tags":[],"aioseo_notices":[],"gutentor_comment":0,"rttpg_featured_image_url":{"full":["https:\/\/arantv.az\/wp-content\/uploads\/2018\/10\/eli_hesenov.jpg",587,440,false],"landscape":["https:\/\/arantv.az\/wp-content\/uploads\/2018\/10\/eli_hesenov.jpg",587,440,false],"portraits":["https:\/\/arantv.az\/wp-content\/uploads\/2018\/10\/eli_hesenov.jpg",587,440,false],"thumbnail":["https:\/\/arantv.az\/wp-content\/uploads\/2018\/10\/eli_hesenov-150x150.jpg",150,150,true],"medium":["https:\/\/arantv.az\/wp-content\/uploads\/2018\/10\/eli_hesenov-300x225.jpg",300,225,true],"large":["https:\/\/arantv.az\/wp-content\/uploads\/2018\/10\/eli_hesenov.jpg",587,440,false],"1536x1536":["https:\/\/arantv.az\/wp-content\/uploads\/2018\/10\/eli_hesenov.jpg",587,440,false],"2048x2048":["https:\/\/arantv.az\/wp-content\/uploads\/2018\/10\/eli_hesenov.jpg",587,440,false],"post-thumbnail":["https:\/\/arantv.az\/wp-content\/uploads\/2018\/10\/eli_hesenov-240x172.jpg",240,172,true],"advps-thumb-one":["https:\/\/arantv.az\/wp-content\/uploads\/2018\/10\/eli_hesenov.jpg",587,440,false]},"rttpg_author":{"display_name":"V\u00fcsal Rafiqo\u011flu","author_link":"https:\/\/arantv.az\/?author=2"},"rttpg_comment":0,"rttpg_category":"<a href=\"https:\/\/arantv.az\/?cat=4\" rel=\"category\">Siyas\u0259t<\/a>","rttpg_excerpt":"H\u0259r bir d\u00f6vl\u0259tin dialoqa olan m\u00fcnasib\u0259ti onun daxilind\u0259n ba\u015flay\u0131r. ARANTV.AZ trend-\u0259 istinad\u0259n bildirir ki, bunu Az\u0259rbaycan Prezidentinin \u0130ctimai-siyasi m\u0259s\u0259l\u0259l\u0259r \u00fczr\u0259 k\u00f6m\u0259k\u00e7isi &#8211; \u015f\u00f6b\u0259 m\u00fcdiri \u018fli H\u0259s\u0259nov T\u00fcrkiy\u0259nin Kayseri \u015f\u0259h\u0259rinin Erciyez Universitetind\u0259 ke\u00e7iril\u0259n konfransda deyib. \u018fli H\u0259s\u0259nov bildirib ki, Az\u0259rbaycan multikultural d\u0259y\u0259rl\u0259ri \u00f6z d\u00f6vl\u0259t siyas\u0259timizin t\u0259m\u0259l prinsipl\u0259rind\u0259n, \u0259sas istiqam\u0259tl\u0259rind\u0259n biri kimi elan edib v\u0259 \u00f6lk\u0259d\u0259 az\u0259rbaycanl\u0131&hellip;","_links":{"self":[{"href":"https:\/\/arantv.az\/index.php?rest_route=\/wp\/v2\/posts\/20316"}],"collection":[{"href":"https:\/\/arantv.az\/index.php?rest_route=\/wp\/v2\/posts"}],"about":[{"href":"https:\/\/arantv.az\/index.php?rest_route=\/wp\/v2\/types\/post"}],"author":[{"embeddable":true,"href":"https:\/\/arantv.az\/index.php?rest_route=\/wp\/v2\/users\/2"}],"replies":[{"embeddable":true,"href":"https:\/\/arantv.az\/index.php?rest_route=%2Fwp%2Fv2%2Fcomments&post=20316"}],"version-history":[{"count":0,"href":"https:\/\/arantv.az\/index.php?rest_route=\/wp\/v2\/posts\/20316\/revisions"}],"wp:featuredmedia":[{"embeddable":true,"href":"https:\/\/arantv.az\/index.php?rest_route=\/wp\/v2\/media\/20317"}],"wp:attachment":[{"href":"https:\/\/arantv.az\/index.php?rest_route=%2Fwp%2Fv2%2Fmedia&parent=20316"}],"wp:term":[{"taxonomy":"category","embeddable":true,"href":"https:\/\/arantv.az\/index.php?rest_route=%2Fwp%2Fv2%2Fcategories&post=20316"},{"taxonomy":"post_tag","embeddable":true,"href":"https:\/\/arantv.az\/index.php?rest_route=%2Fwp%2Fv2%2Ftags&post=20316"}],"curies":[{"name":"wp","href":"https:\/\/api.w.org\/{rel}","templated":true}]}}